

{"id":8851,"date":"2022-11-05T21:35:28","date_gmt":"2022-11-06T00:35:28","guid":{"rendered":"https:\/\/www.policiacientifica.go.gov.br\/?p=8851"},"modified":"2022-11-05T21:35:28","modified_gmt":"2022-11-06T00:35:28","slug":"operacao-carne-fraca","status":"publish","type":"post","link":"https:\/\/goias.gov.br\/policiacientifica\/operacao-carne-fraca\/","title":{"rendered":"OPERA\u00c7\u00c3O CARNE FRACA"},"content":{"rendered":"<figure id=\"attachment_8847\" aria-describedby=\"caption-attachment-8847\" style=\"width: 816px\" class=\"wp-caption aligncenter\"><img fetchpriority=\"high\" decoding=\"async\" class=\"size-full wp-image-8847\" src=\"https:\/\/goias.gov.br\/policiacientifica\/wp-content\/uploads\/sites\/63\/2022\/11\/whatsapp-image-2022-11-05-at-20.41.19.jpeg\" alt=\"OPERA\u00c7\u00c3O CARNE FRACA\" width=\"816\" height=\"1020\" \/><figcaption id=\"caption-attachment-8847\" class=\"wp-caption-text\">OPERA\u00c7\u00c3O CARNE FRACA<\/figcaption><\/figure>\n<p>&nbsp;<\/p>\n<p>Nesta quinta-feira (03), a Pol\u00edcia Cient\u00edfica \u2013 por meio da Se\u00e7\u00e3o de Medicina Legal Veterin\u00e1ria (SEMEV) de seu Instituto de Criminal\u00edstica (ICLR\/SPTC) e de sua 9\u00aa Coord. Regional de Pol\u00edcia (9\u00aaCRPTC\u2013Ipor\u00e1) \u2013 participou da Opera\u00e7\u00e3o \u201cCarne Fraca\u201d, deflagrada pelo Grupo Especial de Repress\u00e3o a Narc\u00f3ticos (GENARC\u2013Ipor\u00e1) e pelo Ponto Focal Rural de Ipor\u00e1.<\/p>\n<p>Opera\u00e7\u00e3o que teve como prop\u00f3sito combater Furto de gado e a comercializa\u00e7\u00e3o de produtos impr\u00f3prios para o consumo na regi\u00e3o.<\/p>\n<p>Foram cumpridos dois Mandados de Busca e Apreens\u00e3o, expedidos em desfavor de investigado pela pr\u00e1tica do Crime de Furto de Semovente Domestic\u00e1vel de Produ\u00e7\u00e3o (art. 155, \u00a7 6\u00ba, CP\/1940).<\/p>\n<p>As investiga\u00e7\u00f5es apontaram ind\u00edcios de que um comerciante local, propriet\u00e1rio de um a\u00e7ougue, al\u00e9m de abater clandestinamente, possivelmente estaria envolvido em subtra\u00e7\u00f5es e recepta\u00e7\u00e3o de bovinos, os quais eram comercializados em seu estabelecimento.<\/p>\n<p>Sendo que no dia 03, no curso da Opera\u00e7\u00e3o \u2013 que contou ainda com a participa\u00e7\u00e3o do N\u00facleo de Vigil\u00e2ncia Sanit\u00e1ria e da Ag\u00eancia Goiana de Defesa Agropecu\u00e1ria (AGRODEFESA) \u2013 acabaram apreendidos 860 kg de carne (e de outros produtos de origem animal) impr\u00f3prios ao consumo.<\/p>\n<p>Como consequ\u00eancia, e ante a pr\u00e1tica do Crime previsto no art. 7\u00ba, inciso IX, da Lei Federal n. 8.137\/1990, a equipe policial deu voz de pris\u00e3o ao investigado e o conduziu \u00e0 Unidade Policial para a lavratura do Auto de Pris\u00e3o em Flagrante Delito.<\/p>\n<p>Al\u00e9m de equipe de Per\u00edcia Criminal da SEMEV\/ICLR, participou da Opera\u00e7\u00e3o, o Perito Criminal T\u00e1lisson Oliveira, lotado na 9\u00aaCRPTC\u2013Ipor\u00e1.<\/p>\n<p><img decoding=\"async\" class=\"alignnone size-medium wp-image-8846\" src=\"https:\/\/goias.gov.br\/policiacientifica\/wp-content\/uploads\/sites\/63\/2022\/11\/whatsapp-image-2022-11-05-at-20.35.36-176x220.jpeg\" alt=\"\" width=\"176\" height=\"220\" \/> <img decoding=\"async\" class=\"alignnone size-medium wp-image-8845\" src=\"https:\/\/goias.gov.br\/policiacientifica\/wp-content\/uploads\/sites\/63\/2022\/11\/whatsapp-image-2022-11-05-at-20.35.36-2-176x220.jpeg\" alt=\"\" width=\"176\" height=\"220\" \/> <img loading=\"lazy\" decoding=\"async\" class=\"alignnone size-medium wp-image-8844\" src=\"https:\/\/goias.gov.br\/policiacientifica\/wp-content\/uploads\/sites\/63\/2022\/11\/whatsapp-image-2022-11-05-at-20.35.36-1-176x220.jpeg\" alt=\"\" width=\"176\" height=\"220\" \/> <img loading=\"lazy\" decoding=\"async\" class=\"alignnone size-medium wp-image-8843\" src=\"https:\/\/goias.gov.br\/policiacientifica\/wp-content\/uploads\/sites\/63\/2022\/11\/whatsapp-image-2022-11-05-at-20.35.35-176x220.jpeg\" alt=\"\" width=\"176\" height=\"220\" \/><\/p>\n<p>&nbsp;<\/p>\n<p><strong>POL\u00cdCIA CIENT\u00cdFICA:<\/strong> ci\u00eancia a favor da verdade!<\/p>\n","protected":false},"excerpt":{"rendered":"<p>A Pol\u00edcia Cient\u00edfica participou da Opera\u00e7\u00e3o \u201cCarne Fraca\u201d, deflagrada pelo Grupo Especial de Repress\u00e3o a Narc\u00f3ticos e pelo Ponto Focal Rural de Ipor\u00e1.<\/p>\n","protected":false},"author":77,"featured_media":8847,"comment_status":"closed","ping_status":"closed","sticky":false,"template":"","format":"standard","meta":{"footnotes":""},"categories":[11,22,16],"tags":[591,652,722],"class_list":["post-8851","post","type-post","status-publish","format-standard","has-post-thumbnail","hentry","category-artigos","category-atuacao","category-galeria-de-fotos","tag-medicina-veterinaria","tag-operacao","tag-policia-cientifica"],"rttpg_featured_image_url":null,"rttpg_author":{"display_name":"barbaragodoy","author_link":"https:\/\/goias.gov.br\/policiacientifica\/author\/barbaragodoy\/"},"rttpg_comment":0,"rttpg_category":"<a href=\"https:\/\/goias.gov.br\/policiacientifica\/categoria\/artigos\/\" rel=\"category tag\">Artigos<\/a> <a href=\"https:\/\/goias.gov.br\/policiacientifica\/categoria\/noticias\/atuacao\/\" rel=\"category tag\">Atua\u00e7\u00e3o<\/a> <a href=\"https:\/\/goias.gov.br\/policiacientifica\/categoria\/galeria-de-fotos\/\" rel=\"category tag\">Galeria de Fotos<\/a>","rttpg_excerpt":"A Pol\u00edcia Cient\u00edfica participou da Opera\u00e7\u00e3o \u201cCarne Fraca\u201d, deflagrada pelo Grupo Especial de Repress\u00e3o a Narc\u00f3ticos e pelo Ponto Focal Rural de Ipor\u00e1.","_links":{"self":[{"href":"https:\/\/goias.gov.br\/policiacientifica\/wp-json\/wp\/v2\/posts\/8851","targetHints":{"allow":["GET"]}}],"collection":[{"href":"https:\/\/goias.gov.br\/policiacientifica\/wp-json\/wp\/v2\/posts"}],"about":[{"href":"https:\/\/goias.gov.br\/policiacientifica\/wp-json\/wp\/v2\/types\/post"}],"author":[{"embeddable":true,"href":"https:\/\/goias.gov.br\/policiacientifica\/wp-json\/wp\/v2\/users\/77"}],"replies":[{"embeddable":true,"href":"https:\/\/goias.gov.br\/policiacientifica\/wp-json\/wp\/v2\/comments?post=8851"}],"version-history":[{"count":0,"href":"https:\/\/goias.gov.br\/policiacientifica\/wp-json\/wp\/v2\/posts\/8851\/revisions"}],"wp:featuredmedia":[{"embeddable":true,"href":"https:\/\/goias.gov.br\/policiacientifica\/wp-json\/"}],"wp:attachment":[{"href":"https:\/\/goias.gov.br\/policiacientifica\/wp-json\/wp\/v2\/media?parent=8851"}],"wp:term":[{"taxonomy":"category","embeddable":true,"href":"https:\/\/goias.gov.br\/policiacientifica\/wp-json\/wp\/v2\/categories?post=8851"},{"taxonomy":"post_tag","embeddable":true,"href":"https:\/\/goias.gov.br\/policiacientifica\/wp-json\/wp\/v2\/tags?post=8851"}],"curies":[{"name":"wp","href":"https:\/\/api.w.org\/{rel}","templated":true}]}}