

{"id":8849,"date":"2022-11-05T21:32:44","date_gmt":"2022-11-06T00:32:44","guid":{"rendered":"https:\/\/www.policiacientifica.go.gov.br\/?p=8849"},"modified":"2022-11-05T21:32:44","modified_gmt":"2022-11-06T00:32:44","slug":"curso-de-inteligencia","status":"publish","type":"post","link":"https:\/\/goias.gov.br\/policiacientifica\/curso-de-inteligencia\/","title":{"rendered":"CURSO DE INTELIG\u00caNCIA"},"content":{"rendered":"<figure id=\"attachment_8841\" aria-describedby=\"caption-attachment-8841\" style=\"width: 1020px\" class=\"wp-caption aligncenter\"><img fetchpriority=\"high\" decoding=\"async\" class=\"size-full wp-image-8841\" src=\"https:\/\/goias.gov.br\/policiacientifica\/wp-content\/uploads\/sites\/63\/2022\/11\/whatsapp-image-2022-11-05-at-17.23.35-2.jpeg\" alt=\"CURSO DE INTELIG\u00caNCIA\" width=\"1020\" height=\"765\" \/><figcaption id=\"caption-attachment-8841\" class=\"wp-caption-text\">CURSO DE INTELIG\u00caNCIA<\/figcaption><\/figure>\n<p>&nbsp;<\/p>\n<p>Nesta sexta-feira (04), realizou-se no audit\u00f3rio da Pol\u00edcia Cient\u00edfica (SPTC), a aula inaugural do II Curso de Intelig\u00eancia Prisional (CIP), executado pela Pol\u00edcia Penal do Estado de Goi\u00e1s. A palestra de abertura foi ministrada pelo Diretor-Geral de Adm. Penitenci\u00e1ria, Policial Penal Josimar Pires. Presente, o Superintendente de Pol\u00edcia T\u00e9cnico-Cient\u00edfica, Dr. Marcos Egberto Brasil de Melo.<\/p>\n<p>O curso deve ter a dura\u00e7\u00e3o de 25 dias (210 h\/a), e conta com 21 integrantes das for\u00e7as policiais e de salvamento do Estado de Goi\u00e1s; sendo um da Pol\u00edcia T\u00e9cnico-Cient\u00edfica.<\/p>\n<p>\u201cA \u00e1rea da Intelig\u00eancia \u00e9 a menina dos olhos da Seguran\u00e7a P\u00fablica. N\u00e3o \u00e9 uma tarefa f\u00e1cil, mas a intelig\u00eancia sistem\u00e1tica est\u00e1 gerando resultados, colaborando com a seguran\u00e7a da popula\u00e7\u00e3o. O sucesso da Intelig\u00eancia \u00e9 o sucesso da Seguran\u00e7a P\u00fablica como um todo\u201d, afirma o Subsecret\u00e1rio de Seguran\u00e7a P\u00fablica, Delegado de Pol\u00edcia Deusny Aparecido Silva Filho.<\/p>\n<p>Os alunos v\u00e3o receber instru\u00e7\u00f5es em Goi\u00e1s e Estados como S\u00e3o Paulo e Rio de Janeiro, al\u00e9m do Distrito Federal.<\/p>\n<p>O tema da palestra do Diretor-Geral de Adm. Penitenci\u00e1ria, Policial Penal Josimar Pires, foi \u201cPol\u00edcia Penal: controle do c\u00e1rcere com Intelig\u00eancia\u201d. Ele comentou sobre as atividades da \u00e1rea durante a Opera\u00e7\u00e3o Kaizen \u2013 que contou com a participa\u00e7\u00e3o da Pol\u00edcia Cient\u00edfica \u2013 quando 1.133 detentos da Penitenci\u00e1ria Odenir Guimar\u00e3es (POG), em Aparecida de Goi\u00e2nia, foram transferidos para outras unidades prisionais sem nenhum percal\u00e7o, e demais procedimentos operacionais.<\/p>\n<p><img decoding=\"async\" class=\"alignnone size-medium wp-image-8842\" src=\"https:\/\/goias.gov.br\/policiacientifica\/wp-content\/uploads\/sites\/63\/2022\/11\/whatsapp-image-2022-11-05-at-17.23.35-220x165.jpeg\" alt=\"\" width=\"220\" height=\"165\" \/> <img decoding=\"async\" class=\"alignnone size-medium wp-image-8839\" src=\"https:\/\/goias.gov.br\/policiacientifica\/wp-content\/uploads\/sites\/63\/2022\/11\/whatsapp-image-2022-11-05-at-17.23.34-220x165.jpeg\" alt=\"\" width=\"220\" height=\"165\" \/> <img loading=\"lazy\" decoding=\"async\" class=\"alignnone size-medium wp-image-8840\" src=\"https:\/\/goias.gov.br\/policiacientifica\/wp-content\/uploads\/sites\/63\/2022\/11\/whatsapp-image-2022-11-05-at-17.23.35-1-220x165.jpeg\" alt=\"\" width=\"220\" height=\"165\" \/> <img loading=\"lazy\" decoding=\"async\" class=\"alignnone size-medium wp-image-8837\" src=\"https:\/\/goias.gov.br\/policiacientifica\/wp-content\/uploads\/sites\/63\/2022\/11\/whatsapp-image-2022-11-05-at-17.23.34-2-220x165.jpeg\" alt=\"\" width=\"220\" height=\"165\" \/> <img loading=\"lazy\" decoding=\"async\" class=\"alignnone size-medium wp-image-8838\" src=\"https:\/\/goias.gov.br\/policiacientifica\/wp-content\/uploads\/sites\/63\/2022\/11\/whatsapp-image-2022-11-05-at-17.23.34-3-220x165.jpeg\" alt=\"\" width=\"220\" height=\"165\" \/> <img loading=\"lazy\" decoding=\"async\" class=\"alignnone size-medium wp-image-8836\" src=\"https:\/\/goias.gov.br\/policiacientifica\/wp-content\/uploads\/sites\/63\/2022\/11\/whatsapp-image-2022-11-05-at-17.23.34-1-220x165.jpeg\" alt=\"\" width=\"220\" height=\"165\" \/><\/p>\n<p>&nbsp;<\/p>\n<p><strong>POL\u00cdCIA CIENT\u00cdFICA:<\/strong> ci\u00eancia a favor da verdade!<\/p>\n","protected":false},"excerpt":{"rendered":"<p>Realizou-se a aula inaugural do II Curso de Intelig\u00eancia Prisional (CIP), executado pela Pol\u00edcia Penal do Estado de Goi\u00e1s, no audit\u00f3rio da Pol\u00edcia Cient\u00edfica.<\/p>\n","protected":false},"author":77,"featured_media":8841,"comment_status":"closed","ping_status":"closed","sticky":false,"template":"","format":"standard","meta":{"footnotes":""},"categories":[10,11,34,35,16],"tags":[300,722],"class_list":["post-8849","post","type-post","status-publish","format-standard","has-post-thumbnail","hentry","category-agenda-da-sptc","category-artigos","category-cursos","category-eventos","category-galeria-de-fotos","tag-curso-de-inteligencia","tag-policia-cientifica"],"rttpg_featured_image_url":null,"rttpg_author":{"display_name":"barbaragodoy","author_link":"https:\/\/goias.gov.br\/policiacientifica\/author\/barbaragodoy\/"},"rttpg_comment":0,"rttpg_category":"<a href=\"https:\/\/goias.gov.br\/policiacientifica\/categoria\/agenda-da-sptc\/\" rel=\"category tag\">Agenda da SPTC<\/a> <a href=\"https:\/\/goias.gov.br\/policiacientifica\/categoria\/artigos\/\" rel=\"category tag\">Artigos<\/a> <a href=\"https:\/\/goias.gov.br\/policiacientifica\/categoria\/noticias\/cursos\/\" rel=\"category tag\">Cursos<\/a> <a href=\"https:\/\/goias.gov.br\/policiacientifica\/categoria\/noticias\/eventos\/\" rel=\"category tag\">Eventos<\/a> <a href=\"https:\/\/goias.gov.br\/policiacientifica\/categoria\/galeria-de-fotos\/\" rel=\"category tag\">Galeria de Fotos<\/a>","rttpg_excerpt":"Realizou-se a aula inaugural do II Curso de Intelig\u00eancia Prisional (CIP), executado pela Pol\u00edcia Penal do Estado de Goi\u00e1s, no audit\u00f3rio da Pol\u00edcia Cient\u00edfica.","_links":{"self":[{"href":"https:\/\/goias.gov.br\/policiacientifica\/wp-json\/wp\/v2\/posts\/8849","targetHints":{"allow":["GET"]}}],"collection":[{"href":"https:\/\/goias.gov.br\/policiacientifica\/wp-json\/wp\/v2\/posts"}],"about":[{"href":"https:\/\/goias.gov.br\/policiacientifica\/wp-json\/wp\/v2\/types\/post"}],"author":[{"embeddable":true,"href":"https:\/\/goias.gov.br\/policiacientifica\/wp-json\/wp\/v2\/users\/77"}],"replies":[{"embeddable":true,"href":"https:\/\/goias.gov.br\/policiacientifica\/wp-json\/wp\/v2\/comments?post=8849"}],"version-history":[{"count":0,"href":"https:\/\/goias.gov.br\/policiacientifica\/wp-json\/wp\/v2\/posts\/8849\/revisions"}],"wp:featuredmedia":[{"embeddable":true,"href":"https:\/\/goias.gov.br\/policiacientifica\/wp-json\/"}],"wp:attachment":[{"href":"https:\/\/goias.gov.br\/policiacientifica\/wp-json\/wp\/v2\/media?parent=8849"}],"wp:term":[{"taxonomy":"category","embeddable":true,"href":"https:\/\/goias.gov.br\/policiacientifica\/wp-json\/wp\/v2\/categories?post=8849"},{"taxonomy":"post_tag","embeddable":true,"href":"https:\/\/goias.gov.br\/policiacientifica\/wp-json\/wp\/v2\/tags?post=8849"}],"curies":[{"name":"wp","href":"https:\/\/api.w.org\/{rel}","templated":true}]}}