

{"id":8827,"date":"2022-11-04T09:50:09","date_gmt":"2022-11-04T12:50:09","guid":{"rendered":"https:\/\/www.policiacientifica.go.gov.br\/?p=8827"},"modified":"2022-11-04T09:50:09","modified_gmt":"2022-11-04T12:50:09","slug":"profissoes","status":"publish","type":"post","link":"https:\/\/goias.gov.br\/policiacientifica\/profissoes\/","title":{"rendered":"PROFISS\u00d5ES"},"content":{"rendered":"<figure id=\"attachment_8831\" aria-describedby=\"caption-attachment-8831\" style=\"width: 1020px\" class=\"wp-caption aligncenter\"><img fetchpriority=\"high\" decoding=\"async\" class=\"size-full wp-image-8831\" src=\"https:\/\/goias.gov.br\/policiacientifica\/wp-content\/uploads\/sites\/63\/2022\/11\/whatsapp-image-2022-11-04-at-08.57.19.jpeg\" alt=\"PROFISS\u00d5ES\" width=\"1020\" height=\"765\" \/><figcaption id=\"caption-attachment-8831\" class=\"wp-caption-text\">PROFISS\u00d5ES<\/figcaption><\/figure>\n<p>Nesta quinta-feira (03), a Pol\u00edcia Cient\u00edfica do Estado de Goi\u00e1s \u2013 por meio de sua 5\u00aa Coordena\u00e7\u00e3o Regional de Pol\u00edcia (5\u00aaCRPTC\u2013Rio Verde) \u2013 procedeu a palestra sobre as carreiras da \u00e1rea de Per\u00edcia Criminal, direcionada a alunos do 3\u00ba ano do Ensino M\u00e9dio do Col\u00e9gio estadual Eurico Veloso, localizado em Rio Verde. Palestra essa inserida em projeto educacional que tem como prop\u00f3sito, despertar nos alunos, o interesse nas mais diversas profiss\u00f5es.<\/p>\n<p>Ministrou a palestra, o Perito Criminal Paulo Lima, lotado na 5\u00aaCRPTC\u2013Rio Verde.<\/p>\n<p><img decoding=\"async\" class=\"alignnone size-medium wp-image-8830\" src=\"https:\/\/goias.gov.br\/policiacientifica\/wp-content\/uploads\/sites\/63\/2022\/11\/whatsapp-image-2022-11-04-at-08.57.18-220x165.jpeg\" alt=\"\" width=\"220\" height=\"165\" \/> <img decoding=\"async\" class=\"alignnone size-medium wp-image-8829\" src=\"https:\/\/goias.gov.br\/policiacientifica\/wp-content\/uploads\/sites\/63\/2022\/11\/whatsapp-image-2022-11-04-at-08.57.18-2-220x165.jpeg\" alt=\"\" width=\"220\" height=\"165\" \/> <img loading=\"lazy\" decoding=\"async\" class=\"alignnone size-medium wp-image-8828\" src=\"https:\/\/goias.gov.br\/policiacientifica\/wp-content\/uploads\/sites\/63\/2022\/11\/whatsapp-image-2022-11-04-at-08.57.18-1-220x165.jpeg\" alt=\"\" width=\"220\" height=\"165\" \/><\/p>\n<p>&nbsp;<\/p>\n<p><strong>POL\u00cdCIA CIENT\u00cdFICA:<\/strong> ci\u00eancia a favor da verdade!<\/p>\n","protected":false},"excerpt":{"rendered":"<p>A Pol\u00edcia Cient\u00edfica do Estado de Goi\u00e1s procedeu a palestra sobre as carreiras da \u00e1rea de Per\u00edcia Criminal, direcionada a alunos do 3\u00ba ano do Ensino M\u00e9dio.<\/p>\n","protected":false},"author":77,"featured_media":8831,"comment_status":"closed","ping_status":"closed","sticky":false,"template":"","format":"standard","meta":{"footnotes":""},"categories":[11,34,15,35,16],"tags":[722,757],"class_list":["post-8827","post","type-post","status-publish","format-standard","has-post-thumbnail","hentry","category-artigos","category-cursos","category-ensino","category-eventos","category-galeria-de-fotos","tag-policia-cientifica","tag-profissoes"],"rttpg_featured_image_url":null,"rttpg_author":{"display_name":"barbaragodoy","author_link":"https:\/\/goias.gov.br\/policiacientifica\/author\/barbaragodoy\/"},"rttpg_comment":0,"rttpg_category":"<a href=\"https:\/\/goias.gov.br\/policiacientifica\/categoria\/artigos\/\" rel=\"category tag\">Artigos<\/a> <a href=\"https:\/\/goias.gov.br\/policiacientifica\/categoria\/noticias\/cursos\/\" rel=\"category tag\">Cursos<\/a> <a href=\"https:\/\/goias.gov.br\/policiacientifica\/categoria\/ensino\/\" rel=\"category tag\">Ensino<\/a> <a href=\"https:\/\/goias.gov.br\/policiacientifica\/categoria\/noticias\/eventos\/\" rel=\"category tag\">Eventos<\/a> <a href=\"https:\/\/goias.gov.br\/policiacientifica\/categoria\/galeria-de-fotos\/\" rel=\"category tag\">Galeria de Fotos<\/a>","rttpg_excerpt":"A Pol\u00edcia Cient\u00edfica do Estado de Goi\u00e1s procedeu a palestra sobre as carreiras da \u00e1rea de Per\u00edcia Criminal, direcionada a alunos do 3\u00ba ano do Ensino M\u00e9dio.","_links":{"self":[{"href":"https:\/\/goias.gov.br\/policiacientifica\/wp-json\/wp\/v2\/posts\/8827","targetHints":{"allow":["GET"]}}],"collection":[{"href":"https:\/\/goias.gov.br\/policiacientifica\/wp-json\/wp\/v2\/posts"}],"about":[{"href":"https:\/\/goias.gov.br\/policiacientifica\/wp-json\/wp\/v2\/types\/post"}],"author":[{"embeddable":true,"href":"https:\/\/goias.gov.br\/policiacientifica\/wp-json\/wp\/v2\/users\/77"}],"replies":[{"embeddable":true,"href":"https:\/\/goias.gov.br\/policiacientifica\/wp-json\/wp\/v2\/comments?post=8827"}],"version-history":[{"count":0,"href":"https:\/\/goias.gov.br\/policiacientifica\/wp-json\/wp\/v2\/posts\/8827\/revisions"}],"wp:featuredmedia":[{"embeddable":true,"href":"https:\/\/goias.gov.br\/policiacientifica\/wp-json\/"}],"wp:attachment":[{"href":"https:\/\/goias.gov.br\/policiacientifica\/wp-json\/wp\/v2\/media?parent=8827"}],"wp:term":[{"taxonomy":"category","embeddable":true,"href":"https:\/\/goias.gov.br\/policiacientifica\/wp-json\/wp\/v2\/categories?post=8827"},{"taxonomy":"post_tag","embeddable":true,"href":"https:\/\/goias.gov.br\/policiacientifica\/wp-json\/wp\/v2\/tags?post=8827"}],"curies":[{"name":"wp","href":"https:\/\/api.w.org\/{rel}","templated":true}]}}