

{"id":8383,"date":"2022-08-25T17:42:09","date_gmt":"2022-08-25T20:42:09","guid":{"rendered":"https:\/\/www.policiacientifica.go.gov.br\/?p=8383"},"modified":"2022-08-25T17:42:09","modified_gmt":"2022-08-25T20:42:09","slug":"mestrado-profissional-sptc","status":"publish","type":"post","link":"https:\/\/goias.gov.br\/policiacientifica\/mestrado-profissional-sptc\/","title":{"rendered":"Mestrado Profissional \u2013 SPTC"},"content":{"rendered":"<figure id=\"attachment_8384\" aria-describedby=\"caption-attachment-8384\" style=\"width: 1020px\" class=\"wp-caption aligncenter\"><img fetchpriority=\"high\" decoding=\"async\" class=\"size-full wp-image-8384\" src=\"https:\/\/goias.gov.br\/policiacientifica\/wp-content\/uploads\/sites\/63\/2022\/08\/whatsapp-image-2022-08-25-at-17.28.31.jpeg\" alt=\"Mestrado Profissional \u2013 SPTC\" width=\"1020\" height=\"1020\" \/><figcaption id=\"caption-attachment-8384\" class=\"wp-caption-text\">Mestrado Profissional \u2013 SPTC<\/figcaption><\/figure>\n<p>&nbsp;<\/p>\n<p>Nesta quarta-feira (24), iniciaram-se as aulas do Programa de P\u00f3s-Gradua\u00e7\u00e3o em Engenharia de Produ\u00e7\u00e3o (PPGEP) \u2013 Mestrado Profissional da Pol\u00edcia Cient\u00edfica do Estado de Goi\u00e1s; resultado do conv\u00eanio firmado entre a Secretaria de Estado de Seguran\u00e7a P\u00fablica (SSP-GO) e a Faculdade de Ci\u00eancias e Tecnologia (FCT) da Universidade Federal de Goi\u00e1s (UFG).<\/p>\n<p>O Mestrado tem como foco a Gest\u00e3o Estrat\u00e9gica e Operacional da Produ\u00e7\u00e3o, com vistas a promover os conceitos mais modernos e as tecnologias mais avan\u00e7adas; e, ainda, a conduzir os alunos a aplicar as solu\u00e7\u00f5es tecnol\u00f3gicas e de gest\u00e3o que melhor atendam \u00e0s demandas de suas respectivas for\u00e7as policiais e de salvamento.<\/p>\n<p>O Programa conta com as seguintes linhas de pesquisa: \u201cGerenciamento de Sistemas Produtivos\u201d; e \u201cTecnologias em Processos e Produtos\u201d.<\/p>\n<p>Foram aprovados para a P\u00f3s-Gradua\u00e7\u00e3o, que ter\u00e1 a dura\u00e7\u00e3o de 18 meses, integrantes das Pol\u00edcias Militar (PM-GO), Penal (PP-GO), T\u00e9cnico-Cient\u00edfica (SPTC) e do Corpo de Bombeiros Militar (CBM-GO).<br \/>\nAbaixo, a lista final de aprovados:<\/p>\n<p><strong>Pol\u00edcia Cient\u00edfica<\/strong><br \/>\nM\u00e9dico Legista Marcos Egberto Brasil de Melo<br \/>\nPerito Criminal Tales Garcia Fernandes<br \/>\nPerito Criminal Diego Andr\u00e9 Mota da Silva<br \/>\nPerita Criminal K\u00e1rita Fortes Ribeiro de Alc\u00e2ntara<br \/>\nPerito Criminal Wagner Barcellos da Silva<br \/>\nPerita Criminal Tha\u00eds de Sousa Ruas<br \/>\nPerita Criminal Dayane de C\u00e1ssia Galv\u00e3o<br \/>\nPerita Criminal Fernanda Marcelino da Silva<br \/>\nPerita Criminal Katiany Rossi Lucas<br \/>\nPerita Criminal Francyelle Pereira e Silva Umbelino<br \/>\nPerito Criminal Tarcizio Rocha Valentim<br \/>\nPerito Criminal Murilo Toscano de Carvalho<br \/>\nPerita Criminal Hesther de Macedo Bousquet<br \/>\nPerita Criminal Ludmilla Carolina Pereira<br \/>\nPerito Criminal Jo\u00e3o Victor Magalh\u00e3es Franco e Silva<\/p>\n<p><strong>Corpo de Bombeiros Militar<\/strong><br \/>\nCapit\u00e3o QOC Luiz Fernando Pereira do Nascimento<\/p>\n<p><strong>Pol\u00edcia Penal<\/strong><br \/>\nPolicial Penal Josimar Pires Nicolau do Nascimento<\/p>\n<p><strong>Pol\u00edcia Militar<\/strong><br \/>\nMajor QOPM Douglas Freire Santana<\/p>\n<p><strong>POL\u00cdCIA CIENT\u00cdFICA:<\/strong> ci\u00eancia a favor da verdade!<\/p>\n","protected":false},"excerpt":{"rendered":"<p>Iniciaram-se as aulas do Programa de P\u00f3s-Gradua\u00e7\u00e3o em Engenharia de Produ\u00e7\u00e3o (PPGEP) \u2013 Mestrado Profissional da Pol\u00edcia Cient\u00edfica do Estado de Goi\u00e1s; resultado do conv\u00eanio firmado entre a Secretaria de Estado de Seguran\u00e7a P\u00fablica (SSP-GO) e a Faculdade de Ci\u00eancias e Tecnologia (FCT) da Universidade Federal de Goi\u00e1s (UFG).<\/p>\n","protected":false},"author":77,"featured_media":8384,"comment_status":"closed","ping_status":"closed","sticky":false,"template":"","format":"standard","meta":{"footnotes":""},"categories":[11,34,15,16],"tags":[601,722,895],"class_list":["post-8383","post","type-post","status-publish","format-standard","has-post-thumbnail","hentry","category-artigos","category-cursos","category-ensino","category-galeria-de-fotos","tag-mestrado-profissional","tag-policia-cientifica","tag-ufg"],"rttpg_featured_image_url":null,"rttpg_author":{"display_name":"barbaragodoy","author_link":"https:\/\/goias.gov.br\/policiacientifica\/author\/barbaragodoy\/"},"rttpg_comment":0,"rttpg_category":"<a href=\"https:\/\/goias.gov.br\/policiacientifica\/categoria\/artigos\/\" rel=\"category tag\">Artigos<\/a> <a href=\"https:\/\/goias.gov.br\/policiacientifica\/categoria\/noticias\/cursos\/\" rel=\"category tag\">Cursos<\/a> <a href=\"https:\/\/goias.gov.br\/policiacientifica\/categoria\/ensino\/\" rel=\"category tag\">Ensino<\/a> <a href=\"https:\/\/goias.gov.br\/policiacientifica\/categoria\/galeria-de-fotos\/\" rel=\"category tag\">Galeria de Fotos<\/a>","rttpg_excerpt":"Iniciaram-se as aulas do Programa de P\u00f3s-Gradua\u00e7\u00e3o em Engenharia de Produ\u00e7\u00e3o (PPGEP) \u2013 Mestrado Profissional da Pol\u00edcia Cient\u00edfica do Estado de Goi\u00e1s; resultado do conv\u00eanio firmado entre a Secretaria de Estado de Seguran\u00e7a P\u00fablica (SSP-GO) e a Faculdade de Ci\u00eancias e Tecnologia (FCT) da Universidade Federal de Goi\u00e1s (UFG).","_links":{"self":[{"href":"https:\/\/goias.gov.br\/policiacientifica\/wp-json\/wp\/v2\/posts\/8383","targetHints":{"allow":["GET"]}}],"collection":[{"href":"https:\/\/goias.gov.br\/policiacientifica\/wp-json\/wp\/v2\/posts"}],"about":[{"href":"https:\/\/goias.gov.br\/policiacientifica\/wp-json\/wp\/v2\/types\/post"}],"author":[{"embeddable":true,"href":"https:\/\/goias.gov.br\/policiacientifica\/wp-json\/wp\/v2\/users\/77"}],"replies":[{"embeddable":true,"href":"https:\/\/goias.gov.br\/policiacientifica\/wp-json\/wp\/v2\/comments?post=8383"}],"version-history":[{"count":0,"href":"https:\/\/goias.gov.br\/policiacientifica\/wp-json\/wp\/v2\/posts\/8383\/revisions"}],"wp:featuredmedia":[{"embeddable":true,"href":"https:\/\/goias.gov.br\/policiacientifica\/wp-json\/"}],"wp:attachment":[{"href":"https:\/\/goias.gov.br\/policiacientifica\/wp-json\/wp\/v2\/media?parent=8383"}],"wp:term":[{"taxonomy":"category","embeddable":true,"href":"https:\/\/goias.gov.br\/policiacientifica\/wp-json\/wp\/v2\/categories?post=8383"},{"taxonomy":"post_tag","embeddable":true,"href":"https:\/\/goias.gov.br\/policiacientifica\/wp-json\/wp\/v2\/tags?post=8383"}],"curies":[{"name":"wp","href":"https:\/\/api.w.org\/{rel}","templated":true}]}}