

{"id":4905,"date":"2017-11-08T16:18:27","date_gmt":"2017-11-08T18:18:27","guid":{"rendered":"http:\/\/www.policiacientifica.go.gov.br\/?p=4905"},"modified":"2017-11-08T16:18:27","modified_gmt":"2017-11-08T18:18:27","slug":"nucleo-de-aparecida-comemora-1-ano-de-funcionamento","status":"publish","type":"post","link":"https:\/\/goias.gov.br\/policiacientifica\/nucleo-de-aparecida-comemora-1-ano-de-funcionamento\/","title":{"rendered":"N\u00facleo de Aparecida comemora 1 ano de funcionamento"},"content":{"rendered":"<p>O N\u00facleo Regional de Pol\u00edcia T\u00e9cnico-Cient\u00edfica de Aparecida de Goi\u00e2nia completou neste dia 07\/11\/2017 seu primeiro ano de funcionamento.<\/p>\n<p>A ocasi\u00e3o foi celebrada com a realiza\u00e7\u00e3o de um culto ecum\u00eanico em sua sede, que contou com a presen\u00e7a da Superintendente da Pol\u00edcia T\u00e9cnico-Cient\u00edfica, Dra Rejane Sena da Silva Barcelos, deputado Marl\u00facio Pereira e servidores da Superintend\u00eancia.<\/p>\n<p>Palestraram no evento a ministra da eucaristia, Maria de Lourdes Aires Ramos, o Coronel C\u00e9lio, representante esp\u00edrita e o pastor evang\u00e9lico F\u00e1bio Lucas.<br \/>\nO evento contou ainda com a apresenta\u00e7\u00e3o musical do instrumentista Edinho do sax.<\/p>\n<p>O bolo, coberto com pasta americana e com decora\u00e7\u00e3o t\u00edpica dos servi\u00e7os realizados pela pol\u00edcia t\u00e9cnico-cient\u00edfica, foi uma atra\u00e7\u00e3o \u00e0 parte.<\/p>\n<p><img fetchpriority=\"high\" decoding=\"async\" class=\"alignleft wp-image-4907\" src=\"http:\/\/goias.gov.br\/policiacientifica\/wp-content\/uploads\/sites\/63\/2017\/11\/Palavra-da-Rejane-2-melhor-220x123.jpeg\" alt=\"Palavra da Rejane 2 - melhor\" width=\"424\" height=\"237\" \/><\/p>\n<p>&nbsp;<\/p>\n<p>&nbsp;<\/p>\n<p>&nbsp;<\/p>\n<p>&nbsp;<\/p>\n<p><img decoding=\"async\" class=\" wp-image-4908 alignnone\" src=\"http:\/\/goias.gov.br\/policiacientifica\/wp-content\/uploads\/sites\/63\/2017\/11\/geral-1-220x123.jpeg\" alt=\"geral 1\" width=\"427\" height=\"239\" \/><\/p>\n<p><img decoding=\"async\" class=\"alignleft wp-image-4909\" src=\"http:\/\/goias.gov.br\/policiacientifica\/wp-content\/uploads\/sites\/63\/2017\/11\/bolo-1-220x123.jpeg\" alt=\"bolo\" width=\"426\" height=\"238\" \/><\/p>\n<p>&nbsp;<\/p>\n<p>&nbsp;<\/p>\n<p>&nbsp;<\/p>\n<p><img loading=\"lazy\" decoding=\"async\" class=\" wp-image-4910 alignleft\" src=\"http:\/\/goias.gov.br\/policiacientifica\/wp-content\/uploads\/sites\/63\/2017\/11\/sax-124x220.jpeg\" alt=\"sax\" width=\"282\" height=\"500\" \/><\/p>\n<p>&nbsp;<\/p>\n<p>&nbsp;<\/p>\n<p>&nbsp;<\/p>\n<p>&nbsp;<\/p>\n<p>&nbsp;<\/p>\n<p>&nbsp;<\/p>\n<p>&nbsp;<\/p>\n<p>&nbsp;<\/p>\n<p>&nbsp;<\/p>\n<p>&nbsp;<\/p>\n<p>&nbsp;<\/p>\n<p>&nbsp;<\/p>\n<p>&nbsp;<\/p>\n<p>&nbsp;<\/p>\n<p>&nbsp;<\/p>\n<p>&nbsp;<\/p>\n<p>&nbsp;<\/p>\n<p>&nbsp;<\/p>\n","protected":false},"excerpt":{"rendered":"<p>O N\u00facleo Regional de Pol\u00edcia T\u00e9cnico-Cient\u00edfica de Aparecida de Goi\u00e2nia completou neste dia 07\/11\/2017 seu primeiro ano de funcionamento. A ocasi\u00e3o foi celebrada com a realiza\u00e7\u00e3o de um culto ecum\u00eanico em sua sede, que contou com a presen\u00e7a da Superintendente da Pol\u00edcia T\u00e9cnico-Cient\u00edfica, Dra Rejane Sena da Silva Barcelos, deputado Marl\u00facio Pereira e servidores da [&hellip;]<\/p>\n","protected":false},"author":77,"featured_media":4906,"comment_status":"closed","ping_status":"closed","sticky":false,"template":"","format":"standard","meta":{"footnotes":""},"categories":[3],"tags":[120,245,446],"class_list":["post-4905","post","type-post","status-publish","format-standard","has-post-thumbnail","hentry","category-noticias","tag-aparecida-de-goiania","tag-comemoracao","tag-funcionamento"],"rttpg_featured_image_url":null,"rttpg_author":{"display_name":"barbaragodoy","author_link":"https:\/\/goias.gov.br\/policiacientifica\/author\/barbaragodoy\/"},"rttpg_comment":0,"rttpg_category":"<a href=\"https:\/\/goias.gov.br\/policiacientifica\/categoria\/noticias\/\" rel=\"category tag\">Not\u00edcias<\/a>","rttpg_excerpt":"O N\u00facleo Regional de Pol\u00edcia T\u00e9cnico-Cient\u00edfica de Aparecida de Goi\u00e2nia completou neste dia 07\/11\/2017 seu primeiro ano de funcionamento. A ocasi\u00e3o foi celebrada com a realiza\u00e7\u00e3o de um culto ecum\u00eanico em sua sede, que contou com a presen\u00e7a da Superintendente da Pol\u00edcia T\u00e9cnico-Cient\u00edfica, Dra Rejane Sena da Silva Barcelos, deputado Marl\u00facio Pereira e servidores da&hellip;","_links":{"self":[{"href":"https:\/\/goias.gov.br\/policiacientifica\/wp-json\/wp\/v2\/posts\/4905","targetHints":{"allow":["GET"]}}],"collection":[{"href":"https:\/\/goias.gov.br\/policiacientifica\/wp-json\/wp\/v2\/posts"}],"about":[{"href":"https:\/\/goias.gov.br\/policiacientifica\/wp-json\/wp\/v2\/types\/post"}],"author":[{"embeddable":true,"href":"https:\/\/goias.gov.br\/policiacientifica\/wp-json\/wp\/v2\/users\/77"}],"replies":[{"embeddable":true,"href":"https:\/\/goias.gov.br\/policiacientifica\/wp-json\/wp\/v2\/comments?post=4905"}],"version-history":[{"count":0,"href":"https:\/\/goias.gov.br\/policiacientifica\/wp-json\/wp\/v2\/posts\/4905\/revisions"}],"wp:featuredmedia":[{"embeddable":true,"href":"https:\/\/goias.gov.br\/policiacientifica\/wp-json\/"}],"wp:attachment":[{"href":"https:\/\/goias.gov.br\/policiacientifica\/wp-json\/wp\/v2\/media?parent=4905"}],"wp:term":[{"taxonomy":"category","embeddable":true,"href":"https:\/\/goias.gov.br\/policiacientifica\/wp-json\/wp\/v2\/categories?post=4905"},{"taxonomy":"post_tag","embeddable":true,"href":"https:\/\/goias.gov.br\/policiacientifica\/wp-json\/wp\/v2\/tags?post=4905"}],"curies":[{"name":"wp","href":"https:\/\/api.w.org\/{rel}","templated":true}]}}