

{"id":4870,"date":"2017-10-30T14:20:25","date_gmt":"2017-10-30T16:20:25","guid":{"rendered":"http:\/\/www.policiacientifica.go.gov.br\/?p=4870"},"modified":"2017-10-30T14:20:25","modified_gmt":"2017-10-30T16:20:25","slug":"ptc-participa-de-acao-na-feira-da-marreta","status":"publish","type":"post","link":"https:\/\/goias.gov.br\/policiacientifica\/ptc-participa-de-acao-na-feira-da-marreta\/","title":{"rendered":"PTC participa de a\u00e7\u00e3o na Feira da Marreta"},"content":{"rendered":"<p>A Pol\u00edcia T\u00e9cnico-Cient\u00edfica esteve presente na opera\u00e7\u00e3o integrada, realizada ontem (29.10), na Feira da Marreta, em Goi\u00e2nia, por meio do trabalho do <strong>perito criminal Rog\u00e9rio Reis de Amorim<\/strong>, da <strong>Identifica\u00e7\u00e3o Veicular<\/strong> do Instituto de Criminal\u00edstica Leonardo Rodrigues (ICLR).<\/p>\n<p>A a\u00e7\u00e3o teve o objetivo de combater\u00a0a venda de <strong>produtos roubados<\/strong>, furtados, <strong>ve\u00edculos irregulares<\/strong>, <strong>armas<\/strong>, rem\u00e9dios falsificados e abortivos, al\u00e9m de buscar <strong>foragidos da justi\u00e7a<\/strong>.<\/p>\n<p>Em sua p\u00e1gina no Facebook, o delegado Eduardo Prado, respons\u00e1vel pela opera\u00e7\u00e3o, \u00a0escreveu que \u00a0a a\u00e7\u00e3o integrada visou \u201cprender os receptadores que vendem os objetos furtados\/roubados, como forma de coibir as a\u00e7\u00f5es dos criminosos.\u201d<\/p>\n<p><img decoding=\"async\" class=\"alignleft size-medium wp-image-4871\" src=\"http:\/\/goias.gov.br\/policiacientifica\/wp-content\/uploads\/sites\/63\/2017\/10\/print-220x159.png\" alt=\"print\" width=\"220\" height=\"159\" \/><\/p>\n<p>Em conversa com a Superintendente da SPTC \u2013 Dra Rejane Barcelos, via <em>whatsapp<\/em>, o delegado Josuemar Vaz de Oliveira valorizou e agradeceu a presen\u00e7a do perito e sua equipe.<\/p>\n<p>Durante a a\u00e7\u00e3o foram apreendidas oito armas de fogo, sendo cinco armas longas e tr\u00eas pistolas, al\u00e9m de tr\u00eas notebooks e 146 aparelhos celulares de origem il\u00edcita.<\/p>\n<p>No local, foram cumpridos tr\u00eas mandados de pris\u00e3o e trinta pessoas foram conduzidas \u00e0 Pol\u00edcia Civil. Segundo informa\u00e7\u00f5es policiais, tr\u00eas Termos Circunstanciados de Ocorr\u00eancia foram registrados, quatro autos de pris\u00e3o em flagrante foram lavrados e uma ocorr\u00eancia de jogo de azar foi registrada. Al\u00e9m disso, 56 autua\u00e7\u00f5es de tr\u00e2nsito foram emitidas e <strong>32 ve\u00edculos foram apreendidos<\/strong>.<\/p>\n<p><strong>A feira<\/strong><\/p>\n<p>Tradicional feira livre de Goi\u00e2nia, a Feira da Marreta \u00e9 realizada todo domingo, no Setor Nova Vila, das 4h \u00e0s 14h, ao lado do Parque de Exposi\u00e7\u00e3o Agropecu\u00e1ria de Goi\u00e2nia.<\/p>\n<p>A Marreta est\u00e1 entre as feiras especiais registradas pela Prefeitura Municipal de Goi\u00e2nia mas sempre foi alvo de suspeitas, at\u00e9 mesmo dos frequentadores.<\/p>\n<p>Conhecida dos moradores da Capital, a feira \u00e9 tida como um local onde \u00e9 poss\u00edvel adquirir produtos de <strong>origem<\/strong> <strong>duvidosa<\/strong> e at\u00e9 de origem<strong> il\u00edcita<\/strong>. No local \u00e9 poss\u00edvel encontrar\u00a0diversos tipos de produtos novos, usados e uma variedade de objetos de antiguidades, desde pe\u00e7as de vestu\u00e1rios a LPs.<\/p>\n<p>Nos anos 70 a troca de produtos foi dando lugar a venda, inclusive de objetos roubados. A feira, chamada de Feira do Troca-Troca passou a ser chamada ent\u00e3o de Feira da Marreta.<\/p>\n","protected":false},"excerpt":{"rendered":"<p>A Pol\u00edcia T\u00e9cnico-Cient\u00edfica esteve presente na opera\u00e7\u00e3o integrada, realizada ontem (29.10), na Feira da Marreta, em Goi\u00e2nia, por meio do trabalho do perito criminal Rog\u00e9rio Reis de Amorim, da Identifica\u00e7\u00e3o Veicular do Instituto de Criminal\u00edstica Leonardo Rodrigues (ICLR). A a\u00e7\u00e3o teve o objetivo de combater\u00a0a venda de produtos roubados, furtados, ve\u00edculos irregulares, armas, rem\u00e9dios falsificados [&hellip;]<\/p>\n","protected":false},"author":77,"featured_media":4872,"comment_status":"closed","ping_status":"closed","sticky":false,"template":"","format":"standard","meta":{"footnotes":""},"categories":[3],"tags":[81,314,908],"class_list":["post-4870","post","type-post","status-publish","format-standard","has-post-thumbnail","hentry","category-noticias","tag-acao-integrada","tag-delegado","tag-veiculos"],"rttpg_featured_image_url":null,"rttpg_author":{"display_name":"barbaragodoy","author_link":"https:\/\/goias.gov.br\/policiacientifica\/author\/barbaragodoy\/"},"rttpg_comment":0,"rttpg_category":"<a href=\"https:\/\/goias.gov.br\/policiacientifica\/categoria\/noticias\/\" rel=\"category tag\">Not\u00edcias<\/a>","rttpg_excerpt":"A Pol\u00edcia T\u00e9cnico-Cient\u00edfica esteve presente na opera\u00e7\u00e3o integrada, realizada ontem (29.10), na Feira da Marreta, em Goi\u00e2nia, por meio do trabalho do perito criminal Rog\u00e9rio Reis de Amorim, da Identifica\u00e7\u00e3o Veicular do Instituto de Criminal\u00edstica Leonardo Rodrigues (ICLR). A a\u00e7\u00e3o teve o objetivo de combater\u00a0a venda de produtos roubados, furtados, ve\u00edculos irregulares, armas, rem\u00e9dios falsificados&hellip;","_links":{"self":[{"href":"https:\/\/goias.gov.br\/policiacientifica\/wp-json\/wp\/v2\/posts\/4870","targetHints":{"allow":["GET"]}}],"collection":[{"href":"https:\/\/goias.gov.br\/policiacientifica\/wp-json\/wp\/v2\/posts"}],"about":[{"href":"https:\/\/goias.gov.br\/policiacientifica\/wp-json\/wp\/v2\/types\/post"}],"author":[{"embeddable":true,"href":"https:\/\/goias.gov.br\/policiacientifica\/wp-json\/wp\/v2\/users\/77"}],"replies":[{"embeddable":true,"href":"https:\/\/goias.gov.br\/policiacientifica\/wp-json\/wp\/v2\/comments?post=4870"}],"version-history":[{"count":0,"href":"https:\/\/goias.gov.br\/policiacientifica\/wp-json\/wp\/v2\/posts\/4870\/revisions"}],"wp:featuredmedia":[{"embeddable":true,"href":"https:\/\/goias.gov.br\/policiacientifica\/wp-json\/"}],"wp:attachment":[{"href":"https:\/\/goias.gov.br\/policiacientifica\/wp-json\/wp\/v2\/media?parent=4870"}],"wp:term":[{"taxonomy":"category","embeddable":true,"href":"https:\/\/goias.gov.br\/policiacientifica\/wp-json\/wp\/v2\/categories?post=4870"},{"taxonomy":"post_tag","embeddable":true,"href":"https:\/\/goias.gov.br\/policiacientifica\/wp-json\/wp\/v2\/tags?post=4870"}],"curies":[{"name":"wp","href":"https:\/\/api.w.org\/{rel}","templated":true}]}}