

{"id":4144,"date":"2017-07-11T16:35:01","date_gmt":"2017-07-11T19:35:01","guid":{"rendered":"http:\/\/www.policiacientifica.go.gov.br\/?p=4144"},"modified":"2017-07-11T16:35:01","modified_gmt":"2017-07-11T19:35:01","slug":"policia-cientifica-identifica-autor-de-estupro-em-senador-canedo-solucao-do-caso-foi-apresentada-a-imprensa","status":"publish","type":"post","link":"https:\/\/goias.gov.br\/policiacientifica\/policia-cientifica-identifica-autor-de-estupro-em-senador-canedo-solucao-do-caso-foi-apresentada-a-imprensa\/","title":{"rendered":"Pol\u00edcia Cient\u00edfica identifica autor de estupro em Senador Canedo. Solu\u00e7\u00e3o do caso foi apresentada \u00e0 imprensa"},"content":{"rendered":"<p>A integra\u00e7\u00e3o entre as pol\u00edcias Civil e T\u00e9cnico-Cient\u00edfica foi fundamental para a solu\u00e7\u00e3o de um caso de roubo e estupro, ocorrido em Senador Canedo, cujo esclarecimento foi apresentado \u00e0 imprensa na manh\u00e3 dessa ter\u00e7a-feira, 11 de julho, no audit\u00f3rio da Secretaria de Seguran\u00e7a P\u00fablica e Administra\u00e7\u00e3o Penitenci\u00e1ria (SSPAP).<\/p>\n<p>O crime aconteceu em janeiro deste ano, na zona rural de Senador Canedo e, na ocasi\u00e3o, os criminosos agiram com extrema viol\u00eancia. Um deles \u2013 Renato Ferreira da Silva &#8211; chegou a estuprar uma jovem.<\/p>\n<p>Durante a coletiva de imprensa, o delegado Matheus Costa Noleto, de Senador Canedo, destacou a import\u00e2ncia do trabalho desenvolvido pela Pol\u00edcia T\u00e9cnico-Cient\u00edfica, na obten\u00e7\u00e3o de provas inquestion\u00e1veis da autoria do estupro cometido por Renato, 24.<\/p>\n<p>O munic\u00edpio de Senador Canedo \u00e9 abrangido pelo N\u00facleo Regional de Pol\u00edcia T\u00e9cnico-Cient\u00edfica (NRPTC) de Aparecida de Goi\u00e2nia e, nesse caso espec\u00edfico, trabalharam: o m\u00e9dico-legista Andr\u00e9 Franco e os peritos Oleg\u00e1rio Augusto da Costa Oliveira, Fernanda Junqueira Loyola (Laborat\u00f3rio de Biologia Forense), Grasielly de Oliveira L\u00e1zaro e N\u00edgela Rodrigues Carvalho (Laborat\u00f3rio de DNA), Mariana Moraes Tayer \u00a0(Laborat\u00f3rio de Papiloscopia)\u00a0 e Erick Fernandes Florentino, da regional de An\u00e1polis (10\u00b0 NRPTC).<\/p>\n<p>&nbsp;<\/p>\n<figure id=\"attachment_2887\" aria-describedby=\"caption-attachment-2887\" style=\"width: 220px\" class=\"wp-caption alignleft\"><img decoding=\"async\" class=\"size-medium wp-image-2887\" src=\"http:\/\/goias.gov.br\/policiacientifica\/wp-content\/uploads\/sites\/63\/2015\/03\/DSC_0041-220x147.jpg\" alt=\"Aparelho microsc\u00f3pio da BIOLOGIA e DNA\" width=\"220\" height=\"147\" \/><figcaption id=\"caption-attachment-2887\" class=\"wp-caption-text\">Aparelho microsc\u00f3pio da BIOLOGIA e DNA<\/figcaption><\/figure>\n<p>A investiga\u00e7\u00e3o da Pol\u00edcia Civil envolveu tr\u00eas importantes \u00e1reas da Pol\u00edcia-Cient\u00edfica: a Papiloscopia, o Laborat\u00f3rio de Biologia Forense (para a an\u00e1lise de material biol\u00f3gico)\u00a0 e o Laborat\u00f3rio de DNA. No local do crime os peritos da PTC (Pol\u00edcia T\u00e9cnico-Cient\u00edfica) colheram impress\u00f5es digitais e s\u00eamem, entre outros vest\u00edgios. Ap\u00f3s an\u00e1lises, o autor do crime de estupro foi identificado.<\/p>\n<figure id=\"attachment_4146\" aria-describedby=\"caption-attachment-4146\" style=\"width: 220px\" class=\"wp-caption alignright\"><img decoding=\"async\" class=\"wp-image-4146 size-medium\" src=\"http:\/\/goias.gov.br\/policiacientifica\/wp-content\/uploads\/sites\/63\/2017\/07\/papi-220x121.jpg\" alt=\"Impress\u00f5es foram colhidas no local do crime e analisadas \" width=\"220\" height=\"121\" \/><figcaption id=\"caption-attachment-4146\" class=\"wp-caption-text\">Impress\u00f5es foram colhidas no local do crime e analisadas<\/figcaption><\/figure>\n<p>Renato Ferreira da Silva foi indiciado por roubo &#8211; com uso de arma de fogo &#8211;\u00a0 e estupro. Ele j\u00e1 cumpre pena em An\u00e1polis, ap\u00f3s ter sido preso com armas de uso restrito e\u00a0 origem duvidosa. O delegado respons\u00e1vel pelo inqu\u00e9rito em Senado Canedo, Matheus Costa Noleto, j\u00e1 representou pela pris\u00e3o preventiva em fun\u00e7\u00e3o dos crimes cometido em janeiro, para evitar que ele saia da pris\u00e3o. O trabalho de investiga\u00e7\u00e3o continua pois, segundo a investiga\u00e7\u00e3o, Renato agiu com um comparsa, que continua foragido.<\/p>\n<p>&nbsp;<\/p>\n<figure id=\"attachment_3653\" aria-describedby=\"caption-attachment-3653\" style=\"width: 220px\" class=\"wp-caption alignleft\"><img decoding=\"async\" class=\"size-medium wp-image-3653\" src=\"http:\/\/goias.gov.br\/policiacientifica\/wp-content\/uploads\/sites\/63\/2016\/11\/1nrptc-220x147.jpg\" alt=\"Servidores se destacam pela qualifica\u00e7\u00e3o e dedica\u00e7\u00e3o\" width=\"220\" height=\"147\" \/><figcaption id=\"caption-attachment-3653\" class=\"wp-caption-text\">Servidores se destacam pela qualifica\u00e7\u00e3o e dedica\u00e7\u00e3o<\/figcaption><\/figure>\n<p>A Superintendente de Pol\u00edcia T\u00e9cnico-Cient\u00edfica \u2013 Rejane Barcelos \u2013 destaca a integra\u00e7\u00e3o entre as pol\u00edcias como uma conquista di\u00e1ria, extremamente positiva para as for\u00e7as e principalmente para a sociedade. Ela tamb\u00e9m valoriza a dedica\u00e7\u00e3o e o profissionalismo dos envolvidos na investiga\u00e7\u00e3o. Os laudos produzidos pela Pol\u00edcia Cient\u00edfica s\u00e3o pe\u00e7as importantes do inqu\u00e9rito policial, pois fogem do senso comum e primam pela precis\u00e3o e imparcialidade.<\/p>\n<p>Pol\u00edcia Cient\u00edfica &#8211; ci\u00eancia a favor da verdade !<\/p>\n<p>&nbsp;<\/p>\n<p>Goi\u00e2nia, 11 de julho de 2017<\/p>\n","protected":false},"excerpt":{"rendered":"<p>A integra\u00e7\u00e3o entre as pol\u00edcias Civil e T\u00e9cnico-Cient\u00edfica foi fundamental para a solu\u00e7\u00e3o de um caso de roubo e estupro, ocorrido em Senador Canedo, cujo esclarecimento foi apresentado \u00e0 imprensa na manh\u00e3 dessa ter\u00e7a-feira, 11 de julho, no audit\u00f3rio da Secretaria de Seguran\u00e7a P\u00fablica e Administra\u00e7\u00e3o Penitenci\u00e1ria (SSPAP). O crime aconteceu em janeiro deste ano, [&hellip;]<\/p>\n","protected":false},"author":77,"featured_media":4145,"comment_status":"closed","ping_status":"closed","sticky":false,"template":"","format":"standard","meta":{"footnotes":""},"categories":[3],"tags":[352,512,584],"class_list":["post-4144","post","type-post","status-publish","format-standard","has-post-thumbnail","hentry","category-noticias","tag-dna","tag-integracao","tag-material-genetico"],"rttpg_featured_image_url":null,"rttpg_author":{"display_name":"barbaragodoy","author_link":"https:\/\/goias.gov.br\/policiacientifica\/author\/barbaragodoy\/"},"rttpg_comment":0,"rttpg_category":"<a href=\"https:\/\/goias.gov.br\/policiacientifica\/categoria\/noticias\/\" rel=\"category tag\">Not\u00edcias<\/a>","rttpg_excerpt":"A integra\u00e7\u00e3o entre as pol\u00edcias Civil e T\u00e9cnico-Cient\u00edfica foi fundamental para a solu\u00e7\u00e3o de um caso de roubo e estupro, ocorrido em Senador Canedo, cujo esclarecimento foi apresentado \u00e0 imprensa na manh\u00e3 dessa ter\u00e7a-feira, 11 de julho, no audit\u00f3rio da Secretaria de Seguran\u00e7a P\u00fablica e Administra\u00e7\u00e3o Penitenci\u00e1ria (SSPAP). O crime aconteceu em janeiro deste ano,&hellip;","_links":{"self":[{"href":"https:\/\/goias.gov.br\/policiacientifica\/wp-json\/wp\/v2\/posts\/4144","targetHints":{"allow":["GET"]}}],"collection":[{"href":"https:\/\/goias.gov.br\/policiacientifica\/wp-json\/wp\/v2\/posts"}],"about":[{"href":"https:\/\/goias.gov.br\/policiacientifica\/wp-json\/wp\/v2\/types\/post"}],"author":[{"embeddable":true,"href":"https:\/\/goias.gov.br\/policiacientifica\/wp-json\/wp\/v2\/users\/77"}],"replies":[{"embeddable":true,"href":"https:\/\/goias.gov.br\/policiacientifica\/wp-json\/wp\/v2\/comments?post=4144"}],"version-history":[{"count":0,"href":"https:\/\/goias.gov.br\/policiacientifica\/wp-json\/wp\/v2\/posts\/4144\/revisions"}],"wp:featuredmedia":[{"embeddable":true,"href":"https:\/\/goias.gov.br\/policiacientifica\/wp-json\/"}],"wp:attachment":[{"href":"https:\/\/goias.gov.br\/policiacientifica\/wp-json\/wp\/v2\/media?parent=4144"}],"wp:term":[{"taxonomy":"category","embeddable":true,"href":"https:\/\/goias.gov.br\/policiacientifica\/wp-json\/wp\/v2\/categories?post=4144"},{"taxonomy":"post_tag","embeddable":true,"href":"https:\/\/goias.gov.br\/policiacientifica\/wp-json\/wp\/v2\/tags?post=4144"}],"curies":[{"name":"wp","href":"https:\/\/api.w.org\/{rel}","templated":true}]}}