

{"id":2261,"date":"2014-04-09T10:05:57","date_gmt":"2014-04-09T13:05:57","guid":{"rendered":"http:\/\/www.policiacientifica.go.gov.br\/?p=2261"},"modified":"2014-04-09T10:05:57","modified_gmt":"2014-04-09T13:05:57","slug":"entrevista-a-radio-730-am","status":"publish","type":"post","link":"https:\/\/goias.gov.br\/policiacientifica\/entrevista-a-radio-730-am\/","title":{"rendered":"Entrevista \u00e0 R\u00e1dio 730 AM"},"content":{"rendered":"<p>O Gerente de N\u00facleos Oscar Martins de Oliveira, participou ontem dia \u00a008 de Abril \u00e0s 14:00 de uma entrevista na R\u00e1dio 730 AM com o presidente licenciado do SIND Per\u00edcias Dr. D\u00e9cio (m\u00e9dico-legista) e com o presidente em exerc\u00edcio Dr. Roni em homenagem ao dia do M\u00e9dico Legista e sobre a situa\u00e7\u00e3o dos N\u00facleos Regionais.<\/p>\n","protected":false},"excerpt":{"rendered":"<p>O Gerente de N\u00facleos Oscar Martins de Oliveira, participou ontem dia \u00a008 de Abril \u00e0s 14:00 de uma entrevista na R\u00e1dio 730 AM com o presidente licenciado do SIND Per\u00edcias Dr. D\u00e9cio (m\u00e9dico-legista) e com o presidente em exerc\u00edcio Dr. Roni em homenagem ao dia do M\u00e9dico Legista e sobre a situa\u00e7\u00e3o dos N\u00facleos Regionais.<\/p>\n","protected":false},"author":77,"featured_media":1960,"comment_status":"closed","ping_status":"closed","sticky":false,"template":"","format":"standard","meta":{"footnotes":""},"categories":[3],"tags":[],"class_list":["post-2261","post","type-post","status-publish","format-standard","has-post-thumbnail","hentry","category-noticias"],"rttpg_featured_image_url":null,"rttpg_author":{"display_name":"barbaragodoy","author_link":"https:\/\/goias.gov.br\/policiacientifica\/author\/barbaragodoy\/"},"rttpg_comment":0,"rttpg_category":"<a href=\"https:\/\/goias.gov.br\/policiacientifica\/categoria\/noticias\/\" rel=\"category tag\">Not\u00edcias<\/a>","rttpg_excerpt":"O Gerente de N\u00facleos Oscar Martins de Oliveira, participou ontem dia \u00a008 de Abril \u00e0s 14:00 de uma entrevista na R\u00e1dio 730 AM com o presidente licenciado do SIND Per\u00edcias Dr. D\u00e9cio (m\u00e9dico-legista) e com o presidente em exerc\u00edcio Dr. Roni em homenagem ao dia do M\u00e9dico Legista e sobre a situa\u00e7\u00e3o dos N\u00facleos Regionais.","_links":{"self":[{"href":"https:\/\/goias.gov.br\/policiacientifica\/wp-json\/wp\/v2\/posts\/2261","targetHints":{"allow":["GET"]}}],"collection":[{"href":"https:\/\/goias.gov.br\/policiacientifica\/wp-json\/wp\/v2\/posts"}],"about":[{"href":"https:\/\/goias.gov.br\/policiacientifica\/wp-json\/wp\/v2\/types\/post"}],"author":[{"embeddable":true,"href":"https:\/\/goias.gov.br\/policiacientifica\/wp-json\/wp\/v2\/users\/77"}],"replies":[{"embeddable":true,"href":"https:\/\/goias.gov.br\/policiacientifica\/wp-json\/wp\/v2\/comments?post=2261"}],"version-history":[{"count":0,"href":"https:\/\/goias.gov.br\/policiacientifica\/wp-json\/wp\/v2\/posts\/2261\/revisions"}],"wp:featuredmedia":[{"embeddable":true,"href":"https:\/\/goias.gov.br\/policiacientifica\/wp-json\/"}],"wp:attachment":[{"href":"https:\/\/goias.gov.br\/policiacientifica\/wp-json\/wp\/v2\/media?parent=2261"}],"wp:term":[{"taxonomy":"category","embeddable":true,"href":"https:\/\/goias.gov.br\/policiacientifica\/wp-json\/wp\/v2\/categories?post=2261"},{"taxonomy":"post_tag","embeddable":true,"href":"https:\/\/goias.gov.br\/policiacientifica\/wp-json\/wp\/v2\/tags?post=2261"}],"curies":[{"name":"wp","href":"https:\/\/api.w.org\/{rel}","templated":true}]}}