
{"id":203489,"date":"2026-02-10T14:57:15","date_gmt":"2026-02-10T17:57:15","guid":{"rendered":"https:\/\/goias.gov.br\/ocupagoias\/?p=203489"},"modified":"2026-02-11T14:58:14","modified_gmt":"2026-02-11T17:58:14","slug":"sonhos-de-trem-indicado-a-quatro-oscars-e-a-estreia-da-semana-no-cine-cultura","status":"publish","type":"post","link":"https:\/\/goias.gov.br\/ocupagoias\/sonhos-de-trem-indicado-a-quatro-oscars-e-a-estreia-da-semana-no-cine-cultura\/","title":{"rendered":"\u201cSonhos de Trem\u201d, indicado a quatro Oscars, \u00e9 a estreia da semana no Cine Cultura"},"content":{"rendered":"\n<p><em>Estrelada por Joel Edgerton e Felicity Jones, a produ\u00e7\u00e3o integra a programa\u00e7\u00e3o, que re\u00fane filmes premiados. A sala far\u00e1 uma pausa nas exibi\u00e7\u00f5es durante o per\u00edodo de Carnaval<\/em><\/p>\n\n\n\n<p>O Cine Cultura estreia nova programa\u00e7\u00e3o a partir desta quinta-feira (12\/2), reunindo filmes internacionais e nacionais que integram a disputa pelas principais categorias do Oscar, al\u00e9m de outras premia\u00e7\u00f5es e festivais de prest\u00edgio ao redor do mundo.<\/p>\n\n\n\n<p>O destaque da semana \u00e9 o longa-metragem Sonhos de Trem, \u00e0s 19h30, dirigido por Clint Bentley e estrelado por Joel Edgerton e Felicity Jones. O filme concorre a quatro indica\u00e7\u00f5es ao Oscar, Melhor Filme, Roteiro Adaptado, Fotografia e Can\u00e7\u00e3o Original, e ganha relev\u00e2ncia adicional com a indica\u00e7\u00e3o do brasileiro Adolpho Veloso na categoria de Fotografia.<\/p>\n\n\n\n<p>Tamb\u00e9m seguem em cartaz na sala produ\u00e7\u00f5es aclamadas, como Bugonia, de Yorgos Lanthimos; Hamnet: A Vida Antes de Hamlet, vencedor do Globo de Ouro de Melhor Filme, Drama; o brasileiro O Agente Secreto, de Kl\u00e9ber Mendon\u00e7a Filho; e o sul-coreano A \u00danica Sa\u00edda, de Park Chan-wook.<br><br>Os filmes Valor Sentimental, de Joachim Trier, e Se Eu Tivesse Pernas, Eu Te Chutaria, de Mary Bronstein, t\u00eam suas sess\u00f5es finais exibidas nesta programa\u00e7\u00e3o. As \u00faltimas exibi\u00e7\u00f5es acontecem na sexta-feira (13\/2), \u00e0s 14h, e na quarta-feira (18\/2), \u00e0s 14h40, respectivamente.<\/p>\n\n\n\n<p>Durante o feriado de Carnaval, a sala estar\u00e1 fechada entre os dias 14 e 17 de fevereiro (de s\u00e1bado a ter\u00e7a-feira), com retomada das exibi\u00e7\u00f5es na quarta-feira (18\/2).<\/p>\n\n\n\n<p>O Cine Cultura \u00e9 uma unidade da Secretaria de Estado da Cultura (Secult Goi\u00e1s) e funciona no Centro Cultural Marietta Telles Machado, na Pra\u00e7a C\u00edvica. Os ingressos custam R$ 20 (inteira) e R$ 10 (meia), com meia-entrada para todos \u00e0s segundas-feiras. O pagamento pode ser feito em dinheiro ou via Pix. N\u00e3o \u00e9 permitida a entrada de alimentos na sala, sendo autorizada apenas \u00e1gua engarrafada.<\/p>\n\n\n\n<p>Informa\u00e7\u00f5es detalhadas sobre os filmes em cartaz, sinopses e hor\u00e1rios de exibi\u00e7\u00e3o est\u00e3o dispon\u00edveis no&nbsp;<a href=\"https:\/\/goias.gov.br\/cultura\/cinemas\/cine-cultura\/\">site oficial do Cine Cultura<\/a>.<\/p>\n\n\n\n<p><strong>Fotos:<\/strong>&nbsp;Divulga\u00e7\u00e3o<\/p>\n","protected":false},"excerpt":{"rendered":"<p>Estrelada por Joel Edgerton e Felicity Jones, a produ\u00e7\u00e3o integra a programa\u00e7\u00e3o, que re\u00fane filmes premiados. A sala far\u00e1 uma pausa nas exibi\u00e7\u00f5es durante o per\u00edodo de Carnaval O Cine Cultura estreia nova programa\u00e7\u00e3o a partir desta quinta-feira (12\/2), reunindo filmes internacionais e nacionais que integram a disputa pelas principais categorias do Oscar, al\u00e9m de [&hellip;]<\/p>\n","protected":false},"author":326,"featured_media":203490,"comment_status":"closed","ping_status":"open","sticky":false,"template":"","format":"standard","meta":{"footnotes":""},"categories":[3],"tags":[],"class_list":["post-203489","post","type-post","status-publish","format-standard","has-post-thumbnail","hentry","category-noticias"],"rttpg_featured_image_url":{"full":["https:\/\/goias.gov.br\/ocupagoias\/wp-content\/uploads\/sites\/46\/2026\/02\/sonhos-de-trem-filme-1024x576-1.jpg",1024,576,false],"landscape":["https:\/\/goias.gov.br\/ocupagoias\/wp-content\/uploads\/sites\/46\/2026\/02\/sonhos-de-trem-filme-1024x576-1.jpg",1024,576,false],"portraits":["https:\/\/goias.gov.br\/ocupagoias\/wp-content\/uploads\/sites\/46\/2026\/02\/sonhos-de-trem-filme-1024x576-1.jpg",1024,576,false],"thumbnail":["https:\/\/goias.gov.br\/ocupagoias\/wp-content\/uploads\/sites\/46\/2026\/02\/sonhos-de-trem-filme-1024x576-1-150x150.jpg",150,150,true],"medium":["https:\/\/goias.gov.br\/ocupagoias\/wp-content\/uploads\/sites\/46\/2026\/02\/sonhos-de-trem-filme-1024x576-1-300x169.jpg",300,169,true],"large":["https:\/\/goias.gov.br\/ocupagoias\/wp-content\/uploads\/sites\/46\/2026\/02\/sonhos-de-trem-filme-1024x576-1.jpg",1024,576,false],"1536x1536":["https:\/\/goias.gov.br\/ocupagoias\/wp-content\/uploads\/sites\/46\/2026\/02\/sonhos-de-trem-filme-1024x576-1.jpg",1024,576,false],"2048x2048":["https:\/\/goias.gov.br\/ocupagoias\/wp-content\/uploads\/sites\/46\/2026\/02\/sonhos-de-trem-filme-1024x576-1.jpg",1024,576,false]},"rttpg_author":{"display_name":"kamillabrandao","author_link":"https:\/\/goias.gov.br\/ocupagoias\/author\/kamillabrandao\/"},"rttpg_comment":0,"rttpg_category":"<a href=\"https:\/\/goias.gov.br\/ocupagoias\/categoria\/noticias\/\" rel=\"category tag\">Not\u00edcias<\/a>","rttpg_excerpt":"Estrelada por Joel Edgerton e Felicity Jones, a produ\u00e7\u00e3o integra a programa\u00e7\u00e3o, que re\u00fane filmes premiados. A sala far\u00e1 uma pausa nas exibi\u00e7\u00f5es durante o per\u00edodo de Carnaval O Cine Cultura estreia nova programa\u00e7\u00e3o a partir desta quinta-feira (12\/2), reunindo filmes internacionais e nacionais que integram a disputa pelas principais categorias do Oscar, al\u00e9m de&hellip;","_links":{"self":[{"href":"https:\/\/goias.gov.br\/ocupagoias\/wp-json\/wp\/v2\/posts\/203489","targetHints":{"allow":["GET"]}}],"collection":[{"href":"https:\/\/goias.gov.br\/ocupagoias\/wp-json\/wp\/v2\/posts"}],"about":[{"href":"https:\/\/goias.gov.br\/ocupagoias\/wp-json\/wp\/v2\/types\/post"}],"author":[{"embeddable":true,"href":"https:\/\/goias.gov.br\/ocupagoias\/wp-json\/wp\/v2\/users\/326"}],"replies":[{"embeddable":true,"href":"https:\/\/goias.gov.br\/ocupagoias\/wp-json\/wp\/v2\/comments?post=203489"}],"version-history":[{"count":1,"href":"https:\/\/goias.gov.br\/ocupagoias\/wp-json\/wp\/v2\/posts\/203489\/revisions"}],"predecessor-version":[{"id":203491,"href":"https:\/\/goias.gov.br\/ocupagoias\/wp-json\/wp\/v2\/posts\/203489\/revisions\/203491"}],"wp:featuredmedia":[{"embeddable":true,"href":"https:\/\/goias.gov.br\/ocupagoias\/wp-json\/wp\/v2\/media\/203490"}],"wp:attachment":[{"href":"https:\/\/goias.gov.br\/ocupagoias\/wp-json\/wp\/v2\/media?parent=203489"}],"wp:term":[{"taxonomy":"category","embeddable":true,"href":"https:\/\/goias.gov.br\/ocupagoias\/wp-json\/wp\/v2\/categories?post=203489"},{"taxonomy":"post_tag","embeddable":true,"href":"https:\/\/goias.gov.br\/ocupagoias\/wp-json\/wp\/v2\/tags?post=203489"}],"curies":[{"name":"wp","href":"https:\/\/api.w.org\/{rel}","templated":true}]}}