
{"id":202859,"date":"2025-10-28T08:44:38","date_gmt":"2025-10-28T11:44:38","guid":{"rendered":"https:\/\/goias.gov.br\/ocupagoias\/?p=202859"},"modified":"2025-11-04T08:45:13","modified_gmt":"2025-11-04T11:45:13","slug":"cine-teatro-sao-joaquim-recebe-o-espetaculo-volta-rita","status":"publish","type":"post","link":"https:\/\/goias.gov.br\/ocupagoias\/cine-teatro-sao-joaquim-recebe-o-espetaculo-volta-rita\/","title":{"rendered":"Cine Teatro S\u00e3o Joaquim recebe o espet\u00e1culo \u201cVolta, Rita!\u201d"},"content":{"rendered":"\n<p><em>Turn\u00ea gratuita j\u00e1 encantou plateias em Anicuns e Silv\u00e2nia e chega agora \u00e0 cidade de Goi\u00e1s<\/em><\/p>\n\n\n\n<p>O Cine Teatro S\u00e3o Joaquim, unidade da Secretaria de Estado da Cultura (Secult Goi\u00e1s), na cidade de Goi\u00e1s, recebe nesta quarta-feira (29\/10), \u00e0s 20h, o espet\u00e1culo \u201cVolta, Rita!\u201d, da Cia Sei L\u00e1 o Qu\u00ea de Teatro. A montagem combina teatro f\u00edsico, micro-po\u00e9ticas corporais e refer\u00eancias visuais da cultura do interior goiano, em uma apresenta\u00e7\u00e3o envolvente e sens\u00edvel. A entrada \u00e9 gratuita, com classifica\u00e7\u00e3o indicativa de 14 anos.<\/p>\n\n\n\n<p>Sem falas, a pe\u00e7a narra a hist\u00f3ria de Rita e Rui, um casal do interior, at\u00e9 o momento em que a protagonista decide romper com a rotina e seguir o sonho de se tornar cantora. Inspirada no cinema mudo e em elementos da goianidade, a encena\u00e7\u00e3o constr\u00f3i uma narrativa visual e sonora que exalta a identidade cultural de Goi\u00e1s.<\/p>\n\n\n\n<p>A circula\u00e7\u00e3o do espet\u00e1culo \u00e9 viabilizada com recursos da Pol\u00edtica Nacional Aldir Blanc de Fomento \u00e0 Cultura (Pnab), operacionalizada pelo Governo de Goi\u00e1s, por meio da Secretaria de Estado da Cultura (Secult Goi\u00e1s).<\/p>\n\n\n\n<p><strong>Servi\u00e7o<\/strong><br>Espet\u00e1culo: \u201cVolta, Rita!\u201d, da Cia Sei L\u00e1 o Qu\u00ea de Teatro<br>Data: quarta-feira (29\/10\/2025)<br>Hor\u00e1rio: 20h<br>Local: Cine Teatro S\u00e3o Joaquim, cidade de Goi\u00e1s<br>Entrada: gratuita<\/p>\n\n\n\n<p><strong>Fotos:<\/strong>&nbsp;Divulga\u00e7\u00e3o<\/p>\n","protected":false},"excerpt":{"rendered":"<p>Turn\u00ea gratuita j\u00e1 encantou plateias em Anicuns e Silv\u00e2nia e chega agora \u00e0 cidade de Goi\u00e1s O Cine Teatro S\u00e3o Joaquim, unidade da Secretaria de Estado da Cultura (Secult Goi\u00e1s), na cidade de Goi\u00e1s, recebe nesta quarta-feira (29\/10), \u00e0s 20h, o espet\u00e1culo \u201cVolta, Rita!\u201d, da Cia Sei L\u00e1 o Qu\u00ea de Teatro. A montagem combina [&hellip;]<\/p>\n","protected":false},"author":326,"featured_media":202860,"comment_status":"closed","ping_status":"open","sticky":false,"template":"","format":"standard","meta":{"footnotes":""},"categories":[3],"tags":[],"class_list":["post-202859","post","type-post","status-publish","format-standard","has-post-thumbnail","hentry","category-noticias"],"rttpg_featured_image_url":{"full":["https:\/\/goias.gov.br\/ocupagoias\/wp-content\/uploads\/sites\/46\/2025\/11\/volta-rita-espetaculo-2-1200x600-c-default.jpeg",1200,600,false],"landscape":["https:\/\/goias.gov.br\/ocupagoias\/wp-content\/uploads\/sites\/46\/2025\/11\/volta-rita-espetaculo-2-1200x600-c-default.jpeg",1200,600,false],"portraits":["https:\/\/goias.gov.br\/ocupagoias\/wp-content\/uploads\/sites\/46\/2025\/11\/volta-rita-espetaculo-2-1200x600-c-default.jpeg",1200,600,false],"thumbnail":["https:\/\/goias.gov.br\/ocupagoias\/wp-content\/uploads\/sites\/46\/2025\/11\/volta-rita-espetaculo-2-1200x600-c-default-150x150.jpeg",150,150,true],"medium":["https:\/\/goias.gov.br\/ocupagoias\/wp-content\/uploads\/sites\/46\/2025\/11\/volta-rita-espetaculo-2-1200x600-c-default-300x150.jpeg",300,150,true],"large":["https:\/\/goias.gov.br\/ocupagoias\/wp-content\/uploads\/sites\/46\/2025\/11\/volta-rita-espetaculo-2-1200x600-c-default-1024x512.jpeg",1024,512,true],"1536x1536":["https:\/\/goias.gov.br\/ocupagoias\/wp-content\/uploads\/sites\/46\/2025\/11\/volta-rita-espetaculo-2-1200x600-c-default.jpeg",1200,600,false],"2048x2048":["https:\/\/goias.gov.br\/ocupagoias\/wp-content\/uploads\/sites\/46\/2025\/11\/volta-rita-espetaculo-2-1200x600-c-default.jpeg",1200,600,false]},"rttpg_author":{"display_name":"kamillabrandao","author_link":"https:\/\/goias.gov.br\/ocupagoias\/author\/kamillabrandao\/"},"rttpg_comment":0,"rttpg_category":"<a href=\"https:\/\/goias.gov.br\/ocupagoias\/categoria\/noticias\/\" rel=\"category tag\">Not\u00edcias<\/a>","rttpg_excerpt":"Turn\u00ea gratuita j\u00e1 encantou plateias em Anicuns e Silv\u00e2nia e chega agora \u00e0 cidade de Goi\u00e1s O Cine Teatro S\u00e3o Joaquim, unidade da Secretaria de Estado da Cultura (Secult Goi\u00e1s), na cidade de Goi\u00e1s, recebe nesta quarta-feira (29\/10), \u00e0s 20h, o espet\u00e1culo \u201cVolta, Rita!\u201d, da Cia Sei L\u00e1 o Qu\u00ea de Teatro. A montagem combina&hellip;","_links":{"self":[{"href":"https:\/\/goias.gov.br\/ocupagoias\/wp-json\/wp\/v2\/posts\/202859","targetHints":{"allow":["GET"]}}],"collection":[{"href":"https:\/\/goias.gov.br\/ocupagoias\/wp-json\/wp\/v2\/posts"}],"about":[{"href":"https:\/\/goias.gov.br\/ocupagoias\/wp-json\/wp\/v2\/types\/post"}],"author":[{"embeddable":true,"href":"https:\/\/goias.gov.br\/ocupagoias\/wp-json\/wp\/v2\/users\/326"}],"replies":[{"embeddable":true,"href":"https:\/\/goias.gov.br\/ocupagoias\/wp-json\/wp\/v2\/comments?post=202859"}],"version-history":[{"count":1,"href":"https:\/\/goias.gov.br\/ocupagoias\/wp-json\/wp\/v2\/posts\/202859\/revisions"}],"predecessor-version":[{"id":202861,"href":"https:\/\/goias.gov.br\/ocupagoias\/wp-json\/wp\/v2\/posts\/202859\/revisions\/202861"}],"wp:featuredmedia":[{"embeddable":true,"href":"https:\/\/goias.gov.br\/ocupagoias\/wp-json\/wp\/v2\/media\/202860"}],"wp:attachment":[{"href":"https:\/\/goias.gov.br\/ocupagoias\/wp-json\/wp\/v2\/media?parent=202859"}],"wp:term":[{"taxonomy":"category","embeddable":true,"href":"https:\/\/goias.gov.br\/ocupagoias\/wp-json\/wp\/v2\/categories?post=202859"},{"taxonomy":"post_tag","embeddable":true,"href":"https:\/\/goias.gov.br\/ocupagoias\/wp-json\/wp\/v2\/tags?post=202859"}],"curies":[{"name":"wp","href":"https:\/\/api.w.org\/{rel}","templated":true}]}}