
{"id":200767,"date":"2024-05-23T16:16:02","date_gmt":"2024-05-23T19:16:02","guid":{"rendered":"https:\/\/goias.gov.br\/ocupagoias\/?p=200767"},"modified":"2024-05-28T16:19:31","modified_gmt":"2024-05-28T19:19:31","slug":"gibiteca-jorge-braga-participa-da-7a-edicao-da-jornada-da-cidadania-da-puc-goias","status":"publish","type":"post","link":"https:\/\/goias.gov.br\/ocupagoias\/gibiteca-jorge-braga-participa-da-7a-edicao-da-jornada-da-cidadania-da-puc-goias\/","title":{"rendered":"Gibiteca Jorge Braga participa da 7\u00aa edi\u00e7\u00e3o da Jornada da Cidadania da PUC \u2013 Goi\u00e1s"},"content":{"rendered":"\n<p><em>Programa\u00e7\u00e3o da Biblioteca M\u00f3vel da Secult Goi\u00e1s inclui leitura de 180 livros e din\u00e2micas gratuitas das 8h \u00e0s 17h, entre quinta e sexta-feira (23 e 24\/05)<\/em><\/p>\n\n\n\n<figure class=\"wp-block-image size-full\"><img fetchpriority=\"high\" decoding=\"async\" width=\"1544\" height=\"1028\" src=\"https:\/\/goias.gov.br\/ocupagoias\/wp-content\/uploads\/sites\/46\/2024\/05\/gibiteca-1-1.jpeg\" alt=\"\" class=\"wp-image-200769\" \/><\/figure>\n\n\n\n<p>A Gibiteca Jorge Braga, unidade da Secretaria de Estado da Cultura (Secult), participa, nesta quinta e sexta-feira (23&nbsp; e 24\/05), da 7\u00aa edi\u00e7\u00e3o da Jornada da Cidadania, promovida pela Pontif\u00edcia Universidade Cat\u00f3lica de Goi\u00e1s (PUC-GO).&nbsp; O objetivo \u00e9 incentivar a leitura e atividades l\u00fadicas durante o evento, realizado no Centro de Conven\u00e7\u00f5es da universidade, Campus II, que fica no Jardim Mariliza, em Goi\u00e2nia.&nbsp;&nbsp;<\/p>\n\n\n\n<p>Nesta parceria com a PUC, a Biblioteca M\u00f3vel est\u00e1 disponibilizando 100 livros infantis, 50 infantojuvenis e 30 gibis, desenhos para colorir e jogos educativos para entreter crian\u00e7as e adolescentes que estejam no evento, j\u00e1 que o p\u00fablico central da Jornada da Cidadania s\u00e3o pessoas que buscam por diversos servi\u00e7os sociais e muitas vezes levam seus filhos. Al\u00e9m do incentivo \u00e0 leitura, a programa\u00e7\u00e3o inclui conta\u00e7\u00e3o de hist\u00f3ria e din\u00e2micas liter\u00e1rias.&nbsp;<\/p>\n\n\n\n<p>A Biblioteca M\u00f3vel \u00e9 uma iniciativa da Secult Goi\u00e1s em que a Gibiteca Jorge Braga disponibiliza parte do acervo da unidade para o p\u00fablico de eventos sociais por meio de uma van adaptada com estantes para os livros e gibis, al\u00e9m de cadeiras e mesas que podem ser colocadas ao redor do ve\u00edculo.<\/p>\n\n\n\n<p><strong>Servi\u00e7o<\/strong><\/p>\n\n\n\n<p>Assunto: Biblioteca M\u00f3vel<\/p>\n\n\n\n<p>Onde: Pontif\u00edcia Universidade Cat\u00f3lica de Goi\u00e1s (PUC \u2013 GO),&nbsp; Centro de Conven\u00e7\u00f5es, Campus II (Av. Engler, 507 \u2013 Jardim Mariliza, Goi\u00e2nia).&nbsp;&nbsp;<\/p>\n\n\n\n<p>Data: Quinta e sexta-feira (23 e 24\/05)<\/p>\n\n\n\n<p>Hor\u00e1rio: 08h \u00e0s 17h<\/p>\n","protected":false},"excerpt":{"rendered":"<p>Programa\u00e7\u00e3o da Biblioteca M\u00f3vel da Secult Goi\u00e1s inclui leitura de 180 livros e din\u00e2micas gratuitas das 8h \u00e0s 17h, entre quinta e sexta-feira (23 e 24\/05) A Gibiteca Jorge Braga, unidade da Secretaria de Estado da Cultura (Secult), participa, nesta quinta e sexta-feira (23&nbsp; e 24\/05), da 7\u00aa edi\u00e7\u00e3o da Jornada da Cidadania, promovida pela [&hellip;]<\/p>\n","protected":false},"author":326,"featured_media":200768,"comment_status":"closed","ping_status":"open","sticky":false,"template":"","format":"standard","meta":{"footnotes":""},"categories":[3],"tags":[],"class_list":["post-200767","post","type-post","status-publish","format-standard","has-post-thumbnail","hentry","category-noticias"],"rttpg_featured_image_url":{"full":["https:\/\/goias.gov.br\/ocupagoias\/wp-content\/uploads\/sites\/46\/2024\/05\/gibiteca-1.jpeg",1544,1028,false],"landscape":["https:\/\/goias.gov.br\/ocupagoias\/wp-content\/uploads\/sites\/46\/2024\/05\/gibiteca-1.jpeg",1544,1028,false],"portraits":["https:\/\/goias.gov.br\/ocupagoias\/wp-content\/uploads\/sites\/46\/2024\/05\/gibiteca-1.jpeg",1544,1028,false],"thumbnail":["https:\/\/goias.gov.br\/ocupagoias\/wp-content\/uploads\/sites\/46\/2024\/05\/gibiteca-1.jpeg",150,100,false],"medium":["https:\/\/goias.gov.br\/ocupagoias\/wp-content\/uploads\/sites\/46\/2024\/05\/gibiteca-1.jpeg",300,200,false],"large":["https:\/\/goias.gov.br\/ocupagoias\/wp-content\/uploads\/sites\/46\/2024\/05\/gibiteca-1.jpeg",1024,682,false],"1536x1536":["https:\/\/goias.gov.br\/ocupagoias\/wp-content\/uploads\/sites\/46\/2024\/05\/gibiteca-1.jpeg",1536,1023,false],"2048x2048":["https:\/\/goias.gov.br\/ocupagoias\/wp-content\/uploads\/sites\/46\/2024\/05\/gibiteca-1.jpeg",1544,1028,false]},"rttpg_author":{"display_name":"kamillabrandao","author_link":"https:\/\/goias.gov.br\/ocupagoias\/author\/kamillabrandao\/"},"rttpg_comment":0,"rttpg_category":"<a href=\"https:\/\/goias.gov.br\/ocupagoias\/categoria\/noticias\/\" rel=\"category tag\">Not\u00edcias<\/a>","rttpg_excerpt":"Programa\u00e7\u00e3o da Biblioteca M\u00f3vel da Secult Goi\u00e1s inclui leitura de 180 livros e din\u00e2micas gratuitas das 8h \u00e0s 17h, entre quinta e sexta-feira (23 e 24\/05) A Gibiteca Jorge Braga, unidade da Secretaria de Estado da Cultura (Secult), participa, nesta quinta e sexta-feira (23&nbsp; e 24\/05), da 7\u00aa edi\u00e7\u00e3o da Jornada da Cidadania, promovida pela&hellip;","_links":{"self":[{"href":"https:\/\/goias.gov.br\/ocupagoias\/wp-json\/wp\/v2\/posts\/200767","targetHints":{"allow":["GET"]}}],"collection":[{"href":"https:\/\/goias.gov.br\/ocupagoias\/wp-json\/wp\/v2\/posts"}],"about":[{"href":"https:\/\/goias.gov.br\/ocupagoias\/wp-json\/wp\/v2\/types\/post"}],"author":[{"embeddable":true,"href":"https:\/\/goias.gov.br\/ocupagoias\/wp-json\/wp\/v2\/users\/326"}],"replies":[{"embeddable":true,"href":"https:\/\/goias.gov.br\/ocupagoias\/wp-json\/wp\/v2\/comments?post=200767"}],"version-history":[{"count":1,"href":"https:\/\/goias.gov.br\/ocupagoias\/wp-json\/wp\/v2\/posts\/200767\/revisions"}],"predecessor-version":[{"id":200770,"href":"https:\/\/goias.gov.br\/ocupagoias\/wp-json\/wp\/v2\/posts\/200767\/revisions\/200770"}],"wp:featuredmedia":[{"embeddable":true,"href":"https:\/\/goias.gov.br\/ocupagoias\/wp-json\/wp\/v2\/media\/200768"}],"wp:attachment":[{"href":"https:\/\/goias.gov.br\/ocupagoias\/wp-json\/wp\/v2\/media?parent=200767"}],"wp:term":[{"taxonomy":"category","embeddable":true,"href":"https:\/\/goias.gov.br\/ocupagoias\/wp-json\/wp\/v2\/categories?post=200767"},{"taxonomy":"post_tag","embeddable":true,"href":"https:\/\/goias.gov.br\/ocupagoias\/wp-json\/wp\/v2\/tags?post=200767"}],"curies":[{"name":"wp","href":"https:\/\/api.w.org\/{rel}","templated":true}]}}