

{"id":8750,"date":"2024-06-07T12:28:33","date_gmt":"2024-06-07T15:28:33","guid":{"rendered":"https:\/\/goias.gov.br\/metrobus\/?p=8750"},"modified":"2025-07-07T14:11:50","modified_gmt":"2025-07-07T17:11:50","slug":"jose-rubens-magnino","status":"publish","type":"post","link":"https:\/\/goias.gov.br\/metrobus\/jose-rubens-magnino\/","title":{"rendered":"HIGOR DE OLIVEIRA GERRA"},"content":{"rendered":"<p>\u00a0<\/p>\n<p>\u00a0<\/p>\n<p><strong>Forma\u00e7\u00e3o acad\u00eamica<\/strong><\/p>\n<p>Gradua\u00e7\u00e3o em Engenharia Civil e Ambiental &#8211; Universidade de Bras\u00edlia (2000 &#8211; 2005 &#8211; Conclu\u00eddo) Mestrado em Transportes &#8211; Universidade de Bras\u00edlia (2005 &#8211; 2007 &#8211; Conclu\u00eddo)<\/p>\n<p>Especializa\u00e7\u00e3o em Gest\u00e3o P\u00fablica &#8211; Universidade Cruzeiro do Sul (2015 &#8211; 2015 &#8211; Conclu\u00eddo)<\/p>\n<p>MBA em Auditoria em Organiza\u00e7\u00f5es do Setor P\u00fablico &#8211; AVM Universidade Integrada (2016 &#8211; 2016 &#8211; Conclu\u00eddo) Mestrado Profissional em Poder Legislativo CEFOR &#8211; C\u00e2mara dos Deputados (2024 &#8211; 2025 &#8211; Em andamento &#8211; Aluno<\/p>\n<p>Especial)<\/p>\n<p>\u00a0<\/p>\n<p><strong>Situa\u00e7\u00e3o profissional<\/strong><\/p>\n<p>Servidor efetivo da carreira de Analista de Infraestrutura do Minist\u00e9rio da Gest\u00e3o e da Inova\u00e7\u00e3o em Servi\u00e7os P\u00fablicos (desde outubro de 2008)<\/p>\n<p>Secret\u00e1rio Parlamentar na C\u00e2mara dos Deputados (cedido desde setembro de 2023) Membro do Conselho de Administra\u00e7\u00e3o da Metrobus (desde janeiro de 2025)<\/p>\n<p>\u00a0<\/p>\n<p><strong>Experi\u00eancia Profissional<\/strong><\/p>\n<p>C\u00e2mara dos Deputados &#8211; Secret\u00e1rio Parlamentar (09\/2023 &#8211; Atual)<\/p>\n<p>ANTT &#8211; Coordenador-Geral de Rela\u00e7\u00f5es Institucionais (05\/2022 &#8211; 09\/2023)<\/p>\n<p>Minist\u00e9rio do Turismo &#8211; Coordenador-Geral de Mobilidade e Conectividade Tur\u00edstica (08\/2020 &#8211; 05\/2022) Minist\u00e9rio da Infraestrutura &#8211; Assistente de Diretor (04\/2020 &#8211; 08\/2020)<\/p>\n<p>Ministerio do Desenvolvimento Regional &#8211; Chefe de Gabinete da Secretaria Nacional de Mobilidade Urbana (10\/2019 &#8211; 04\/2020)<\/p>\n<p>Ministerio do Desenvolvimento Regional &#8211; Coordenador-Geral de A\u00e7\u00f5es Estrat\u00e9gicas (02\/2019 &#8211; 10\/2019)<\/p>\n<p>Empresa de Planejamento e Logistica S.a. &#8211; Assessor T\u00e9cnico na Ger\u00eancia de Mobilidade da Diretoria de Planejamento (04\/2017 &#8211; 02\/2019)<\/p>\n<p>Ministerio das Cidades &#8211; Assessor (04\/2014 &#8211; 03\/2017)<\/p>\n<p>Ministerio das Cidades &#8211; Analista de Infraestrutura (10\/2008 &#8211; 04\/2014) DNIT &#8211; Analista em Infraestrutura de Transportes (08\/2006 &#8211; 10\/2008)<\/p>\n<p>\u00a0<\/p>\n<p><strong>Resumo<\/strong><\/p>\n<p>Gradua\u00e7\u00e3o em Engenharia Civil (2005) e mestrado em Transportes pela Universidade de Bras\u00edlia (2007). Especializa\u00e7\u00f5es em Gest\u00e3o P\u00fablica e Auditoria em Organiza\u00e7\u00f5es<\/p>\n<p>P\u00fablicas. Servidor da carreira de Analista de Infraestrutura do Minist\u00e9rio da Gest\u00e3o e Inova\u00e7\u00e3o em Servi\u00e7os P\u00fablicos. Atualmente, cedido para C\u00e2mara dos Deputados, atuando na Frente Parlamentar Mista de Log\u00edstica e Infraestrutura &#8211; C\u00e2mara Tem\u00e1tica de Mobilidade Urbana. Cursa, como aluno especial, o mestrado profissional em Poder Legislativo no<\/p>\n<p><br \/>Centro de Forma\u00e7\u00e3o, Treinamento e Aperfei\u00e7oamento (CEFOR) da C\u00e2mara dos Deputados.<\/p>\n\n\n<p><\/p>\n","protected":false},"excerpt":{"rendered":"<p>\u00a0 \u00a0 Forma\u00e7\u00e3o acad\u00eamica Gradua\u00e7\u00e3o em Engenharia Civil e Ambiental &#8211; Universidade de Bras\u00edlia (2000 &#8211; 2005 &#8211; Conclu\u00eddo) Mestrado em Transportes &#8211; Universidade de Bras\u00edlia (2005 &#8211; 2007 &#8211; Conclu\u00eddo) Especializa\u00e7\u00e3o em Gest\u00e3o P\u00fablica &#8211; Universidade Cruzeiro do Sul (2015 &#8211; 2015 &#8211; Conclu\u00eddo) MBA em Auditoria em Organiza\u00e7\u00f5es do Setor P\u00fablico &#8211; AVM [&hellip;]<\/p>\n","protected":false},"author":73,"featured_media":0,"comment_status":"closed","ping_status":"open","sticky":false,"template":"","format":"standard","meta":{"footnotes":""},"categories":[1],"tags":[],"class_list":["post-8750","post","type-post","status-publish","format-standard","hentry","category-sem-categoria"],"rttpg_featured_image_url":null,"rttpg_author":{"display_name":"brunofelix","author_link":"https:\/\/goias.gov.br\/metrobus\/author\/brunofelix\/"},"rttpg_comment":0,"rttpg_category":"<a href=\"https:\/\/goias.gov.br\/metrobus\/category\/sem-categoria\/\" rel=\"category tag\">Sem categoria<\/a>","rttpg_excerpt":"\u00a0 \u00a0 Forma\u00e7\u00e3o acad\u00eamica Gradua\u00e7\u00e3o em Engenharia Civil e Ambiental &#8211; Universidade de Bras\u00edlia (2000 &#8211; 2005 &#8211; Conclu\u00eddo) Mestrado em Transportes &#8211; Universidade de Bras\u00edlia (2005 &#8211; 2007 &#8211; Conclu\u00eddo) Especializa\u00e7\u00e3o em Gest\u00e3o P\u00fablica &#8211; Universidade Cruzeiro do Sul (2015 &#8211; 2015 &#8211; Conclu\u00eddo) MBA em Auditoria em Organiza\u00e7\u00f5es do Setor P\u00fablico &#8211; AVM&hellip;","_links":{"self":[{"href":"https:\/\/goias.gov.br\/metrobus\/wp-json\/wp\/v2\/posts\/8750","targetHints":{"allow":["GET"]}}],"collection":[{"href":"https:\/\/goias.gov.br\/metrobus\/wp-json\/wp\/v2\/posts"}],"about":[{"href":"https:\/\/goias.gov.br\/metrobus\/wp-json\/wp\/v2\/types\/post"}],"author":[{"embeddable":true,"href":"https:\/\/goias.gov.br\/metrobus\/wp-json\/wp\/v2\/users\/73"}],"replies":[{"embeddable":true,"href":"https:\/\/goias.gov.br\/metrobus\/wp-json\/wp\/v2\/comments?post=8750"}],"version-history":[{"count":2,"href":"https:\/\/goias.gov.br\/metrobus\/wp-json\/wp\/v2\/posts\/8750\/revisions"}],"predecessor-version":[{"id":17610,"href":"https:\/\/goias.gov.br\/metrobus\/wp-json\/wp\/v2\/posts\/8750\/revisions\/17610"}],"wp:attachment":[{"href":"https:\/\/goias.gov.br\/metrobus\/wp-json\/wp\/v2\/media?parent=8750"}],"wp:term":[{"taxonomy":"category","embeddable":true,"href":"https:\/\/goias.gov.br\/metrobus\/wp-json\/wp\/v2\/categories?post=8750"},{"taxonomy":"post_tag","embeddable":true,"href":"https:\/\/goias.gov.br\/metrobus\/wp-json\/wp\/v2\/tags?post=8750"}],"curies":[{"name":"wp","href":"https:\/\/api.w.org\/{rel}","templated":true}]}}