

{"id":2797,"date":"2020-08-28T16:53:26","date_gmt":"2020-08-28T19:53:26","guid":{"rendered":"https:\/\/siteshom.goias.gov.br\/metrobus\/etica-na-producao-da-realidade-social\/"},"modified":"2020-08-28T16:53:26","modified_gmt":"2020-08-28T19:53:26","slug":"etica-na-producao-da-realidade-social","status":"publish","type":"post","link":"https:\/\/goias.gov.br\/metrobus\/etica-na-producao-da-realidade-social\/","title":{"rendered":"\u00c9tica na produ\u00e7\u00e3o da realidade social"},"content":{"rendered":"<p><img fetchpriority=\"high\" decoding=\"async\" class=\" size-full wp-image-2771\" src=\"https:\/\/goias.gov.br\/metrobus\/wp-content\/uploads\/sites\/13\/2020\/07\/EixaoTrindade1_-_Cpia-460.jpg\" alt=\"\" width=\"1160\" height=\"985\" srcset=\"https:\/\/goias.gov.br\/metrobus\/wp-content\/uploads\/sites\/13\/2020\/07\/EixaoTrindade1_-_Cpia-460.jpg 1160w, https:\/\/goias.gov.br\/metrobus\/wp-content\/uploads\/sites\/13\/2020\/07\/EixaoTrindade1_-_Cpia-460-300x255.jpg 300w, https:\/\/goias.gov.br\/metrobus\/wp-content\/uploads\/sites\/13\/2020\/07\/EixaoTrindade1_-_Cpia-460-1024x870.jpg 1024w, https:\/\/goias.gov.br\/metrobus\/wp-content\/uploads\/sites\/13\/2020\/07\/EixaoTrindade1_-_Cpia-460-768x652.jpg 768w\" sizes=\"(max-width: 1160px) 100vw, 1160px\" \/><\/p>\n<p style=\"text-align: justify;\">A &eacute;tica &eacute; uma caracter&iacute;stica inerente a toda a&ccedil;&atilde;o humana e, por esta raz&atilde;o, &eacute; um elemento vital na produ&ccedil;&atilde;o da realidade social. Todo homem possui um senso &eacute;tico, uma esp&eacute;cie de &quot;consci&ecirc;ncia moral&quot;, estando constantemente avaliando e julgando suas a&ccedil;&otilde;es para saber se s&atilde;o boas ou m&aacute;s, certas ou erradas, justas ou injustas.<\/p>\n<p style=\"text-align: justify;\">Existem sempre comportamentos humanos classific&aacute;veis sob a &oacute;tica do certo e errado, do bem e do mal. Embora relacionadas com o agir individual, essas classifica&ccedil;&otilde;es sempre t&ecirc;m rela&ccedil;&atilde;o com as matrizes culturais que prevalecem em determinadas sociedades e contextos hist&oacute;ricos.<\/p>\n<p style=\"text-align: justify;\">A &eacute;tica est&aacute; relacionada &agrave; op&ccedil;&atilde;o, ao desejo de realizar a vida, mantendo com os outros rela&ccedil;&otilde;es justas e aceit&aacute;veis. Via de regra est&aacute; fundamentada nas id&eacute;ias de bem e virtude, enquanto valores perseguidos por todo ser humano e cujo alcance se traduz numa exist&ecirc;ncia plena e feliz.<\/p>\n<p style=\"text-align: justify;\">O estudo da &eacute;tica talvez tenha se iniciado com fil&oacute;sofos gregos h&aacute; 25 s&eacute;culos atr&aacute;s. Hoje em dia, seu campo de atua&ccedil;&atilde;o ultrapassa os limites da filosofia e in&uacute;meros outros pesquisadores do conhecimento dedicam-se ao seu estudo. Soci&oacute;logos, psic&oacute;logos, bi&oacute;logos e muitos outros profissionais desenvolvem trabalhos no campo da &eacute;tica.<\/p>\n<p style=\"text-align: justify;\">\n#SomosTodosGoi&aacute;s #Metrobus #Compliance #&Eacute;tica<\/p>\n","protected":false},"excerpt":{"rendered":"<p>A &eacute;tica &eacute; uma caracter&iacute;stica inerente a toda a&ccedil;&atilde;o humana e, por esta raz&atilde;o, &eacute; um elemento vital na produ&ccedil;&atilde;o da realidade social. Todo homem possui um senso &eacute;tico, uma esp&eacute;cie de &quot;consci&ecirc;ncia moral&quot;, estando constantemente avaliando e julgando suas a&ccedil;&otilde;es para saber se s&atilde;o boas ou m&aacute;s, certas ou erradas, justas ou injustas. Existem [&hellip;]<\/p>\n","protected":false},"author":225,"featured_media":2771,"comment_status":"closed","ping_status":"open","sticky":false,"template":"","format":"standard","meta":{"footnotes":""},"categories":[3],"tags":[],"class_list":["post-2797","post","type-post","status-publish","format-standard","has-post-thumbnail","hentry","category-noticias"],"rttpg_featured_image_url":{"full":["https:\/\/goias.gov.br\/metrobus\/wp-content\/uploads\/sites\/13\/2020\/07\/EixaoTrindade1_-_Cpia-460.jpg",1160,985,false],"landscape":["https:\/\/goias.gov.br\/metrobus\/wp-content\/uploads\/sites\/13\/2020\/07\/EixaoTrindade1_-_Cpia-460.jpg",1160,985,false],"portraits":["https:\/\/goias.gov.br\/metrobus\/wp-content\/uploads\/sites\/13\/2020\/07\/EixaoTrindade1_-_Cpia-460.jpg",1160,985,false],"thumbnail":["https:\/\/goias.gov.br\/metrobus\/wp-content\/uploads\/sites\/13\/2020\/07\/EixaoTrindade1_-_Cpia-460-150x150.jpg",150,150,true],"medium":["https:\/\/goias.gov.br\/metrobus\/wp-content\/uploads\/sites\/13\/2020\/07\/EixaoTrindade1_-_Cpia-460-300x255.jpg",300,255,true],"large":["https:\/\/goias.gov.br\/metrobus\/wp-content\/uploads\/sites\/13\/2020\/07\/EixaoTrindade1_-_Cpia-460-1024x870.jpg",1024,870,true],"1536x1536":["https:\/\/goias.gov.br\/metrobus\/wp-content\/uploads\/sites\/13\/2020\/07\/EixaoTrindade1_-_Cpia-460.jpg",1160,985,false],"2048x2048":["https:\/\/goias.gov.br\/metrobus\/wp-content\/uploads\/sites\/13\/2020\/07\/EixaoTrindade1_-_Cpia-460.jpg",1160,985,false]},"rttpg_author":{"display_name":"annapsouza","author_link":"https:\/\/goias.gov.br\/metrobus\/author\/annapsouza\/"},"rttpg_comment":0,"rttpg_category":"<a href=\"https:\/\/goias.gov.br\/metrobus\/category\/noticias\/\" rel=\"category tag\">Not\u00edcias<\/a>","rttpg_excerpt":"A &eacute;tica &eacute; uma caracter&iacute;stica inerente a toda a&ccedil;&atilde;o humana e, por esta raz&atilde;o, &eacute; um elemento vital na produ&ccedil;&atilde;o da realidade social. Todo homem possui um senso &eacute;tico, uma esp&eacute;cie de &quot;consci&ecirc;ncia moral&quot;, estando constantemente avaliando e julgando suas a&ccedil;&otilde;es para saber se s&atilde;o boas ou m&aacute;s, certas ou erradas, justas ou injustas. Existem&hellip;","_links":{"self":[{"href":"https:\/\/goias.gov.br\/metrobus\/wp-json\/wp\/v2\/posts\/2797","targetHints":{"allow":["GET"]}}],"collection":[{"href":"https:\/\/goias.gov.br\/metrobus\/wp-json\/wp\/v2\/posts"}],"about":[{"href":"https:\/\/goias.gov.br\/metrobus\/wp-json\/wp\/v2\/types\/post"}],"author":[{"embeddable":true,"href":"https:\/\/goias.gov.br\/metrobus\/wp-json\/wp\/v2\/users\/225"}],"replies":[{"embeddable":true,"href":"https:\/\/goias.gov.br\/metrobus\/wp-json\/wp\/v2\/comments?post=2797"}],"version-history":[{"count":0,"href":"https:\/\/goias.gov.br\/metrobus\/wp-json\/wp\/v2\/posts\/2797\/revisions"}],"wp:featuredmedia":[{"embeddable":true,"href":"https:\/\/goias.gov.br\/metrobus\/wp-json\/wp\/v2\/media\/2771"}],"wp:attachment":[{"href":"https:\/\/goias.gov.br\/metrobus\/wp-json\/wp\/v2\/media?parent=2797"}],"wp:term":[{"taxonomy":"category","embeddable":true,"href":"https:\/\/goias.gov.br\/metrobus\/wp-json\/wp\/v2\/categories?post=2797"},{"taxonomy":"post_tag","embeddable":true,"href":"https:\/\/goias.gov.br\/metrobus\/wp-json\/wp\/v2\/tags?post=2797"}],"curies":[{"name":"wp","href":"https:\/\/api.w.org\/{rel}","templated":true}]}}