

{"id":2100,"date":"2015-08-27T11:08:27","date_gmt":"2015-08-27T14:08:27","guid":{"rendered":"https:\/\/siteshom.goias.gov.br\/metrobus\/acesso-a-informacao-agenda-da-semana\/"},"modified":"2015-08-27T11:08:27","modified_gmt":"2015-08-27T14:08:27","slug":"acesso-a-informacao-agenda-da-semana","status":"publish","type":"post","link":"https:\/\/goias.gov.br\/metrobus\/acesso-a-informacao-agenda-da-semana\/","title":{"rendered":"Acesso \u00e0 Informa\u00e7\u00e3o: agenda da semana"},"content":{"rendered":"<p class=\"western\"><strong>Agenda da semana &#8211; Marlius Machado (diretor-presidente)<\/strong><\/p>\n<p class=\"western\"><strong><span style=\"text-decoration: underline;\">28\/08<\/span><\/strong><\/p>\n<p class=\"western\"><strong>Manh&atilde;<\/strong> &#8211; 10h: Audi&ecirc;ncia com Desembargador Fausto Diniz<br \/>\n&nbsp; &nbsp; &nbsp; &nbsp; &nbsp; &nbsp; &nbsp; &nbsp;<\/p>\n<p class=\"western\"><strong>Tarde<\/strong> &#8211;&nbsp;16h: Reuni&atilde;o na sede do SET<\/p>\n<p class=\"western\"><span style=\"text-decoration: underline;\"><strong>29\/08<\/strong><\/span><\/p>\n<p class=\"western\"><strong>Manh&atilde;<\/strong> &#8211; Despacho interno<\/p>\n<p class=\"western\"><strong>Tarde<\/strong> &#8211; 17h00: Reuni&atilde;o na Secretaria da Fazenda (SEFAZ)<\/p>\n<p class=\"western\"><span style=\"text-decoration: underline;\"><strong>30\/08<\/strong><\/span><\/p>\n<p class=\"western\"><strong>Manh&atilde; &#8211; <\/strong>Despacho interno<\/p>\n<p class=\"western\"><strong>Tarde &#8211;<\/strong>&nbsp;Despacho interno<\/p>\n<p class=\"western\"><span style=\"text-decoration: underline;\"><strong>31\/08<\/strong><\/span><\/p>\n<p class=\"western\"><strong>Manh&atilde;<\/strong> &#8211; Despacho interno<\/p>\n<p class=\"western\"><strong>Tarde &#8211;<\/strong>&nbsp;Despacho interno<\/p>\n<p><strong>01\/09<\/strong><\/p>\n<p class=\"western\"><strong>Manh&atilde;<\/strong>&nbsp;&#8211;&nbsp;Despacho interno<\/p>\n<p class=\"western\"><strong>Tarde &#8211;<\/strong>&nbsp;Despacho Interno<br \/>\n&nbsp;<\/p>\n<p class=\"western\"><strong>Agenda da semana &#8211; Ricardo Jayme (diretor de gest&atilde;o corporativa)<\/strong><\/p>\n<p class=\"western\">&nbsp;<\/p>\n<p class=\"western\"><strong><span>21\/08<\/span><\/strong><\/p>\n<p class=\"western\"><strong>Manh&atilde;<\/strong>&nbsp;&#8211; Despacho interno&nbsp;<\/p>\n<p class=\"western\"><strong>Tarde<\/strong>&nbsp;&#8211;&nbsp;Despacho Interno<\/p>\n<p class=\"western\"><span><strong>22\/08<\/strong><\/span><\/p>\n<p class=\"western\"><strong>Manh&atilde;<\/strong>&nbsp;&#8211; Despacho interno<\/p>\n<p class=\"western\"><strong>Tarde<\/strong>&nbsp;&#8211; Despacho interno<\/p>\n<p class=\"western\"><span><strong>23\/08<\/strong><\/span><\/p>\n<p class=\"western\"><strong>Manh&atilde; &#8211;&nbsp;<\/strong>Despacho interno<\/p>\n<p class=\"western\"><strong>Tarde &#8211;<\/strong>&nbsp;Despacho interno<\/p>\n<p class=\"western\"><span><strong>24\/08<\/strong><\/span><\/p>\n<p class=\"western\"><strong>Manh&atilde;<\/strong>&nbsp;&#8211; Despacho interno<\/p>\n<p class=\"western\"><strong>Tarde &#8211;<\/strong>&nbsp;Despacho interno<\/p>\n<p><strong>25\/08<\/strong><\/p>\n<p class=\"western\"><strong>Manh&atilde;<\/strong>&nbsp;&#8211;&nbsp;11h: Reuni&atilde;o com representantes da Su&eacute;cia Ve&iacute;culos<\/p>\n<p class=\"western\"><strong>Tarde &#8211;<\/strong>&nbsp;Despacho Interno<\/p>\n","protected":false},"excerpt":{"rendered":"<p>Agenda da semana &#8211; Marlius Machado (diretor-presidente) 28\/08 Manh&atilde; &#8211; 10h: Audi&ecirc;ncia com Desembargador Fausto Diniz &nbsp; &nbsp; &nbsp; &nbsp; &nbsp; &nbsp; &nbsp; &nbsp; Tarde &#8211;&nbsp;16h: Reuni&atilde;o na sede do SET 29\/08 Manh&atilde; &#8211; Despacho interno Tarde &#8211; 17h00: Reuni&atilde;o na Secretaria da Fazenda (SEFAZ) 30\/08 Manh&atilde; &#8211; Despacho interno Tarde &#8211;&nbsp;Despacho interno 31\/08 Manh&atilde; [&hellip;]<\/p>\n","protected":false},"author":7,"featured_media":0,"comment_status":"closed","ping_status":"open","sticky":false,"template":"","format":"standard","meta":{"footnotes":""},"categories":[2],"tags":[],"class_list":["post-2100","post","type-post","status-publish","format-standard","hentry","category-institucional"],"rttpg_featured_image_url":null,"rttpg_author":{"display_name":"gustavogoncalves","author_link":"https:\/\/goias.gov.br\/metrobus\/author\/gustavogoncalves\/"},"rttpg_comment":0,"rttpg_category":"<a href=\"https:\/\/goias.gov.br\/metrobus\/category\/institucional\/\" rel=\"category tag\">Institucional<\/a>","rttpg_excerpt":"Agenda da semana &#8211; Marlius Machado (diretor-presidente) 28\/08 Manh&atilde; &#8211; 10h: Audi&ecirc;ncia com Desembargador Fausto Diniz &nbsp; &nbsp; &nbsp; &nbsp; &nbsp; &nbsp; &nbsp; &nbsp; Tarde &#8211;&nbsp;16h: Reuni&atilde;o na sede do SET 29\/08 Manh&atilde; &#8211; Despacho interno Tarde &#8211; 17h00: Reuni&atilde;o na Secretaria da Fazenda (SEFAZ) 30\/08 Manh&atilde; &#8211; Despacho interno Tarde &#8211;&nbsp;Despacho interno 31\/08 Manh&atilde;&hellip;","_links":{"self":[{"href":"https:\/\/goias.gov.br\/metrobus\/wp-json\/wp\/v2\/posts\/2100","targetHints":{"allow":["GET"]}}],"collection":[{"href":"https:\/\/goias.gov.br\/metrobus\/wp-json\/wp\/v2\/posts"}],"about":[{"href":"https:\/\/goias.gov.br\/metrobus\/wp-json\/wp\/v2\/types\/post"}],"author":[{"embeddable":true,"href":"https:\/\/goias.gov.br\/metrobus\/wp-json\/wp\/v2\/users\/7"}],"replies":[{"embeddable":true,"href":"https:\/\/goias.gov.br\/metrobus\/wp-json\/wp\/v2\/comments?post=2100"}],"version-history":[{"count":0,"href":"https:\/\/goias.gov.br\/metrobus\/wp-json\/wp\/v2\/posts\/2100\/revisions"}],"wp:attachment":[{"href":"https:\/\/goias.gov.br\/metrobus\/wp-json\/wp\/v2\/media?parent=2100"}],"wp:term":[{"taxonomy":"category","embeddable":true,"href":"https:\/\/goias.gov.br\/metrobus\/wp-json\/wp\/v2\/categories?post=2100"},{"taxonomy":"post_tag","embeddable":true,"href":"https:\/\/goias.gov.br\/metrobus\/wp-json\/wp\/v2\/tags?post=2100"}],"curies":[{"name":"wp","href":"https:\/\/api.w.org\/{rel}","templated":true}]}}