

{"id":15654,"date":"2025-05-07T15:31:59","date_gmt":"2025-05-07T18:31:59","guid":{"rendered":"https:\/\/goias.gov.br\/metrobus\/?p=15654"},"modified":"2025-11-07T13:40:35","modified_gmt":"2025-11-07T16:40:35","slug":"miguel-elias-hanna-2","status":"publish","type":"post","link":"https:\/\/goias.gov.br\/metrobus\/miguel-elias-hanna-2\/","title":{"rendered":"MIGUEL ELIAS HANNA"},"content":{"rendered":"\n<div class=\"wp-block-columns is-layout-flex wp-container-core-columns-is-layout-9d6595d7 wp-block-columns-is-layout-flex\">\n<div class=\"wp-block-column is-layout-flow wp-block-column-is-layout-flow\" style=\"flex-basis:33.33%\">\n<figure class=\"wp-block-image size-full is-resized\"><img fetchpriority=\"high\" decoding=\"async\" width=\"261\" height=\"440\" src=\"https:\/\/goias.gov.br\/metrobus\/wp-content\/uploads\/sites\/13\/2025\/05\/foto-miguel-hanna.png\" alt=\"\" class=\"wp-image-15969\" style=\"width:277px;height:auto\" srcset=\"https:\/\/goias.gov.br\/metrobus\/wp-content\/uploads\/sites\/13\/2025\/05\/foto-miguel-hanna.png 261w, https:\/\/goias.gov.br\/metrobus\/wp-content\/uploads\/sites\/13\/2025\/05\/foto-miguel-hanna-178x300.png 178w\" sizes=\"(max-width: 261px) 100vw, 261px\" \/><\/figure>\n<\/div>\n\n\n\n<div class=\"wp-block-column is-layout-flow wp-block-column-is-layout-flow\" style=\"flex-basis:66.66%\">\n<p><strong>MIGUEL ELIAS HANNA<\/strong><\/p>\n\n\n\n<p class=\"has-text-align-left\">Nascimento: 22\/08\/1967 \u2013 An\u00e1polis, GO.<br>Filia\u00e7\u00e3o: Bader Mikail Hanna e Froncina Dequ\u00each Hanna<br>Telefone: (62) 99381-2695<br>E-mail: miguel.hanna@metrobus.go.gov.br<br>Forma\u00e7\u00e3o: Administrador de Empresa<\/p>\n\n\n\n<p><strong>ATIVIDADES ACAD\u00caMICAS<\/strong><\/p>\n\n\n\n<p>\uf0fc Cursou o ensino superior no IESA &#8211; Instituto de Educa\u00e7\u00e3o e Ensino Superior de Samambaia &#8211; DF.<\/p>\n\n\n\n<p><strong>EXPERI\u00caNCIA PROFISSIONAL<\/strong><\/p>\n\n\n\n<p class=\"has-text-align-left\">\uf0fc EMPRESA: MM CONSTRU\u00c7\u00d5ES<br>Ramo: Constru\u00e7\u00e3o e Terraplenagem<br>Atividade: Loca\u00e7\u00e3o de M\u00e1quinas e Ve\u00edculos Pesados<br>CARGO: S\u00f3cio Propriet\u00e1rio<\/p>\n\n\n\n<p>\uf0fc MINIST\u00c9RIO DO TRABALHO<br>CARGO: Coordenador Geral de Presta\u00e7\u00e3o de Contas da Secretaria de Pol\u00edticas P\u00fablicas de Emprego<br>PORTARIA: 31 de mar\u00e7o de 2017<\/p>\n\n\n\n<p>\uf0fc METROBUS TRANSPORTE COLETIVO S\/A<br>CARGO: Diretor Financeiro<br>PER\u00cdODO: 16\/09\/2019 a 14\/09\/2025<\/p>\n\n\n\n<p>\uf0fc METROBUS TRANSPORTE COLETIVO S\/A<br>CARGO: Diretor Presidente Interino \/ Diretor Financeiro<br>PER\u00cdODO: 25\/09\/2020 a 09\/03\/2021<\/p>\n\n\n\n<p><strong>CURSOS<\/strong><\/p>\n\n\n\n<p>\uf0fc CURSO: Programa de Compliance P\u00fablico: Eixo 4 &#8211; Gest\u00e3o de Riscos para Alta Gest\u00e3o<br>REALIZA\u00c7\u00c3O: Superintend\u00eancia da Escola de Governo \u2013 GO.<br>PER\u00cdODO: 19\/10\/2020 a 26\/10\/2020<\/p>\n\n\n\n<p>\uf0fc CURSO: Programa de Compliance P\u00fablico: Eixo 4 &#8211; Gest\u00e3o de Riscos para Alta Gest\u00e3o<br>REALIZA\u00c7\u00c3O: DIRETORIA EXECUTIVA DA ESCOLA DE GOVERNO \u2013 GO.<br>PER\u00cdODO: 06\/05\/2024 at\u00e9 14\/05\/2024<\/p>\n\n\n\n<p>\uf0fc CURSO: \u00c9tica no Servi\u00e7o P\u00fablico com Cl\u00f3vis de Barros<br>\uf0fc MODALIDADE: EaD<br>REALIZA\u00c7\u00c3O: DIRETORIA EXECUTIVA DA ESCOLA DE GOVERNO \u2013 GO.<br>PER\u00cdODO: 23\/09\/2025 at\u00e9 03\/10\/2025<\/p>\n\n\n\n<p>\uf0fc CURSO: Governan\u00e7a Corporativa para Estatais<br>\uf0fc MODALIDADE: EaD<br>REALIZA\u00c7\u00c3O: DIRETORIA EXECUTIVA DA ESCOLA DE GOVERNO \u2013 GO.<br>PER\u00cdODO: 23\/09\/2025 at\u00e9 03\/10\/2025<\/p>\n\n\n\n<p>\uf0fc CURSO: Intelig\u00eancia Artificial e Ferramentas Generativas<br>\uf0fc MODALIDADE: EaD<br>REALIZA\u00c7\u00c3O: DIRETORIA EXECUTIVA DA ESCOLA DE GOVERNO \u2013 GO.<br>PER\u00cdODO: 23\/09\/2025 at\u00e9 03\/10\/2025<\/p>\n\n\n\n<p>\uf0fc CURSO: Introdu\u00e7\u00e3o \u00e0 Lei Geral de Prote\u00e7\u00e3o de Dados \u2013 LGPD<br>MODALIDADE: EaD<br>REALIZA\u00c7\u00c3O: DIRETORIA EXECUTIVA DA ESCOLA DE GOVERNO \u2013 GO.<br>PER\u00cdODO: 23\/09\/2025 at\u00e9 03\/10\/2025<\/p>\n\n\n\n<p>\uf0fc CURSO: No\u00e7\u00f5es B\u00e1sicas do Estatuto do Servidor P\u00fablico<br>MODALIDADE: EaD<br>REALIZA\u00c7\u00c3O: DIRETORIA EXECUTIVA DA ESCOLA DE GOVERNO \u2013 GO.<br>PER\u00cdODO: 23\/09\/2025 at\u00e9 03\/10\/2025<\/p>\n\n\n\n<p>\uf0fc CURSO: O que o Agente P\u00fablico precisa saber sobre \u00c9tica P\u00fablica?<br>MODALIDADE: EaD<br>REALIZA\u00c7\u00c3O: DIRETORIA EXECUTIVA DA ESCOLA DE GOVERNO \u2013 GO.<br>PER\u00cdODO: 23\/09\/2025 at\u00e9 03\/10\/2025<\/p>\n\n\n\n<p>\uf0fc CURSO: Programa de Compliance P\u00fablico: Eixo 3 \u2013 Sindic\u00e2ncia e Processo Administrativo Disciplinar<br>MODALIDADE: EaD<br>REALIZA\u00c7\u00c3O: DIRETORIA EXECUTIVA DA ESCOLA DE GOVERNO \u2013 GO.<br>PER\u00cdODO: 23\/09\/2025 at\u00e9 03\/10\/2025<\/p>\n\n\n\n<p><strong>SEMIN\u00c1RIOS<\/strong><\/p>\n\n\n\n<p>\uf0fc SEMIN\u00c1RIO: Pr\u00e9-Lan\u00e7amento da C\u00fapula Internacional de \u00c9tica no Setor P\u00fablico<br>Data: 05 de dezembro de 2023<br>Realiza\u00e7\u00e3o: CONTROLADORIA-GERAL DO ESTADO E DIRETORIA EXECUTIVA DA ESCOLA DE GOVERNO<\/p>\n\n\n\n<p>\uf0fc SEMIN\u00c1RIO: 1\u00ba Semin\u00e1rio de Governan\u00e7a das Estatais do Estado de Goi\u00e1s<br>Data: 18 de mar\u00e7o de 2025<br>Local: Tribunal de Contas do Estado de Goi\u00e1s<\/p>\n\n\n\n<p><strong>Miguel Elias Hanna<\/strong><\/p>\n<\/div>\n<\/div>\n\n\n\n<div class=\"wp-block-columns is-layout-flex wp-container-core-columns-is-layout-9d6595d7 wp-block-columns-is-layout-flex\"><\/div>\n","protected":false},"excerpt":{"rendered":"<p>MIGUEL ELIAS HANNA Nascimento: 22\/08\/1967 \u2013 An\u00e1polis, GO.Filia\u00e7\u00e3o: Bader Mikail Hanna e Froncina Dequ\u00each HannaTelefone: (62) 99381-2695E-mail: miguel.hanna@metrobus.go.gov.brForma\u00e7\u00e3o: Administrador de Empresa ATIVIDADES ACAD\u00caMICAS \uf0fc Cursou o ensino superior no IESA &#8211; Instituto de Educa\u00e7\u00e3o e Ensino Superior de Samambaia &#8211; DF. EXPERI\u00caNCIA PROFISSIONAL \uf0fc EMPRESA: MM CONSTRU\u00c7\u00d5ESRamo: Constru\u00e7\u00e3o e TerraplenagemAtividade: Loca\u00e7\u00e3o de M\u00e1quinas e Ve\u00edculos [&hellip;]<\/p>\n","protected":false},"author":73,"featured_media":0,"comment_status":"closed","ping_status":"open","sticky":false,"template":"","format":"standard","meta":{"footnotes":""},"categories":[1],"tags":[],"class_list":["post-15654","post","type-post","status-publish","format-standard","hentry","category-sem-categoria"],"rttpg_featured_image_url":null,"rttpg_author":{"display_name":"brunofelix","author_link":"https:\/\/goias.gov.br\/metrobus\/author\/brunofelix\/"},"rttpg_comment":0,"rttpg_category":"<a href=\"https:\/\/goias.gov.br\/metrobus\/category\/sem-categoria\/\" rel=\"category tag\">Sem categoria<\/a>","rttpg_excerpt":"MIGUEL ELIAS HANNA Nascimento: 22\/08\/1967 \u2013 An\u00e1polis, GO.Filia\u00e7\u00e3o: Bader Mikail Hanna e Froncina Dequ\u00each HannaTelefone: (62) 99381-2695E-mail: miguel.hanna@metrobus.go.gov.brForma\u00e7\u00e3o: Administrador de Empresa ATIVIDADES ACAD\u00caMICAS \uf0fc Cursou o ensino superior no IESA &#8211; Instituto de Educa\u00e7\u00e3o e Ensino Superior de Samambaia &#8211; DF. EXPERI\u00caNCIA PROFISSIONAL \uf0fc EMPRESA: MM CONSTRU\u00c7\u00d5ESRamo: Constru\u00e7\u00e3o e TerraplenagemAtividade: Loca\u00e7\u00e3o de M\u00e1quinas e Ve\u00edculos&hellip;","_links":{"self":[{"href":"https:\/\/goias.gov.br\/metrobus\/wp-json\/wp\/v2\/posts\/15654","targetHints":{"allow":["GET"]}}],"collection":[{"href":"https:\/\/goias.gov.br\/metrobus\/wp-json\/wp\/v2\/posts"}],"about":[{"href":"https:\/\/goias.gov.br\/metrobus\/wp-json\/wp\/v2\/types\/post"}],"author":[{"embeddable":true,"href":"https:\/\/goias.gov.br\/metrobus\/wp-json\/wp\/v2\/users\/73"}],"replies":[{"embeddable":true,"href":"https:\/\/goias.gov.br\/metrobus\/wp-json\/wp\/v2\/comments?post=15654"}],"version-history":[{"count":2,"href":"https:\/\/goias.gov.br\/metrobus\/wp-json\/wp\/v2\/posts\/15654\/revisions"}],"predecessor-version":[{"id":21129,"href":"https:\/\/goias.gov.br\/metrobus\/wp-json\/wp\/v2\/posts\/15654\/revisions\/21129"}],"wp:attachment":[{"href":"https:\/\/goias.gov.br\/metrobus\/wp-json\/wp\/v2\/media?parent=15654"}],"wp:term":[{"taxonomy":"category","embeddable":true,"href":"https:\/\/goias.gov.br\/metrobus\/wp-json\/wp\/v2\/categories?post=15654"},{"taxonomy":"post_tag","embeddable":true,"href":"https:\/\/goias.gov.br\/metrobus\/wp-json\/wp\/v2\/tags?post=15654"}],"curies":[{"name":"wp","href":"https:\/\/api.w.org\/{rel}","templated":true}]}}