

{"id":97688,"date":"2025-06-02T16:14:39","date_gmt":"2025-06-02T19:14:39","guid":{"rendered":"https:\/\/goias.gov.br\/meioambiente\/?p=97688"},"modified":"2025-06-02T16:14:44","modified_gmt":"2025-06-02T19:14:44","slug":"semana-do-meio-ambiente-acontece-entre-4-e-5-de-junho-veja-programacao","status":"publish","type":"post","link":"https:\/\/goias.gov.br\/meioambiente\/semana-do-meio-ambiente-acontece-entre-4-e-5-de-junho-veja-programacao\/","title":{"rendered":"Semana do Meio Ambiente acontece entre 4 e 5 de junho; veja programa\u00e7\u00e3o"},"content":{"rendered":"\n<p><em>Programa\u00e7\u00e3o inclui desfile de moda sustent\u00e1vel, entrega de pr\u00eamios e palestras<\/em><\/p>\n\n\n\n<p>Com o tema \u201cConciliando Pessoas e Natureza\u201d, a Secretaria de Estado do Meio Ambiente e Desenvolvimento Sustent\u00e1vel (Semad) vai realizar a Semana do Meio Ambiente entre os dias 4 e 5 de junho. O evento vai acontecer na casa de eventos Memoratto, em Goi\u00e2nia. <strong>Veja abaixo a programa\u00e7\u00e3o completa.<\/strong><\/p>\n\n\n\n<p>Na manh\u00e3 de 4 de junho, ap\u00f3s a fala da titular da Semad, Andr\u00e9a Vulcanis, ser\u00e1 feita a assinatura de mais um termo de ades\u00e3o ao Programa Juntos Pelo Araguaia e o lan\u00e7amento de um novo edital com foco na recupera\u00e7\u00e3o e sustentabilidade ambiental da bacia do Alto Rio Meia Ponte Bacia.<\/p>\n\n\n\n<p>Durante a noite, a partir das 19h, ser\u00e1 entregue o pr\u00eamio em dinheiro para propriet\u00e1rios rurais contemplados pelo Cerrado em P\u00e9, Programa de Pagamento por Servi\u00e7os Ambientais (PSA) que remunera produtores que conservam vegeta\u00e7\u00e3o nativa.<\/p>\n\n\n\n<p>Tamb\u00e9m ser\u00e1 entregue o Pr\u00eamio Goi\u00e1s Sustent\u00e1vel, que reconhece pr\u00e1ticas sustent\u00e1veis que melhoram a vida da popula\u00e7\u00e3o. Os finalistas das sete categorias j\u00e1 foram anunciados no site da Semad. Em seguida, ocorrer\u00e1 um desfile de moda com pe\u00e7as sustent\u00e1veis, desenvolvidas por estudantes de moda do Senac e da Universidade Salgado de Oliveira (Universo).&nbsp;<\/p>\n\n\n\n<p>No dia 5 de junho, v\u00e3o acontecer paineis de discuss\u00e3o sobre os desafios e as solu\u00e7\u00f5es de Goi\u00e1s no \u00e2mbito das mudan\u00e7as clim\u00e1ticas. A ideia \u00e9 que o debate funcione como uma prepara\u00e7\u00e3o para a Confer\u00eancia das Na\u00e7\u00f5es Unidas sobre as Mudan\u00e7as Clim\u00e1ticas de 2025 (Cop30), que ser\u00e1 realizada no final deste ano, em Bel\u00e9m.<\/p>\n\n\n\n<p>O evento tem como objetivo ampliar os debates e reflex\u00f5es sobre o Dia Mundial do Meio Ambiente, comemorado em 5 de junho, bem como conscientizar a sociedade sobre a preserva\u00e7\u00e3o dos recursos naturais e a necessidade de a\u00e7\u00f5es para um futuro mais sustent\u00e1vel.&nbsp;&nbsp;<\/p>\n\n\n\n<h2 class=\"wp-block-heading\"><strong>Programa\u00e7\u00e3o Semana do Meio Ambiente 2025<\/strong><\/h2>\n\n\n\n<h2 class=\"wp-block-heading\"><strong>4 de junho<\/strong><\/h2>\n\n\n\n<p><strong>Manh\u00e3<\/strong><\/p>\n\n\n\n<p><strong>9h00 <\/strong>\u2013 Abertura do evento com execu\u00e7\u00e3o do hino nacional e estadual<br><strong>9h35 <\/strong>\u2013 Fala da Secret\u00e1ria do Meio Ambiente, Andr\u00e9a Vulcanis, e outras autoridades presentes<br><strong>10h10<\/strong> \u2013 V\u00eddeo institucional com metas alcan\u00e7adas pela Semad no \u00faltimo ano<br><strong>10h25<\/strong> \u2013 Ades\u00e3o ao Programa Juntos Pelo Araguaia<br><strong>10h40<\/strong> \u2013 Lan\u00e7amento de edital sobre sustentabilidade da bacia do Alto Rio Meia Ponte<br><strong>10h55 <\/strong>\u2013 Apresenta\u00e7\u00e3o do \u00cdndice de Sustentabilidade<br><strong>11h15<\/strong> \u2013 Apresenta\u00e7\u00e3o dos Violeiros<\/p>\n\n\n\n<p><strong>Encontro sustent\u00e1vel<\/strong><\/p>\n\n\n\n<p><strong>19h25<\/strong> \u2013 Fala do governador, Ronaldo Caiado, e san\u00e7\u00e3o da Lei que redefine os limites do Parque Estadual de Para\u00fana<br><strong>19h50<\/strong> \u2013 Entrega do Pagamento dos Benefici\u00e1rios do Programa Cerrado em P\u00e9 (PSA)<br><strong>20h10<\/strong> \u2013 Entrega do Pr\u00eamio Goi\u00e1s Sustent\u00e1vel<br><strong>21h40<\/strong> \u2013 Apresenta\u00e7\u00e3o cultural t\u00edpica do nordeste goiano<br><strong>22h20<\/strong> \u2013 Desfile sustent\u00e1vel<br><\/p>\n\n\n\n<h2 class=\"wp-block-heading\"><strong>5 de junho<\/strong><\/h2>\n\n\n\n<p><strong>Manh\u00e3<\/strong><\/p>\n\n\n\n<p><strong>8h30<\/strong> \u2013 Abertura do segundo dia com fala da secret\u00e1ria, Andr\u00e9a Vulcanis<br><strong>8h55<\/strong> \u2013 Premia\u00e7\u00e3o dos consultores ambientais<br><strong>9h15<\/strong> \u2013 Palestra com Jos\u00e9 Vanildo de Oliveira J\u00fanior<br><strong>10h05<\/strong> \u2013 Semin\u00e1rio acad\u00eamico, com 11 apresenta\u00e7\u00f5es<\/p>\n\n\n\n<p><strong>Tarde<\/strong><\/p>\n\n\n\n<p><strong>13h30 \u2013 <\/strong>Painel Pr\u00e9-Cop30 do agroneg\u00f3cio<br><strong>14h50 \u2013 <\/strong>Painel<strong> <\/strong>Pr\u00e9-Cop30 do uso da terra e solo<strong><br>15h50 \u2013 <\/strong>Painel Pr\u00e9-Cop30 da ind\u00fastria e energia<strong><br>16h55 \u2013 <\/strong>Coquetel de encerramento<\/p>\n\n\n\n<p><em>Legenda: Semana do Meio Ambiente de 2025 acontece entre os dias 4 e 5 de junho, em Goi\u00e2nia<\/em><\/p>\n\n\n\n<p><strong>Secretaria de Estado de Meio Ambiente e Desenvolvimento Sustent\u00e1vel &#8211; Governo de Goi\u00e1s<\/strong><\/p>\n","protected":false},"excerpt":{"rendered":"<p>Programa\u00e7\u00e3o inclui desfile de moda sustent\u00e1vel, entrega de pr\u00eamios e palestras Com o tema \u201cConciliando Pessoas e Natureza\u201d, a Secretaria de Estado do Meio Ambiente e Desenvolvimento Sustent\u00e1vel (Semad) vai realizar a Semana do Meio Ambiente entre os dias 4 e 5 de junho. O evento vai acontecer na casa de eventos Memoratto, em Goi\u00e2nia. [&hellip;]<\/p>\n","protected":false},"author":684,"featured_media":97691,"comment_status":"closed","ping_status":"open","sticky":false,"template":"","format":"standard","meta":{"footnotes":"","_links_to":"","_links_to_target":""},"categories":[2],"tags":[55],"class_list":["post-97688","post","type-post","status-publish","format-standard","has-post-thumbnail","hentry","category-noticias","tag-semad"],"rttpg_featured_image_url":{"full":["https:\/\/goias.gov.br\/meioambiente\/wp-content\/uploads\/sites\/33\/2025\/06\/painel-semana-meio-ambiente.jpeg",1600,1200,false],"landscape":["https:\/\/goias.gov.br\/meioambiente\/wp-content\/uploads\/sites\/33\/2025\/06\/painel-semana-meio-ambiente.jpeg",1600,1200,false],"portraits":["https:\/\/goias.gov.br\/meioambiente\/wp-content\/uploads\/sites\/33\/2025\/06\/painel-semana-meio-ambiente.jpeg",1600,1200,false],"thumbnail":["https:\/\/goias.gov.br\/meioambiente\/wp-content\/uploads\/sites\/33\/2025\/06\/painel-semana-meio-ambiente-150x150.jpeg",150,150,true],"medium":["https:\/\/goias.gov.br\/meioambiente\/wp-content\/uploads\/sites\/33\/2025\/06\/painel-semana-meio-ambiente-300x225.jpeg",300,225,true],"large":["https:\/\/goias.gov.br\/meioambiente\/wp-content\/uploads\/sites\/33\/2025\/06\/painel-semana-meio-ambiente-1024x768.jpeg",1024,768,true],"1536x1536":["https:\/\/goias.gov.br\/meioambiente\/wp-content\/uploads\/sites\/33\/2025\/06\/painel-semana-meio-ambiente-1536x1152.jpeg",1536,1152,true],"2048x2048":["https:\/\/goias.gov.br\/meioambiente\/wp-content\/uploads\/sites\/33\/2025\/06\/painel-semana-meio-ambiente.jpeg",1600,1200,false]},"rttpg_author":{"display_name":"","author_link":"https:\/\/goias.gov.br\/meioambiente\/author\/"},"rttpg_comment":0,"rttpg_category":"<a href=\"https:\/\/goias.gov.br\/meioambiente\/categoria\/noticias\/\" rel=\"category tag\">Not\u00edcias<\/a>","rttpg_excerpt":"Programa\u00e7\u00e3o inclui desfile de moda sustent\u00e1vel, entrega de pr\u00eamios e palestras Com o tema \u201cConciliando Pessoas e Natureza\u201d, a Secretaria de Estado do Meio Ambiente e Desenvolvimento Sustent\u00e1vel (Semad) vai realizar a Semana do Meio Ambiente entre os dias 4 e 5 de junho. O evento vai acontecer na casa de eventos Memoratto, em Goi\u00e2nia.&hellip;","_links":{"self":[{"href":"https:\/\/goias.gov.br\/meioambiente\/wp-json\/wp\/v2\/posts\/97688","targetHints":{"allow":["GET"]}}],"collection":[{"href":"https:\/\/goias.gov.br\/meioambiente\/wp-json\/wp\/v2\/posts"}],"about":[{"href":"https:\/\/goias.gov.br\/meioambiente\/wp-json\/wp\/v2\/types\/post"}],"author":[{"embeddable":true,"href":"https:\/\/goias.gov.br\/meioambiente\/wp-json\/wp\/v2\/users\/684"}],"replies":[{"embeddable":true,"href":"https:\/\/goias.gov.br\/meioambiente\/wp-json\/wp\/v2\/comments?post=97688"}],"version-history":[{"count":1,"href":"https:\/\/goias.gov.br\/meioambiente\/wp-json\/wp\/v2\/posts\/97688\/revisions"}],"predecessor-version":[{"id":97694,"href":"https:\/\/goias.gov.br\/meioambiente\/wp-json\/wp\/v2\/posts\/97688\/revisions\/97694"}],"wp:featuredmedia":[{"embeddable":true,"href":"https:\/\/goias.gov.br\/meioambiente\/wp-json\/wp\/v2\/media\/97691"}],"wp:attachment":[{"href":"https:\/\/goias.gov.br\/meioambiente\/wp-json\/wp\/v2\/media?parent=97688"}],"wp:term":[{"taxonomy":"category","embeddable":true,"href":"https:\/\/goias.gov.br\/meioambiente\/wp-json\/wp\/v2\/categories?post=97688"},{"taxonomy":"post_tag","embeddable":true,"href":"https:\/\/goias.gov.br\/meioambiente\/wp-json\/wp\/v2\/tags?post=97688"}],"curies":[{"name":"wp","href":"https:\/\/api.w.org\/{rel}","templated":true}]}}