

{"id":90189,"date":"2025-05-07T15:48:54","date_gmt":"2025-05-07T18:48:54","guid":{"rendered":"https:\/\/goias.gov.br\/meioambiente\/?p=90189"},"modified":"2025-05-13T16:12:14","modified_gmt":"2025-05-13T19:12:14","slug":"semana-do-meio-ambiente-acontece-nos-dias-4-e-5-de-junho-com-desfile-de-moda-sustentavel-entrega-de-premios-e-seminario","status":"publish","type":"post","link":"https:\/\/goias.gov.br\/meioambiente\/semana-do-meio-ambiente-acontece-nos-dias-4-e-5-de-junho-com-desfile-de-moda-sustentavel-entrega-de-premios-e-seminario\/","title":{"rendered":"Semana do Meio Ambiente acontece nos dias 4 e 5 de junho com desfile de moda sustent\u00e1vel, entrega de pr\u00eamios e semin\u00e1rio"},"content":{"rendered":"\n<p><em>Edi\u00e7\u00e3o tem como tema a Conciliando Pessoas e Natureza<\/em><\/p>\n\n\n\n<p>Entre os dias 4 e 5 de junho, a Secretaria de Estado do Meio Ambiente e Desenvolvimento Sustent\u00e1vel (Semad) realizar\u00e1 a Semana do Meio Ambiente de 2025. A programa\u00e7\u00e3o inclui apresenta\u00e7\u00f5es culturais goianas, desfile de moda sustent\u00e1vel, entrega de pr\u00eamios e semin\u00e1rio acad\u00eamico.&nbsp;<\/p>\n\n\n\n<p>Nesta edi\u00e7\u00e3o, o evento acontecer\u00e1 na casa de eventos Memoratto, em Goi\u00e2nia, e tem como tema \u201cConciliando Pessoas e Natureza\u201d. O evento busca complementar e ampliar os debates e reflex\u00f5es sobre o Dia Mundial do Meio Ambiente, comemorado em 5 de junho, bem como conscientizar a sociedade sobre a preserva\u00e7\u00e3o dos recursos naturais e a necessidade de a\u00e7\u00f5es para um futuro mais sustent\u00e1vel.&nbsp;&nbsp;<\/p>\n\n\n\n<p>A cerim\u00f4nia de abertura acontecer\u00e1 durante a manh\u00e3 do dia 4 de junho, com a execu\u00e7\u00e3o do hino nacional e a apresenta\u00e7\u00e3o de violeiros goianos. Na sequ\u00eancia, ser\u00e1 entregue o pr\u00eamio em dinheiro para propriet\u00e1rios rurais contemplados pelo Cerrado em P\u00e9, Programa de Pagamento por Servi\u00e7os Ambientais (PSA) que remunera produtores que conservam vegeta\u00e7\u00e3o nativa.<\/p>\n\n\n\n<p>Tamb\u00e9m ser\u00e1 lan\u00e7ado o \u00cdndice de Sustentabilidade Municipal, uma ferramenta que vai monitorar os investimentos feitos por munic\u00edpios goianos em a\u00e7\u00f5es de gest\u00e3o e prote\u00e7\u00e3o ambiental, conserva\u00e7\u00e3o da biodiversidade e melhorias do saneamento e res\u00edduos. Os munic\u00edpios com melhor desempenho ter\u00e3o reconhecimento de m\u00e9rito pela secretaria e poder\u00e3o ser premiados com equipamentos e apoio a estrutura\u00e7\u00e3o.<\/p>\n\n\n\n<p>O evento continua durante a noite, a partir das 19 horas, quando ser\u00e1 realizado o primeiro baile sustent\u00e1vel da Semad. Autoridades e servidores p\u00fablicos assistir\u00e3o a um desfile de moda com pe\u00e7as sustent\u00e1veis, desenvolvidas por estudantes de moda do Senac e da Universidade Salgado de Oliveira (Universo).<\/p>\n\n\n\n<p>Durante o baile, tamb\u00e9m ser\u00e1 realizada a fala de autoridades e a entrega do Pr\u00eamio Goi\u00e1s Sustent\u00e1vel, que reconhece pr\u00e1ticas sustent\u00e1veis que melhoram a vida da popula\u00e7\u00e3o. Quem ainda n\u00e3o se inscreveu para essa premia\u00e7\u00e3o tem at\u00e9 o dia 14 de maio, quando o prazo se encerra.&nbsp;<\/p>\n\n\n\n<p>Ao todo, sete categorias do Goi\u00e1s Sustent\u00e1vel s\u00e3o premiadas: Inova\u00e7\u00e3o; Ci\u00eancias e Educa\u00e7\u00e3o, Sociobiodiversidade, Atividade produtiva sustent\u00e1vel, Pol\u00edticas p\u00fablicas, Impacto social e Comunica\u00e7\u00e3o, A\u00e7\u00f5es pelo clima.&nbsp;<\/p>\n\n\n\n<p>No dia 5 de junho ser\u00e1 realizado um semin\u00e1rio com apresenta\u00e7\u00e3o de trabalho de pesquisa na \u00e1rea ambiental. Al\u00e9m disso, ocorrer\u00e1 uma reuni\u00e3o para discutir a\u00e7\u00f5es que devem ser levadas para a Cop30, em Bel\u00e9m.<\/p>\n\n\n\n<p><strong>Secretaria de Estado de Meio Ambiente e Desenvolvimento Sustent\u00e1vel &#8211; Governo de Goi\u00e1s<\/strong><\/p>\n","protected":false},"excerpt":{"rendered":"<p>Edi\u00e7\u00e3o tem como tema a Conciliando Pessoas e Natureza Entre os dias 4 e 5 de junho, a Secretaria de Estado do Meio Ambiente e Desenvolvimento Sustent\u00e1vel (Semad) realizar\u00e1 a Semana do Meio Ambiente de 2025. A programa\u00e7\u00e3o inclui apresenta\u00e7\u00f5es culturais goianas, desfile de moda sustent\u00e1vel, entrega de pr\u00eamios e semin\u00e1rio acad\u00eamico.&nbsp; Nesta edi\u00e7\u00e3o, o [&hellip;]<\/p>\n","protected":false},"author":684,"featured_media":27906,"comment_status":"closed","ping_status":"open","sticky":false,"template":"","format":"standard","meta":{"footnotes":"","_links_to":"","_links_to_target":""},"categories":[2],"tags":[39,38,55,484],"class_list":["post-90189","post","type-post","status-publish","format-standard","has-post-thumbnail","hentry","category-noticias","tag-andrea-vulcanis","tag-meio-ambiente","tag-semad","tag-semana-do-meio-ambiente"],"rttpg_featured_image_url":{"full":["https:\/\/goias.gov.br\/meioambiente\/wp-content\/uploads\/sites\/33\/2023\/06\/vulcanis_semana_Meio_ambiente23-0ab.jpeg",1600,1076,false],"landscape":["https:\/\/goias.gov.br\/meioambiente\/wp-content\/uploads\/sites\/33\/2023\/06\/vulcanis_semana_Meio_ambiente23-0ab.jpeg",1600,1076,false],"portraits":["https:\/\/goias.gov.br\/meioambiente\/wp-content\/uploads\/sites\/33\/2023\/06\/vulcanis_semana_Meio_ambiente23-0ab.jpeg",1600,1076,false],"thumbnail":["https:\/\/goias.gov.br\/meioambiente\/wp-content\/uploads\/sites\/33\/2023\/06\/vulcanis_semana_Meio_ambiente23-0ab-150x150.jpeg",150,150,true],"medium":["https:\/\/goias.gov.br\/meioambiente\/wp-content\/uploads\/sites\/33\/2023\/06\/vulcanis_semana_Meio_ambiente23-0ab-300x202.jpeg",300,202,true],"large":["https:\/\/goias.gov.br\/meioambiente\/wp-content\/uploads\/sites\/33\/2023\/06\/vulcanis_semana_Meio_ambiente23-0ab-1024x689.jpeg",1024,689,true],"1536x1536":["https:\/\/goias.gov.br\/meioambiente\/wp-content\/uploads\/sites\/33\/2023\/06\/vulcanis_semana_Meio_ambiente23-0ab-1536x1033.jpeg",1536,1033,true],"2048x2048":["https:\/\/goias.gov.br\/meioambiente\/wp-content\/uploads\/sites\/33\/2023\/06\/vulcanis_semana_Meio_ambiente23-0ab.jpeg",1600,1076,false]},"rttpg_author":{"display_name":"","author_link":"https:\/\/goias.gov.br\/meioambiente\/author\/"},"rttpg_comment":0,"rttpg_category":"<a href=\"https:\/\/goias.gov.br\/meioambiente\/categoria\/noticias\/\" rel=\"category tag\">Not\u00edcias<\/a>","rttpg_excerpt":"Edi\u00e7\u00e3o tem como tema a Conciliando Pessoas e Natureza Entre os dias 4 e 5 de junho, a Secretaria de Estado do Meio Ambiente e Desenvolvimento Sustent\u00e1vel (Semad) realizar\u00e1 a Semana do Meio Ambiente de 2025. A programa\u00e7\u00e3o inclui apresenta\u00e7\u00f5es culturais goianas, desfile de moda sustent\u00e1vel, entrega de pr\u00eamios e semin\u00e1rio acad\u00eamico.&nbsp; Nesta edi\u00e7\u00e3o, o&hellip;","_links":{"self":[{"href":"https:\/\/goias.gov.br\/meioambiente\/wp-json\/wp\/v2\/posts\/90189","targetHints":{"allow":["GET"]}}],"collection":[{"href":"https:\/\/goias.gov.br\/meioambiente\/wp-json\/wp\/v2\/posts"}],"about":[{"href":"https:\/\/goias.gov.br\/meioambiente\/wp-json\/wp\/v2\/types\/post"}],"author":[{"embeddable":true,"href":"https:\/\/goias.gov.br\/meioambiente\/wp-json\/wp\/v2\/users\/684"}],"replies":[{"embeddable":true,"href":"https:\/\/goias.gov.br\/meioambiente\/wp-json\/wp\/v2\/comments?post=90189"}],"version-history":[{"count":2,"href":"https:\/\/goias.gov.br\/meioambiente\/wp-json\/wp\/v2\/posts\/90189\/revisions"}],"predecessor-version":[{"id":90922,"href":"https:\/\/goias.gov.br\/meioambiente\/wp-json\/wp\/v2\/posts\/90189\/revisions\/90922"}],"wp:featuredmedia":[{"embeddable":true,"href":"https:\/\/goias.gov.br\/meioambiente\/wp-json\/wp\/v2\/media\/27906"}],"wp:attachment":[{"href":"https:\/\/goias.gov.br\/meioambiente\/wp-json\/wp\/v2\/media?parent=90189"}],"wp:term":[{"taxonomy":"category","embeddable":true,"href":"https:\/\/goias.gov.br\/meioambiente\/wp-json\/wp\/v2\/categories?post=90189"},{"taxonomy":"post_tag","embeddable":true,"href":"https:\/\/goias.gov.br\/meioambiente\/wp-json\/wp\/v2\/tags?post=90189"}],"curies":[{"name":"wp","href":"https:\/\/api.w.org\/{rel}","templated":true}]}}