

{"id":324184,"date":"2026-03-17T11:08:14","date_gmt":"2026-03-17T14:08:14","guid":{"rendered":"https:\/\/goias.gov.br\/meioambiente\/?p=324184"},"modified":"2026-03-30T11:10:25","modified_gmt":"2026-03-30T14:10:25","slug":"semad-assina-acordo-com-secretaria-da-saude-para-monitorar-presenca-de-agrotoxicos-em-rios-corregos-e-lagos","status":"publish","type":"post","link":"https:\/\/goias.gov.br\/meioambiente\/semad-assina-acordo-com-secretaria-da-saude-para-monitorar-presenca-de-agrotoxicos-em-rios-corregos-e-lagos\/","title":{"rendered":"Semad assina acordo com Secretaria da Sa\u00fade para monitorar presen\u00e7a de agrot\u00f3xicos em rios, c\u00f3rregos e lagos"},"content":{"rendered":"\n<p><em>Acordo estabelece protocolos para avalia\u00e7\u00e3o de riscos e identifica\u00e7\u00e3o de \u00e1reas priorit\u00e1rias para proteger os recursos h\u00eddricos e a popula\u00e7\u00e3o<\/em><\/p>\n\n\n\n<p>Durante a abertura da Semana da \u00c1gua, nesta ter\u00e7a-feira (17\/03), em Goi\u00e2nia, a titular da Secretaria de Estado de Meio Ambiente e Desenvolvimento Sustent\u00e1vel (Semad), Andrea Vulcanis, assinou um termo de coopera\u00e7\u00e3o t\u00e9cnica com a Secretaria de Estado de Sa\u00fade (SES) para monitorar a presen\u00e7a de agrot\u00f3xicos em corpos h\u00eddricos de Goi\u00e1s. O titular da SES, Ras\u00edvel dos Reis, tamb\u00e9m esteve presente.<\/p>\n\n\n\n<p>Vulcanis destacou que a iniciativa contribui para dar mais transpar\u00eancia e seguran\u00e7a \u00e0 popula\u00e7\u00e3o em rela\u00e7\u00e3o \u00e0 qualidade da \u00e1gua no estado. \u201cA gente sabe que ainda existe muita d\u00favida sobre como est\u00e1 a qualidade das nossas \u00e1guas, especialmente quando se fala em sa\u00fade p\u00fablica e no uso de agrot\u00f3xicos. Ent\u00e3o, esse trabalho vem justamente para simplificar essa informa\u00e7\u00e3o e dar mais clareza para as pessoas\u201d, afirmou.<\/p>\n\n\n\n<p>Ras\u00edvel destacou que a qualidade da \u00e1gua est\u00e1 diretamente ligada \u00e0 sa\u00fade p\u00fablica e \u00e0 preven\u00e7\u00e3o de riscos. \u201cIsso traz seguran\u00e7a, traz sustentabilidade, traz promo\u00e7\u00e3o de sa\u00fade e traz preven\u00e7\u00e3o tamb\u00e9m para a gente ter alguma eventualidade, alguma intoxica\u00e7\u00e3o\u201d, disse.<\/p>\n\n\n\n<p>Segundo o secret\u00e1rio de Sa\u00fade, assegurar boas condi\u00e7\u00f5es da \u00e1gua \u00e9 essencial tanto para o consumo humano quanto para as atividades produtivas, refor\u00e7ando o car\u00e1ter transversal da pol\u00edtica p\u00fablica.<\/p>\n\n\n\n<h2 class=\"wp-block-heading\">Sobre o acordo<\/h2>\n\n\n\n<p>Ao longo dos pr\u00f3ximos tr\u00eas anos, est\u00e3o previstas coletas de amostragem em 40 pontos em todo o estado de Goi\u00e1s. O respons\u00e1vel pelo Centro de An\u00e1lises Ambientais e Laboratoriais (Ceamb) da Semad, Ernando Ara\u00fajo, explica que, por meio dessa coopera\u00e7\u00e3o, as duas secretarias passam a compartilhar dados, metodologias e estruturas de monitoramento, garantindo maior precis\u00e3o nos diagn\u00f3sticos ambientais e sanit\u00e1rios.<\/p>\n\n\n\n<p>Segundo Ara\u00fajo, os pontos das primeiras coletas ainda n\u00e3o foram definidos. A escolha deve acontecer nas pr\u00f3ximas semanas durante oficinas t\u00e9cnicas. \u201cA perspectiva \u00e9 que a gente fa\u00e7a a coleta a cada tr\u00eas meses, para a gente alcan\u00e7ar diferentes \u00e9pocas do ano: inverno, outono, primavera e ver\u00e3o. O foco, neste momento inicial, \u00e9 monitorar as \u00e1guas superficiais, ou seja, rios e lagos, em 16 pontos\u201d, afirma o respons\u00e1vel do Ceamb.<\/p>\n\n\n\n<p>Al\u00e9m da troca de informa\u00e7\u00f5es, o acordo estabelece protocolos conjuntos que ir\u00e3o avaliar riscos, identificar \u00e1reas priorit\u00e1rias para a\u00e7\u00e3o e aperfei\u00e7oamento cont\u00ednuo das pol\u00edticas p\u00fablicas voltadas \u00e0 prote\u00e7\u00e3o dos recursos h\u00eddricos e \u00e0 seguran\u00e7a da popula\u00e7\u00e3o.<\/p>\n\n\n\n<p>\u201cEssa parceria representa um marco no avan\u00e7o do monitoramento ambiental de Goi\u00e1s. N\u00f3s n\u00e3o temos conhecimento de algo parecido no Brasil. Claro, tem monitoramento de agrot\u00f3xicos realizados por outros estados, mas uma parceria entre os dois \u00f3rg\u00e3os, sa\u00fade e meio ambiente, voltadas para esse monitoramento, \u00e9 muito inovador\u201d, considerou Ara\u00fajo.<\/p>\n\n\n\n<h2 class=\"wp-block-heading\">Semana da \u00c1gua<\/h2>\n\n\n\n<p>A Semana da \u00c1gua teve in\u00edcio nesta ter\u00e7a-feira (17\/03), no espa\u00e7o Memoratto, em Goi\u00e2nia. O evento comemora o Dia Mundial da \u00c1gua e busca discutir e conscientizar sobre quest\u00f5es essenciais que envolvem os recursos h\u00eddricos. Neste ano, a programa\u00e7\u00e3o foi pensada para incluir os munic\u00edpios goianos, pois a Semana da \u00c1gua incorporou a 2\u00aa edi\u00e7\u00e3o do Congresso de Gest\u00e3o Ambiental Municipal.<\/p>\n\n\n\n<p>Al\u00e9m de atividades e temas que t\u00eam como p\u00fablico-alvo consultores ambientais e estudiosos sobre recursos h\u00eddricos, h\u00e1 tamb\u00e9m palestras pensadas para secret\u00e1rios e servidores municipais de meio ambiente, com temas diversos. A programa\u00e7\u00e3o completa do evento deste ano est\u00e1 dispon\u00edvel abaixo.<\/p>\n\n\n\n<p>N\u00e3o ser\u00e3o realizadas atividades da Semana da \u00c1gua no dia 20 de mar\u00e7o, pois o Governo de Goi\u00e1s decretou ponto facultativo para \u00f3rg\u00e3os e reparti\u00e7\u00f5es p\u00fablicas estaduais em raz\u00e3o da realiza\u00e7\u00e3o do Grande Pr\u00eamio de Goi\u00e1s de Motovelocidade (MotoGP), que acontecer\u00e1 no Aut\u00f3dromo Internacional de Goi\u00e2nia Ayrton Senna.<\/p>\n\n\n\n<h2 class=\"wp-block-heading\">Veja programa\u00e7\u00e3o completa Semana da \u00c1gua<\/h2>\n\n\n\n<p><strong>17 de mar\u00e7o, ter\u00e7a-feira<\/strong><\/p>\n\n\n\n<p>08h30 \u2013 Credenciamento e coffee break<br>09h30 \u2013 Solenidade de abertura com autoridades<br>12h \u2013 Pausa para almo\u00e7o<br>14h \u2013 Palestra com tema: \u201cEduca\u00e7\u00e3o Ambiental e pr\u00e1ticas municipais: da base conceitual \u00e0 interven\u00e7\u00e3o no territ\u00f3rio\u201d, com o Professor da Universidade Federal de Goi\u00e1s (UFG), Dr. Michel Mendes.<br>16h \u2013 Coffee Break<br>16h30 \u2013 Palestra com tema: \u201cPol\u00edticas p\u00fablicas de cuidado e bem-estar animal: Ferramentas para a gest\u00e3o municipal\u201d, com a secret\u00e1ria de bem-estar animal do munic\u00edpio de Senador Canedo, Isabella Lauria.<br>17h30 \u2013 Encerramento<\/p>\n\n\n\n<p><strong>18 de mar\u00e7o, quarta-feira<\/strong><\/p>\n\n\n\n<p>08h \u2013 Palestra com tema: \u201cPlano Estadual da Biodiversidade (PlanBio): Do diagn\u00f3stico \u00e0 a\u00e7\u00e3o, o novo marco estrat\u00e9gico para conserva\u00e7\u00e3o da biodiversidade em Goi\u00e1s\u201d, com o gerente de Conserva\u00e7\u00e3o, Biodiversidade e Fauna da Semad, Max Vin\u00edcius de Paula Abreu<br>8h30h &#8211; Palestra com tema: \u201cDa pol\u00edtica no papel \u00e0 transforma\u00e7\u00e3o real: planejar melhor para entregar valor ao cidad\u00e3o\u201d, com a subsecret\u00e1ria de planejamento, monitoramento e avalia\u00e7\u00e3o<br>da Secretaria de Estado de Economia, Danielle Gomes de Oliveira.<br>9h30 \u2013 Coffee Break<br>10h \u2013 Palestra com tema: \u201cRevitaliza\u00e7\u00e3o do Cerrado: Resultados e Experi\u00eancias do Programa Juntos Pelo Araguaia\u201d, com representante do Instituto Espinha\u00e7o<br>11h30 \u2013 Palestra com tema: \u201cPeixamento\u201d, com o bi\u00f3logo Wagner Idesa<br>12h \u2013 Pausa para almo\u00e7o<br>14h \u2013 Palestra com tema: \u201cArboriza\u00e7\u00e3o Urbana: Planejamento e Execu\u00e7\u00e3o\u201d, com a doutora Angeline Martini, da Universidade Federal de Vi\u00e7osa (UFV), e o t\u00e9cnico ambiental da Semad, Rodrigo Carlos Batista de Souza<br>15h30 \u2013 Coffee Break<br>16h \u2013 Palestra com tema: \u201cPrograma Lix\u00e3o Zero: fase definitiva \u2013 avan\u00e7os na gest\u00e3o de RSU em Goi\u00e1s\u201d, com a gerente de regionaliza\u00e7\u00e3o dos res\u00edduos s\u00f3lidos da Semad, Adjane Damasceno<br>17h \u2013 Palestra com tema: \u201cAdaptando o presente, preservando o futuro: Munic\u00edpios goianos resilientes\u201d, com a gerente de mudan\u00e7as clim\u00e1ticas e servi\u00e7os ecossist\u00eamicos da Semad, Nat\u00e1lia Brito<br>17h30 &#8211; Apresenta\u00e7\u00e3o do Programa Jovens Cientistas Ambientais de Goi\u00e1s<\/p>\n\n\n\n<p><strong>19 de mar\u00e7o, quinta-feira<\/strong><\/p>\n\n\n\n<p>08h &#8211; Welcome Coffee<br>09h &#8211; Apresenta\u00e7\u00e3o das entregas da gest\u00e3o de Recursos H\u00eddricos, com o subsecret\u00e1rio de licenciamento ambiental e recursos h\u00eddricos da Semad, Jos\u00e9 Bento da Rocha, e o superintendente de recursos h\u00eddricos da Semad, Alan Mosele Tonin<br>9h30 \u2013 Palestra com tema: \u201cO Futuro da Sa\u00fade Come\u00e7a pela \u00c1gua\u201d, com o m\u00e9dico Dr. Ricardo Ghelman<br>10h30 \u2013 Mesa redonda com o tema: \u201cDesafios atuais da gest\u00e3o h\u00eddrica\u201d, com a participa\u00e7\u00e3o de Ana Paula Fiorezze, da Ag\u00eancia Nacional de \u00c1guas e Saneamento B\u00e1sico (ANA), Iara Giacomini, do Minist\u00e9rio do Meio Ambiente e Mudan\u00e7a do Clima (MMA), e Fl\u00e1via Oliveira, do Banco Interamericano de Desenvolvimento (BID)<br>12h30 \u2013 Pausa para almo\u00e7o<br>14h \u2013 Oficina: Procedimentos de Outorga, Resolu\u00e7\u00e3o CERH n\u00ba 66, com o gerente de outorga de recursos h\u00eddricos da Semad, Guilherme Coelho<br>15h30 \u2013 Coffee Break<br>16h \u2013 Oficina: Procedimentos de Outorga (Sistema Veredas e cadastro), com o gerente de manejo de bacias hidrogr\u00e1ficas e sistema de informa\u00e7\u00f5es de recursos h\u00eddricos, Marcos Vin\u00edcius<br>17h30 \u2013 Encerramento<\/p>\n\n\n\n<p><strong>21 de mar\u00e7o, s\u00e1bado<\/strong><\/p>\n\n\n\n<p>07h30 \u00e0s 14h \u2013 Corrida das Nascentes no Parque Estadual Altamiro de Moura Pacheco (Peamp), em Goian\u00e1polis<br>Link para inscri\u00e7\u00e3o: https:\/\/www.sporttimer.com.br\/site\/eventosel.php?pst=3827&amp;ev=2277<\/p>\n\n\n\n<p>07h30 \u00e0s 14h \u2013 Trilha ecol\u00f3gica no Parque Estadual da Serra de Caldas Novas (Pescan) e visita ao balne\u00e1rio de \u00e1guas termais de Rio Quente.<br>Link para inscri\u00e7\u00e3o: https:\/\/web.eventogyn.com.br\/event\/trilhaeco\/site\/content\/inscricoes<\/p>\n\n\n\n<p>07h30 \u00e0s 14h \u2013 Canoagem nas \u00e1guas do Rio Claro, em Ca\u00e7u.<br>Link para inscri\u00e7\u00e3o: https:\/\/web.eventogyn.com.br\/event\/canoagem\/site\/content\/inscricoes<\/p>\n\n\n\n<p><em>Fotos: Semad<\/em><\/p>\n\n\n\n<p><em>Legenda: Semana da \u00c1gua discute quest\u00f5es essenciais que envolvem os recursos h\u00eddricos<\/em><\/p>\n\n\n\n<p><strong>Secretaria de Estado de Meio Ambiente e Desenvolvimento Sustent\u00e1vel &#8211; Governo de Goi\u00e1s<\/strong><\/p>\n","protected":false},"excerpt":{"rendered":"<p>Acordo estabelece protocolos para avalia\u00e7\u00e3o de riscos e identifica\u00e7\u00e3o de \u00e1reas priorit\u00e1rias para proteger os recursos h\u00eddricos e a popula\u00e7\u00e3o Durante a abertura da Semana da \u00c1gua, nesta ter\u00e7a-feira (17\/03), em Goi\u00e2nia, a titular da Secretaria de Estado de Meio Ambiente e Desenvolvimento Sustent\u00e1vel (Semad), Andrea Vulcanis, assinou um termo de coopera\u00e7\u00e3o t\u00e9cnica com a [&hellip;]<\/p>\n","protected":false},"author":923,"featured_media":324198,"comment_status":"closed","ping_status":"open","sticky":false,"template":"","format":"standard","meta":{"footnotes":"","_links_to":"","_links_to_target":""},"categories":[2],"tags":[524],"class_list":["post-324184","post","type-post","status-publish","format-standard","has-post-thumbnail","hentry","category-noticias","tag-semana-da-agua-2"],"rttpg_featured_image_url":{"full":["https:\/\/goias.gov.br\/meioambiente\/wp-content\/uploads\/sites\/33\/2026\/03\/SEMANA-DA-AGUA-2026-ACORDO-SES-E-SEMAD.jpeg",1280,960,false],"landscape":["https:\/\/goias.gov.br\/meioambiente\/wp-content\/uploads\/sites\/33\/2026\/03\/SEMANA-DA-AGUA-2026-ACORDO-SES-E-SEMAD.jpeg",1280,960,false],"portraits":["https:\/\/goias.gov.br\/meioambiente\/wp-content\/uploads\/sites\/33\/2026\/03\/SEMANA-DA-AGUA-2026-ACORDO-SES-E-SEMAD.jpeg",1280,960,false],"thumbnail":["https:\/\/goias.gov.br\/meioambiente\/wp-content\/uploads\/sites\/33\/2026\/03\/SEMANA-DA-AGUA-2026-ACORDO-SES-E-SEMAD-150x150.jpeg",150,150,true],"medium":["https:\/\/goias.gov.br\/meioambiente\/wp-content\/uploads\/sites\/33\/2026\/03\/SEMANA-DA-AGUA-2026-ACORDO-SES-E-SEMAD-300x225.jpeg",300,225,true],"large":["https:\/\/goias.gov.br\/meioambiente\/wp-content\/uploads\/sites\/33\/2026\/03\/SEMANA-DA-AGUA-2026-ACORDO-SES-E-SEMAD-1024x768.jpeg",1024,768,true],"1536x1536":["https:\/\/goias.gov.br\/meioambiente\/wp-content\/uploads\/sites\/33\/2026\/03\/SEMANA-DA-AGUA-2026-ACORDO-SES-E-SEMAD.jpeg",1280,960,false],"2048x2048":["https:\/\/goias.gov.br\/meioambiente\/wp-content\/uploads\/sites\/33\/2026\/03\/SEMANA-DA-AGUA-2026-ACORDO-SES-E-SEMAD.jpeg",1280,960,false]},"rttpg_author":{"display_name":"larissachaveiro","author_link":"https:\/\/goias.gov.br\/meioambiente\/author\/larissachaveiro1\/"},"rttpg_comment":0,"rttpg_category":"<a href=\"https:\/\/goias.gov.br\/meioambiente\/categoria\/noticias\/\" rel=\"category tag\">Not\u00edcias<\/a>","rttpg_excerpt":"Acordo estabelece protocolos para avalia\u00e7\u00e3o de riscos e identifica\u00e7\u00e3o de \u00e1reas priorit\u00e1rias para proteger os recursos h\u00eddricos e a popula\u00e7\u00e3o Durante a abertura da Semana da \u00c1gua, nesta ter\u00e7a-feira (17\/03), em Goi\u00e2nia, a titular da Secretaria de Estado de Meio Ambiente e Desenvolvimento Sustent\u00e1vel (Semad), Andrea Vulcanis, assinou um termo de coopera\u00e7\u00e3o t\u00e9cnica com a&hellip;","_links":{"self":[{"href":"https:\/\/goias.gov.br\/meioambiente\/wp-json\/wp\/v2\/posts\/324184","targetHints":{"allow":["GET"]}}],"collection":[{"href":"https:\/\/goias.gov.br\/meioambiente\/wp-json\/wp\/v2\/posts"}],"about":[{"href":"https:\/\/goias.gov.br\/meioambiente\/wp-json\/wp\/v2\/types\/post"}],"author":[{"embeddable":true,"href":"https:\/\/goias.gov.br\/meioambiente\/wp-json\/wp\/v2\/users\/923"}],"replies":[{"embeddable":true,"href":"https:\/\/goias.gov.br\/meioambiente\/wp-json\/wp\/v2\/comments?post=324184"}],"version-history":[{"count":1,"href":"https:\/\/goias.gov.br\/meioambiente\/wp-json\/wp\/v2\/posts\/324184\/revisions"}],"predecessor-version":[{"id":324195,"href":"https:\/\/goias.gov.br\/meioambiente\/wp-json\/wp\/v2\/posts\/324184\/revisions\/324195"}],"wp:featuredmedia":[{"embeddable":true,"href":"https:\/\/goias.gov.br\/meioambiente\/wp-json\/wp\/v2\/media\/324198"}],"wp:attachment":[{"href":"https:\/\/goias.gov.br\/meioambiente\/wp-json\/wp\/v2\/media?parent=324184"}],"wp:term":[{"taxonomy":"category","embeddable":true,"href":"https:\/\/goias.gov.br\/meioambiente\/wp-json\/wp\/v2\/categories?post=324184"},{"taxonomy":"post_tag","embeddable":true,"href":"https:\/\/goias.gov.br\/meioambiente\/wp-json\/wp\/v2\/tags?post=324184"}],"curies":[{"name":"wp","href":"https:\/\/api.w.org\/{rel}","templated":true}]}}