

{"id":324119,"date":"2026-03-17T10:59:10","date_gmt":"2026-03-17T13:59:10","guid":{"rendered":"https:\/\/goias.gov.br\/meioambiente\/?p=324119"},"modified":"2026-03-30T11:02:25","modified_gmt":"2026-03-30T14:02:25","slug":"em-tom-de-despedida-caiado-elogia-semad-voces-construiram-um-outro-estado-de-goias","status":"publish","type":"post","link":"https:\/\/goias.gov.br\/meioambiente\/em-tom-de-despedida-caiado-elogia-semad-voces-construiram-um-outro-estado-de-goias\/","title":{"rendered":"Em tom de despedida, Caiado elogia Semad: &#8216;Voc\u00eas constru\u00edram um outro Estado de Goi\u00e1s&#8217;"},"content":{"rendered":"\n<p><em>Evento reuniu gestores, t\u00e9cnicos e munic\u00edpios para discutir gest\u00e3o h\u00eddrica e apresenta avan\u00e7os ambientais consolidados no estado<\/em><\/p>\n\n\n\n<p>Em tom de despedida, o governador Ronaldo Caiado participou da abertura da Semana da \u00c1gua 2026, nesta ter\u00e7a-feira (17\/03), e elogiou a Secretaria de Estado de Meio Ambiente e Desenvolvimento Sustent\u00e1vel (Semad) por avan\u00e7os conquistados nos \u00faltimos sete anos e meio.<\/p>\n\n\n\n<p>\u201cVoc\u00eas constru\u00edram um outro Estado de Goi\u00e1s. Eu busquei secret\u00e1rios por qualidade, por compet\u00eancia, e dei liberdade e independ\u00eancia para que pudessem agir, e \u00e9 isso que fez a diferen\u00e7a. Hoje, n\u00f3s temos resultados concretos: a \u00e1gua voltou a brotar onde n\u00e3o existia mais \u00e1gua, os munic\u00edpios passaram a saber como desenvolver sua \u00e1rea ambiental com apoio do governo\u201d, exaltou o governador.<\/p>\n\n\n\n<p>Ao final do discurso, Caiado agradeceu \u00e0 equipe pelos resultados alcan\u00e7ados ao longo da gest\u00e3o. \u201cQuero tamb\u00e9m me despedir de voc\u00eas como governador de Goi\u00e1s. Voc\u00eas me ajudaram a cumprir talvez a promessa mais dif\u00edcil que fiz, de devolver Goi\u00e1s aos goianos\u201d, afirmou.<\/p>\n\n\n\n<figure class=\"wp-block-image size-large\"><img fetchpriority=\"high\" decoding=\"async\" width=\"1024\" height=\"768\" src=\"https:\/\/goias.gov.br\/meioambiente\/wp-content\/uploads\/sites\/33\/2026\/03\/SEMANA-DA-AGUA-2026-CAIADO-FALA-1024x768.jpeg\" alt=\"\" class=\"wp-image-324139\" srcset=\"https:\/\/goias.gov.br\/meioambiente\/wp-content\/uploads\/sites\/33\/2026\/03\/SEMANA-DA-AGUA-2026-CAIADO-FALA-1024x768.jpeg 1024w, https:\/\/goias.gov.br\/meioambiente\/wp-content\/uploads\/sites\/33\/2026\/03\/SEMANA-DA-AGUA-2026-CAIADO-FALA-300x225.jpeg 300w, https:\/\/goias.gov.br\/meioambiente\/wp-content\/uploads\/sites\/33\/2026\/03\/SEMANA-DA-AGUA-2026-CAIADO-FALA-768x576.jpeg 768w, https:\/\/goias.gov.br\/meioambiente\/wp-content\/uploads\/sites\/33\/2026\/03\/SEMANA-DA-AGUA-2026-CAIADO-FALA.jpeg 1280w\" sizes=\"(max-width: 1024px) 100vw, 1024px\" \/><\/figure>\n\n\n\n<p>A titular da Semad, Andr\u00e9a Vulcanis, destacou o di\u00e1logo com todos os setores ao longo dos \u00faltimos sete anos. \u201cCuidar do meio ambiente n\u00e3o \u00e9 cuidar de \u00e1rvore, n\u00e3o \u00e9 cuidar de animal, \u00e9 cuidar de pessoas. \u00c9 colocar as pessoas no centro das pol\u00edticas p\u00fablicas. E a grande novidade de Goi\u00e1s \u00e9 que a gente faz pol\u00edtica p\u00fablica de meio ambiente sem brigar, sem se contrapor com ningu\u00e9m. O que a gente faz \u00e9 construir de forma dialogada, com a participa\u00e7\u00e3o de todos\u201d, disse.<\/p>\n\n\n\n<p>Ao destacar o legado de Caiado, Vulcanis afirmou que a gest\u00e3o promoveu uma transforma\u00e7\u00e3o concreta em Goi\u00e1s. \u201cO legado do governador Ronaldo Caiado \u00e9 extraordin\u00e1rio. \u00c9 uma gest\u00e3o que passou por Goi\u00e1s fazendo a diferen\u00e7a em todas as \u00e1reas, mas especialmente no meio ambiente, onde conseguimos construir pol\u00edticas p\u00fablicas que sa\u00edram do papel e chegaram de verdade na vida das pessoas\u201d, disse.<\/p>\n\n\n\n<h2 class=\"wp-block-heading\">Semana da \u00c1gua<\/h2>\n\n\n\n<p>O evento teve in\u00edcio \u00e0s 8h30 desta ter\u00e7a-feira (17\/03). Ap\u00f3s a fala das autoridades, a programa\u00e7\u00e3o seguiu com a apresenta\u00e7\u00e3o de iniciativas estrat\u00e9gicas conduzidas pela Semad, como a entrega da premia\u00e7\u00e3o aos munic\u00edpios vencedores do \u00cdndice de Sustentabilidade Municipal (ISM) e a assinatura de um Acordo de Coopera\u00e7\u00e3o T\u00e9cnica entre as secretarias de Sa\u00fade e Meio Ambiente.<\/p>\n\n\n\n<p>Alguns benefici\u00e1rios do programa de Pagamento por Servi\u00e7os Ambientais (PSA), incluindo a modalidade voltada \u00e0s comunidades tradicionais, tamb\u00e9m foram chamados ao palco, representando a Associa\u00e7\u00e3o das Aldeias Buridina e Bde Bur\u00e9 de Aruan\u00e3, do povo Karaj\u00e1, primeira contemplada pelo programa, que recebeu o primeiro pagamento no valor de R$ 69,9 mil.<\/p>\n\n\n\n<p>A programa\u00e7\u00e3o segue durante a tarde, a partir das 14h. O professor Michel Mendes, da Universidade Federal de Goi\u00e1s (UFG), d\u00e1 in\u00edcio \u00e0s palestras com o tema: \u201cEduca\u00e7\u00e3o Ambiental e pr\u00e1ticas municipais: da base conceitual \u00e0 interven\u00e7\u00e3o no territ\u00f3rio\u201d.<\/p>\n\n\n\n<h2 class=\"wp-block-heading\">Veja programa\u00e7\u00e3o completa Semana da \u00c1gua<\/h2>\n\n\n\n<p><strong>17 de mar\u00e7o, ter\u00e7a-feira<\/strong><\/p>\n\n\n\n<p>08h30 \u2013 Credenciamento e coffee break<br>09h30 \u2013 Solenidade de abertura com autoridades<br>12h \u2013 Pausa para almo\u00e7o<br>14h \u2013 Palestra com tema: \u201cEduca\u00e7\u00e3o Ambiental e pr\u00e1ticas municipais: da base conceitual \u00e0 interven\u00e7\u00e3o no territ\u00f3rio\u201d, com o Professor da Universidade Federal de Goi\u00e1s (UFG), Dr. Michel Mendes.<br>16h \u2013 Coffee Break<br>16h30 \u2013 Palestra com tema: \u201cPol\u00edticas p\u00fablicas de cuidado e bem-estar animal: Ferramentas para a gest\u00e3o municipal\u201d, com a secret\u00e1ria de bem-estar animal do munic\u00edpio de Senador Canedo, Isabella Lauria.<br>17h30 \u2013 Encerramento<\/p>\n\n\n\n<p><strong>18 de mar\u00e7o, quarta-feira<\/strong><\/p>\n\n\n\n<p>08h \u2013 Palestra com tema: \u201cPlano Estadual da Biodiversidade (PlanBio): Do diagn\u00f3stico \u00e0 a\u00e7\u00e3o, o novo marco estrat\u00e9gico para conserva\u00e7\u00e3o da biodiversidade em Goi\u00e1s\u201d, com o gerente de Conserva\u00e7\u00e3o, Biodiversidade e Fauna da Semad, Max Vin\u00edcius de Paula Abreu<br>8h30h &#8211; Palestra com tema: \u201cDa pol\u00edtica no papel \u00e0 transforma\u00e7\u00e3o real: planejar melhor para entregar valor ao cidad\u00e3o\u201d, com a subsecret\u00e1ria de planejamento, monitoramento e avalia\u00e7\u00e3o<br>da Secretaria de Estado de Economia, Danielle Gomes de Oliveira.<br>9h30 \u2013 Coffee Break<br>10h \u2013 Palestra com tema: \u201cRevitaliza\u00e7\u00e3o do Cerrado: Resultados e Experi\u00eancias do Programa Juntos Pelo Araguaia\u201d, com representante do Instituto Espinha\u00e7o<br>11h30 \u2013 Palestra com tema: \u201cPeixamento\u201d, com o bi\u00f3logo Wagner Idesa<br>12h \u2013 Pausa para almo\u00e7o<br>14h \u2013 Palestra com tema: \u201cArboriza\u00e7\u00e3o Urbana: Planejamento e Execu\u00e7\u00e3o\u201d, com a doutora Angeline Martini, da Universidade Federal de Vi\u00e7osa (UFV), e o t\u00e9cnico ambiental da Semad, Rodrigo Carlos Batista de Souza<br>15h30 \u2013 Coffee Break<br>16h \u2013 Palestra com tema: \u201cPrograma Lix\u00e3o Zero: fase definitiva \u2013 avan\u00e7os na gest\u00e3o de RSU em Goi\u00e1s\u201d, com a gerente de regionaliza\u00e7\u00e3o dos res\u00edduos s\u00f3lidos da Semad, Adjane Damasceno<br>17h \u2013 Palestra com tema: \u201cAdaptando o presente, preservando o futuro: Munic\u00edpios goianos resilientes\u201d, com a gerente de mudan\u00e7as clim\u00e1ticas e servi\u00e7os ecossist\u00eamicos da Semad, Nat\u00e1lia Brito<br>17h30 &#8211; Apresenta\u00e7\u00e3o do Programa Jovens Cientistas Ambientais de Goi\u00e1s<\/p>\n\n\n\n<p><strong>19 de mar\u00e7o, quinta-feira<\/strong><\/p>\n\n\n\n<p>08h &#8211; Welcome Coffee<br>09h &#8211; Apresenta\u00e7\u00e3o das entregas da gest\u00e3o de Recursos H\u00eddricos, com o subsecret\u00e1rio de licenciamento ambiental e recursos h\u00eddricos da Semad, Jos\u00e9 Bento da Rocha, e o superintendente de recursos h\u00eddricos da Semad, Alan Mosele Tonin<br>9h30 \u2013 Palestra com tema: \u201cO Futuro da Sa\u00fade Come\u00e7a pela \u00c1gua\u201d, com o m\u00e9dico Dr. Ricardo Ghelman<br>10h30 \u2013 Mesa redonda com o tema: \u201cDesafios atuais da gest\u00e3o h\u00eddrica\u201d, com a participa\u00e7\u00e3o de Ana Paula Fiorezze, da Ag\u00eancia Nacional de \u00c1guas e Saneamento B\u00e1sico (ANA), Iara Giacomini, do Minist\u00e9rio do Meio Ambiente e Mudan\u00e7a do Clima (MMA), e Fl\u00e1via Oliveira, do Banco Interamericano de Desenvolvimento (BID)<br>12h30 \u2013 Pausa para almo\u00e7o<br>14h \u2013 Oficina: Procedimentos de Outorga, Resolu\u00e7\u00e3o CERH n\u00ba 66, com o gerente de outorga de recursos h\u00eddricos da Semad, Guilherme Coelho<br>15h30 \u2013 Coffee Break<br>16h \u2013 Oficina: Procedimentos de Outorga (Sistema Veredas e cadastro), com o gerente de manejo de bacias hidrogr\u00e1ficas e sistema de informa\u00e7\u00f5es de recursos h\u00eddricos, Marcos Vin\u00edcius<br>17h30 \u2013 Encerramento<\/p>\n\n\n\n<p><strong>21 de mar\u00e7o, s\u00e1bado<\/strong><\/p>\n\n\n\n<p>07h30 \u00e0s 14h \u2013 Corrida das Nascentes no Parque Estadual Altamiro de Moura Pacheco (Peamp), em Goian\u00e1polis<br>Link para inscri\u00e7\u00e3o: https:\/\/www.sporttimer.com.br\/site\/eventosel.php?pst=3827&amp;ev=2277<\/p>\n\n\n\n<p>07h30 \u00e0s 14h \u2013 Trilha ecol\u00f3gica no Parque Estadual da Serra de Caldas Novas (Pescan) e visita ao balne\u00e1rio de \u00e1guas termais de Rio Quente.<br>Link para inscri\u00e7\u00e3o: https:\/\/web.eventogyn.com.br\/event\/trilhaeco\/site\/content\/inscricoes<\/p>\n\n\n\n<p>07h30 \u00e0s 14h \u2013 Canoagem nas \u00e1guas do Rio Claro, em Ca\u00e7u.<br>Link para inscri\u00e7\u00e3o: https:\/\/web.eventogyn.com.br\/event\/canoagem\/site\/content\/inscricoes<\/p>\n\n\n\n<p><em>Fotos: Semad<\/em><\/p>\n\n\n\n<p><em>Legenda: Semana da \u00c1gua discute quest\u00f5es essenciais que envolvem os recursos h\u00eddricos<\/em><\/p>\n\n\n\n<p><strong>Secretaria de Estado de Meio Ambiente e Desenvolvimento Sustent\u00e1vel &#8211; Governo de Goi\u00e1s<\/strong><\/p>\n","protected":false},"excerpt":{"rendered":"<p>Evento reuniu gestores, t\u00e9cnicos e munic\u00edpios para discutir gest\u00e3o h\u00eddrica e apresenta avan\u00e7os ambientais consolidados no estado Em tom de despedida, o governador Ronaldo Caiado participou da abertura da Semana da \u00c1gua 2026, nesta ter\u00e7a-feira (17\/03), e elogiou a Secretaria de Estado de Meio Ambiente e Desenvolvimento Sustent\u00e1vel (Semad) por avan\u00e7os conquistados nos \u00faltimos sete [&hellip;]<\/p>\n","protected":false},"author":923,"featured_media":324131,"comment_status":"closed","ping_status":"open","sticky":false,"template":"","format":"standard","meta":{"footnotes":"","_links_to":"","_links_to_target":""},"categories":[2],"tags":[524],"class_list":["post-324119","post","type-post","status-publish","format-standard","has-post-thumbnail","hentry","category-noticias","tag-semana-da-agua-2"],"rttpg_featured_image_url":{"full":["https:\/\/goias.gov.br\/meioambiente\/wp-content\/uploads\/sites\/33\/2026\/03\/SEMANA-DA-AGUA-2026-CAIADO-ANDREA-VULCANIS.jpg",1366,768,false],"landscape":["https:\/\/goias.gov.br\/meioambiente\/wp-content\/uploads\/sites\/33\/2026\/03\/SEMANA-DA-AGUA-2026-CAIADO-ANDREA-VULCANIS.jpg",1366,768,false],"portraits":["https:\/\/goias.gov.br\/meioambiente\/wp-content\/uploads\/sites\/33\/2026\/03\/SEMANA-DA-AGUA-2026-CAIADO-ANDREA-VULCANIS.jpg",1366,768,false],"thumbnail":["https:\/\/goias.gov.br\/meioambiente\/wp-content\/uploads\/sites\/33\/2026\/03\/SEMANA-DA-AGUA-2026-CAIADO-ANDREA-VULCANIS-150x150.jpg",150,150,true],"medium":["https:\/\/goias.gov.br\/meioambiente\/wp-content\/uploads\/sites\/33\/2026\/03\/SEMANA-DA-AGUA-2026-CAIADO-ANDREA-VULCANIS-300x169.jpg",300,169,true],"large":["https:\/\/goias.gov.br\/meioambiente\/wp-content\/uploads\/sites\/33\/2026\/03\/SEMANA-DA-AGUA-2026-CAIADO-ANDREA-VULCANIS-1024x576.jpg",1024,576,true],"1536x1536":["https:\/\/goias.gov.br\/meioambiente\/wp-content\/uploads\/sites\/33\/2026\/03\/SEMANA-DA-AGUA-2026-CAIADO-ANDREA-VULCANIS.jpg",1366,768,false],"2048x2048":["https:\/\/goias.gov.br\/meioambiente\/wp-content\/uploads\/sites\/33\/2026\/03\/SEMANA-DA-AGUA-2026-CAIADO-ANDREA-VULCANIS.jpg",1366,768,false]},"rttpg_author":{"display_name":"larissachaveiro","author_link":"https:\/\/goias.gov.br\/meioambiente\/author\/larissachaveiro1\/"},"rttpg_comment":0,"rttpg_category":"<a href=\"https:\/\/goias.gov.br\/meioambiente\/categoria\/noticias\/\" rel=\"category tag\">Not\u00edcias<\/a>","rttpg_excerpt":"Evento reuniu gestores, t\u00e9cnicos e munic\u00edpios para discutir gest\u00e3o h\u00eddrica e apresenta avan\u00e7os ambientais consolidados no estado Em tom de despedida, o governador Ronaldo Caiado participou da abertura da Semana da \u00c1gua 2026, nesta ter\u00e7a-feira (17\/03), e elogiou a Secretaria de Estado de Meio Ambiente e Desenvolvimento Sustent\u00e1vel (Semad) por avan\u00e7os conquistados nos \u00faltimos sete&hellip;","_links":{"self":[{"href":"https:\/\/goias.gov.br\/meioambiente\/wp-json\/wp\/v2\/posts\/324119","targetHints":{"allow":["GET"]}}],"collection":[{"href":"https:\/\/goias.gov.br\/meioambiente\/wp-json\/wp\/v2\/posts"}],"about":[{"href":"https:\/\/goias.gov.br\/meioambiente\/wp-json\/wp\/v2\/types\/post"}],"author":[{"embeddable":true,"href":"https:\/\/goias.gov.br\/meioambiente\/wp-json\/wp\/v2\/users\/923"}],"replies":[{"embeddable":true,"href":"https:\/\/goias.gov.br\/meioambiente\/wp-json\/wp\/v2\/comments?post=324119"}],"version-history":[{"count":2,"href":"https:\/\/goias.gov.br\/meioambiente\/wp-json\/wp\/v2\/posts\/324119\/revisions"}],"predecessor-version":[{"id":324145,"href":"https:\/\/goias.gov.br\/meioambiente\/wp-json\/wp\/v2\/posts\/324119\/revisions\/324145"}],"wp:featuredmedia":[{"embeddable":true,"href":"https:\/\/goias.gov.br\/meioambiente\/wp-json\/wp\/v2\/media\/324131"}],"wp:attachment":[{"href":"https:\/\/goias.gov.br\/meioambiente\/wp-json\/wp\/v2\/media?parent=324119"}],"wp:term":[{"taxonomy":"category","embeddable":true,"href":"https:\/\/goias.gov.br\/meioambiente\/wp-json\/wp\/v2\/categories?post=324119"},{"taxonomy":"post_tag","embeddable":true,"href":"https:\/\/goias.gov.br\/meioambiente\/wp-json\/wp\/v2\/tags?post=324119"}],"curies":[{"name":"wp","href":"https:\/\/api.w.org\/{rel}","templated":true}]}}