

{"id":324086,"date":"2026-03-17T10:58:02","date_gmt":"2026-03-17T13:58:02","guid":{"rendered":"https:\/\/goias.gov.br\/meioambiente\/?p=324086"},"modified":"2026-03-30T10:58:31","modified_gmt":"2026-03-30T13:58:31","slug":"governo-anuncia-uso-de-ia-no-licenciamento-ambiental-em-goias","status":"publish","type":"post","link":"https:\/\/goias.gov.br\/meioambiente\/governo-anuncia-uso-de-ia-no-licenciamento-ambiental-em-goias\/","title":{"rendered":"Governo anuncia uso de IA no licenciamento ambiental em Goi\u00e1s"},"content":{"rendered":"\n<p><em>Informa\u00e7\u00e3o foi dada pelo governador Ronaldo Caiado e pela titular da Semad, Andr\u00e9a Vulcanis, na abertura da Semana da \u00c1gua<\/em><\/p>\n\n\n\n<p>O governador Ronaldo Caiado e a secret\u00e1ria de Estado de Meio Ambiente e Desenvolvimento Sustent\u00e1vel, Andr\u00e9a Vulcanis, anunciaram nesta ter\u00e7a-feira (17) a ado\u00e7\u00e3o da Intelig\u00eancia Artificial (IA) no licenciamento ambiental em Goi\u00e1s.<\/p>\n\n\n\n<p>A not\u00edcia foi dada em evento que deu in\u00edcio \u00e0 programa\u00e7\u00e3o do Dia Mundial da \u00c1gua, a ser celebrado em 22 de mar\u00e7o.<\/p>\n\n\n\n<p>A implementa\u00e7\u00e3o da IA est\u00e1 sendo feita em parceria com o Google, que ofertou o desenvolvimento de uma solu\u00e7\u00e3o, chamada M\u00ednimo Vi\u00e1vel Poss\u00edvel (MVP). A grosso modo, o MVP \u00e9 uma vers\u00e3o mais simplificada do servi\u00e7o. Depois dos eventuais ajustes e da valida\u00e7\u00e3o, as partes avan\u00e7ar\u00e3o para o contrato efetivo.<\/p>\n\n\n\n<p>O MPV est\u00e1 sendo usado em tarefas mais autom\u00e1ticas do processo de an\u00e1lise dos pedidos de licen\u00e7a &#8211; como, por exemplo, a verifica\u00e7\u00e3o de eventual sobreposi\u00e7\u00e3o do per\u00edmetro a ser ocupado pelo empreendimento com territ\u00f3rios quilombolas, ind\u00edgenas, ou \u00c1reas de Preserva\u00e7\u00e3o Permanente (APPs). A parte an\u00e1litica continua sendo realizada por servidores da Semad.<\/p>\n\n\n\n<p>&#8220;A nossa expectativa n\u00e3o \u00e9 a de substituir humanos em 100% do processo. \u00c9 implementar IA naquelas etapas que s\u00e3o de confronta\u00e7\u00e3o de informa\u00e7\u00e3o, checagem e identifica\u00e7\u00e3o de par\u00e2metros m\u00ednimos para subsidiar a tomada de decis\u00e3o. Acreditamos que a tomada de decis\u00e3o deve permanecer sendo dos t\u00e9cnicos&#8221;, explica Andr\u00e9a Vulcanis.<\/p>\n\n\n\n<p>A secret\u00e1ria afirma que, em pouco tempo, o uso da IA j\u00e1 demonstrou que \u00e9 poss\u00edvel executar, em minutos, etapas que costumavam demorar em m\u00e9dia duas horas para serem conclu\u00eddas. Ela avalia que, al\u00e9m do licenciamento, \u00e9 vi\u00e1vel implementar solu\u00e7\u00f5es parecidas na tramita\u00e7\u00e3o dos autos de infra\u00e7\u00e3o (para evitar que prescrevam), na an\u00e1lise de outorgas, de Declara\u00e7\u00f5es Ambientais de Im\u00f3veis (DAIs) e de Cadastros Ambientais Rurais (CAR).<\/p>\n\n\n\n<h2 class=\"wp-block-heading\">Reorganiza\u00e7\u00e3o<\/h2>\n\n\n\n<p>O subsecret\u00e1rio de Licenciamento, Fiscaliza\u00e7\u00e3o e Controle da Semad, Robson Disarz, afirma que a ado\u00e7\u00e3o dessa tecnologia n\u00e3o implicar\u00e1 na redu\u00e7\u00e3o do quadro de analistas e t\u00e9cnicos ambientais lotados na \u00e1rea de licenciamento da Semad.<\/p>\n\n\n\n<p>&#8220;O que vamos fazer \u00e9 concentrar servidores em tarefas que s\u00e3o, de fato, mais importantes no processo. Sobretudo nos estudos vinculados a viabilidade de implementa\u00e7\u00e3o e controle dos impactos ambientais dos empreendimentos&#8221;, completa.<\/p>\n\n\n\n<p>O uso de IA na gest\u00e3o ambiental \u00e9 um caminho ainda pouco explorado no Brasil. Sabe-se, por exemplo, que em Minas Gerais o governo usa solu\u00e7\u00f5es tecnol\u00f3gicas parecidas no julgamento de autos de infra\u00e7\u00e3o e que l\u00e1 a decis\u00e3o final tamb\u00e9m cabe a um analista. &#8220;De todo modo, \u00e9 uma \u00e1rea que precisa ser desbravada. Goi\u00e1s est\u00e1 na vanguarda&#8221;, diz o subsecret\u00e1rio.<\/p>\n\n\n\n<p><em>Fotos: Semad<\/em><\/p>\n\n\n\n<p><em>Legenda: uso de intelig\u00eancia artificial dar\u00e1 mais efici\u00eancia e celeridade ao licenciamento ambiental em Goi\u00e1s<\/em><\/p>\n\n\n\n<p><strong>Secretaria de Estado de Meio Ambiente e Desenvolvimento Sustent\u00e1vel &#8211; Governo de Goi\u00e1s<\/strong><\/p>\n","protected":false},"excerpt":{"rendered":"<p>Informa\u00e7\u00e3o foi dada pelo governador Ronaldo Caiado e pela titular da Semad, Andr\u00e9a Vulcanis, na abertura da Semana da \u00c1gua O governador Ronaldo Caiado e a secret\u00e1ria de Estado de Meio Ambiente e Desenvolvimento Sustent\u00e1vel, Andr\u00e9a Vulcanis, anunciaram nesta ter\u00e7a-feira (17) a ado\u00e7\u00e3o da Intelig\u00eancia Artificial (IA) no licenciamento ambiental em Goi\u00e1s. A not\u00edcia foi [&hellip;]<\/p>\n","protected":false},"author":923,"featured_media":324098,"comment_status":"closed","ping_status":"open","sticky":false,"template":"","format":"standard","meta":{"footnotes":"","_links_to":"","_links_to_target":""},"categories":[2],"tags":[57,524],"class_list":["post-324086","post","type-post","status-publish","format-standard","has-post-thumbnail","hentry","category-noticias","tag-licenciamento-ambiental","tag-semana-da-agua-2"],"rttpg_featured_image_url":{"full":["https:\/\/goias.gov.br\/meioambiente\/wp-content\/uploads\/sites\/33\/2026\/03\/SEMANA-DA-AGUA-2026.jpeg",4032,3024,false],"landscape":["https:\/\/goias.gov.br\/meioambiente\/wp-content\/uploads\/sites\/33\/2026\/03\/SEMANA-DA-AGUA-2026.jpeg",4032,3024,false],"portraits":["https:\/\/goias.gov.br\/meioambiente\/wp-content\/uploads\/sites\/33\/2026\/03\/SEMANA-DA-AGUA-2026.jpeg",4032,3024,false],"thumbnail":["https:\/\/goias.gov.br\/meioambiente\/wp-content\/uploads\/sites\/33\/2026\/03\/SEMANA-DA-AGUA-2026-150x150.jpeg",150,150,true],"medium":["https:\/\/goias.gov.br\/meioambiente\/wp-content\/uploads\/sites\/33\/2026\/03\/SEMANA-DA-AGUA-2026-300x225.jpeg",300,225,true],"large":["https:\/\/goias.gov.br\/meioambiente\/wp-content\/uploads\/sites\/33\/2026\/03\/SEMANA-DA-AGUA-2026-1024x768.jpeg",1024,768,true],"1536x1536":["https:\/\/goias.gov.br\/meioambiente\/wp-content\/uploads\/sites\/33\/2026\/03\/SEMANA-DA-AGUA-2026-1536x1152.jpeg",1536,1152,true],"2048x2048":["https:\/\/goias.gov.br\/meioambiente\/wp-content\/uploads\/sites\/33\/2026\/03\/SEMANA-DA-AGUA-2026-2048x1536.jpeg",2048,1536,true]},"rttpg_author":{"display_name":"larissachaveiro","author_link":"https:\/\/goias.gov.br\/meioambiente\/author\/larissachaveiro1\/"},"rttpg_comment":0,"rttpg_category":"<a href=\"https:\/\/goias.gov.br\/meioambiente\/categoria\/noticias\/\" rel=\"category tag\">Not\u00edcias<\/a>","rttpg_excerpt":"Informa\u00e7\u00e3o foi dada pelo governador Ronaldo Caiado e pela titular da Semad, Andr\u00e9a Vulcanis, na abertura da Semana da \u00c1gua O governador Ronaldo Caiado e a secret\u00e1ria de Estado de Meio Ambiente e Desenvolvimento Sustent\u00e1vel, Andr\u00e9a Vulcanis, anunciaram nesta ter\u00e7a-feira (17) a ado\u00e7\u00e3o da Intelig\u00eancia Artificial (IA) no licenciamento ambiental em Goi\u00e1s. A not\u00edcia foi&hellip;","_links":{"self":[{"href":"https:\/\/goias.gov.br\/meioambiente\/wp-json\/wp\/v2\/posts\/324086","targetHints":{"allow":["GET"]}}],"collection":[{"href":"https:\/\/goias.gov.br\/meioambiente\/wp-json\/wp\/v2\/posts"}],"about":[{"href":"https:\/\/goias.gov.br\/meioambiente\/wp-json\/wp\/v2\/types\/post"}],"author":[{"embeddable":true,"href":"https:\/\/goias.gov.br\/meioambiente\/wp-json\/wp\/v2\/users\/923"}],"replies":[{"embeddable":true,"href":"https:\/\/goias.gov.br\/meioambiente\/wp-json\/wp\/v2\/comments?post=324086"}],"version-history":[{"count":1,"href":"https:\/\/goias.gov.br\/meioambiente\/wp-json\/wp\/v2\/posts\/324086\/revisions"}],"predecessor-version":[{"id":324111,"href":"https:\/\/goias.gov.br\/meioambiente\/wp-json\/wp\/v2\/posts\/324086\/revisions\/324111"}],"wp:featuredmedia":[{"embeddable":true,"href":"https:\/\/goias.gov.br\/meioambiente\/wp-json\/wp\/v2\/media\/324098"}],"wp:attachment":[{"href":"https:\/\/goias.gov.br\/meioambiente\/wp-json\/wp\/v2\/media?parent=324086"}],"wp:term":[{"taxonomy":"category","embeddable":true,"href":"https:\/\/goias.gov.br\/meioambiente\/wp-json\/wp\/v2\/categories?post=324086"},{"taxonomy":"post_tag","embeddable":true,"href":"https:\/\/goias.gov.br\/meioambiente\/wp-json\/wp\/v2\/tags?post=324086"}],"curies":[{"name":"wp","href":"https:\/\/api.w.org\/{rel}","templated":true}]}}