

{"id":32227,"date":"2024-07-26T09:55:51","date_gmt":"2024-07-26T12:55:51","guid":{"rendered":"https:\/\/goias.gov.br\/meioambiente\/?p=32227"},"modified":"2024-07-26T09:55:51","modified_gmt":"2024-07-26T12:55:51","slug":"dia-no-parque-segundo-dia-de-atividades-em-goias-acontece-em-28-de-julho","status":"publish","type":"post","link":"https:\/\/goias.gov.br\/meioambiente\/dia-no-parque-segundo-dia-de-atividades-em-goias-acontece-em-28-de-julho\/","title":{"rendered":"\u2018Dia no Parque\u2019: segundo dia de atividades em Goi\u00e1s acontece em 28 de julho"},"content":{"rendered":"\n<p>A Secretaria de Estado de Meio Ambiente e Desenvolvimento Sustent\u00e1vel (Semad) promove, no domingo (28\/07), a segunda etapa do <a href=\"https:\/\/www.instagram.com\/p\/C9iLN-0vCFH\/?img_index=1\" data-type=\"link\" data-id=\"https:\/\/www.instagram.com\/p\/C9iLN-0vCFH\/?img_index=1\">projeto &#8216;Dia do Parque&#8217;<\/a>, com atividades simult\u00e2neas em quatro unidades de conserva\u00e7\u00e3o administradas pelo governo de Goi\u00e1s.<\/p>\n\n\n\n<p>Em parceria com o <a href=\"https:\/\/www.instagram.com\/oia_passarinhar\/\" data-type=\"link\" data-id=\"https:\/\/www.instagram.com\/oia_passarinhar\/\">\u00d3ia Passarinhar<\/a>, haver\u00e1 observa\u00e7\u00e3o de aves nos parques estaduais Altamiro de Moura Pacheco (em Goi\u00e2nia), da Mata Atl\u00e2ntica (em \u00c1gua Limpa de Goi\u00e1s) e dos Pireneus (em Piren\u00f3spolis). Os grupos entram em a\u00e7\u00e3o \u00e1s 7 horas e n\u00e3o h\u00e1 a necessidade de fazer inscri\u00e7\u00e3o.<\/p>\n\n\n\n<p>Em seis parques, a Semad e o &#8216;\u00d3ia Passarinhar&#8217; organizam grupos de observa\u00e7\u00e3o de p\u00e1ssaros, uma atividade em crescimento no Estado. &#8220;Goi\u00e1s tem cerca de 610 esp\u00e9cies de aves, amplamente distribu\u00eddas em suas fitofisionomias. Ent\u00e3o, em casa parque que se visita, \u00e9 poss\u00edvel ver uma diversidade de aves, o que \u00e9 muito interessante&#8221;, diz Arthur Bispo, integrante do \u00d3ia. &#8220;\u00c9 uma atividade que estimula a pessoa a visitar novos parques, para conhecer novas esp\u00e9cies&#8221;, complementa.<\/p>\n\n\n\n<p>Tamb\u00e9m no Parque da Mata Atl\u00e2ntica, acontecer\u00e1 uma cavalgada ecol\u00f3gica. Est\u00e1 marcada para come\u00e7ar \u00e0s 8 horas. As inscri\u00e7\u00f5es s\u00e3o gratuitas (pelo site www.sporttimer.com.br) e a Semad est\u00e1 incentivando a doa\u00e7\u00e3o de alimentos n\u00e3o perec\u00edveis. Os participantes receber\u00e3o kits (com camiseta, garrafinha e bon\u00e9) e ter\u00e3o caf\u00e9 da manh\u00e3 e almo\u00e7o.<\/p>\n\n\n\n<p><strong>Primeiro dia<br><\/strong>A primeira etapa do &#8216;Dia no Parque&#8217; aconteceu no dia 21 de junho, com atividades simult\u00e2neas em seis parques estaduais. O Parque Estadual da Serra de Jaragu\u00e1 sediou uma caminhada que partiu da igreja Nossa Senhora do Ros\u00e1rio, em Jaragu\u00e1, teve 6 km e incluiu banho na Cachoeira da Pregui\u00e7a, em piscina de \u00e1gua corrente e um lanche na sede. Tamb\u00e9m houve caminhada no Parque Estadual da Serra de Caldas Novas, corrida no Parque Altamiro de Moura Pacheco e passeio com idosos no Parque dos Pireneus.<\/p>\n\n\n\n<p>Os grupos de observa\u00e7\u00e3o de p\u00e1ssaros marcados para o dia 21 se reuniram nos parques estaduais \u00c1guas do Para\u00edso (Alto Para\u00edso), do Araguaia (S\u00e3o Miguel do Araguaia) e na \u00c1rea de Relevante Interesse Ecol\u00f3gico \u00c1guas de S\u00e3o Jo\u00e3o (cidade de Goi\u00e1s).<\/p>\n","protected":false},"excerpt":{"rendered":"<p>A Secretaria de Estado de Meio Ambiente e Desenvolvimento Sustent\u00e1vel (Semad) promove, no domingo (28\/07), a segunda etapa do projeto &#8216;Dia do Parque&#8217;, com atividades simult\u00e2neas em quatro unidades de conserva\u00e7\u00e3o administradas pelo governo de Goi\u00e1s. Em parceria com o \u00d3ia Passarinhar, haver\u00e1 observa\u00e7\u00e3o de aves nos parques estaduais Altamiro de Moura Pacheco (em Goi\u00e2nia), [&hellip;]<\/p>\n","protected":false},"author":231,"featured_media":32233,"comment_status":"closed","ping_status":"open","sticky":false,"template":"","format":"standard","meta":{"footnotes":"","_links_to":"","_links_to_target":""},"categories":[2],"tags":[],"class_list":["post-32227","post","type-post","status-publish","format-standard","has-post-thumbnail","hentry","category-noticias"],"rttpg_featured_image_url":{"full":["https:\/\/goias.gov.br\/meioambiente\/wp-content\/uploads\/sites\/33\/2024\/07\/WhatsApp-Image-2024-07-25-at-13.52.35.jpeg",1200,800,false],"landscape":["https:\/\/goias.gov.br\/meioambiente\/wp-content\/uploads\/sites\/33\/2024\/07\/WhatsApp-Image-2024-07-25-at-13.52.35.jpeg",1200,800,false],"portraits":["https:\/\/goias.gov.br\/meioambiente\/wp-content\/uploads\/sites\/33\/2024\/07\/WhatsApp-Image-2024-07-25-at-13.52.35.jpeg",1200,800,false],"thumbnail":["https:\/\/goias.gov.br\/meioambiente\/wp-content\/uploads\/sites\/33\/2024\/07\/WhatsApp-Image-2024-07-25-at-13.52.35-150x150.jpeg",150,150,true],"medium":["https:\/\/goias.gov.br\/meioambiente\/wp-content\/uploads\/sites\/33\/2024\/07\/WhatsApp-Image-2024-07-25-at-13.52.35-300x200.jpeg",300,200,true],"large":["https:\/\/goias.gov.br\/meioambiente\/wp-content\/uploads\/sites\/33\/2024\/07\/WhatsApp-Image-2024-07-25-at-13.52.35-1024x683.jpeg",1024,683,true],"1536x1536":["https:\/\/goias.gov.br\/meioambiente\/wp-content\/uploads\/sites\/33\/2024\/07\/WhatsApp-Image-2024-07-25-at-13.52.35.jpeg",1200,800,false],"2048x2048":["https:\/\/goias.gov.br\/meioambiente\/wp-content\/uploads\/sites\/33\/2024\/07\/WhatsApp-Image-2024-07-25-at-13.52.35.jpeg",1200,800,false]},"rttpg_author":{"display_name":"alexandrebittencourt","author_link":"https:\/\/goias.gov.br\/meioambiente\/author\/alexandrebittencourt\/"},"rttpg_comment":0,"rttpg_category":"<a href=\"https:\/\/goias.gov.br\/meioambiente\/categoria\/noticias\/\" rel=\"category tag\">Not\u00edcias<\/a>","rttpg_excerpt":"A Secretaria de Estado de Meio Ambiente e Desenvolvimento Sustent\u00e1vel (Semad) promove, no domingo (28\/07), a segunda etapa do projeto &#8216;Dia do Parque&#8217;, com atividades simult\u00e2neas em quatro unidades de conserva\u00e7\u00e3o administradas pelo governo de Goi\u00e1s. Em parceria com o \u00d3ia Passarinhar, haver\u00e1 observa\u00e7\u00e3o de aves nos parques estaduais Altamiro de Moura Pacheco (em Goi\u00e2nia),&hellip;","_links":{"self":[{"href":"https:\/\/goias.gov.br\/meioambiente\/wp-json\/wp\/v2\/posts\/32227","targetHints":{"allow":["GET"]}}],"collection":[{"href":"https:\/\/goias.gov.br\/meioambiente\/wp-json\/wp\/v2\/posts"}],"about":[{"href":"https:\/\/goias.gov.br\/meioambiente\/wp-json\/wp\/v2\/types\/post"}],"author":[{"embeddable":true,"href":"https:\/\/goias.gov.br\/meioambiente\/wp-json\/wp\/v2\/users\/231"}],"replies":[{"embeddable":true,"href":"https:\/\/goias.gov.br\/meioambiente\/wp-json\/wp\/v2\/comments?post=32227"}],"version-history":[{"count":2,"href":"https:\/\/goias.gov.br\/meioambiente\/wp-json\/wp\/v2\/posts\/32227\/revisions"}],"predecessor-version":[{"id":32246,"href":"https:\/\/goias.gov.br\/meioambiente\/wp-json\/wp\/v2\/posts\/32227\/revisions\/32246"}],"wp:featuredmedia":[{"embeddable":true,"href":"https:\/\/goias.gov.br\/meioambiente\/wp-json\/wp\/v2\/media\/32233"}],"wp:attachment":[{"href":"https:\/\/goias.gov.br\/meioambiente\/wp-json\/wp\/v2\/media?parent=32227"}],"wp:term":[{"taxonomy":"category","embeddable":true,"href":"https:\/\/goias.gov.br\/meioambiente\/wp-json\/wp\/v2\/categories?post=32227"},{"taxonomy":"post_tag","embeddable":true,"href":"https:\/\/goias.gov.br\/meioambiente\/wp-json\/wp\/v2\/tags?post=32227"}],"curies":[{"name":"wp","href":"https:\/\/api.w.org\/{rel}","templated":true}]}}