

{"id":312215,"date":"2026-03-12T16:32:24","date_gmt":"2026-03-12T19:32:24","guid":{"rendered":"https:\/\/goias.gov.br\/meioambiente\/?p=312215"},"modified":"2026-03-30T10:16:44","modified_gmt":"2026-03-30T13:16:44","slug":"com-palestras-oficinas-e-canoagem-semad-realiza-semana-da-agua-entre-17-e-21-de-marco-veja-programacao","status":"publish","type":"post","link":"https:\/\/goias.gov.br\/meioambiente\/com-palestras-oficinas-e-canoagem-semad-realiza-semana-da-agua-entre-17-e-21-de-marco-veja-programacao\/","title":{"rendered":"Com palestras, oficinas e canoagem, Semad realiza Semana da \u00c1gua entre 17 e 21 de mar\u00e7o; veja programa\u00e7\u00e3o\u00a0"},"content":{"rendered":"\n<p><em>Programa\u00e7\u00e3o foi pensada especialmente para incluir os munic\u00edpios goianos<\/em><\/p>\n\n\n\n<p>Em celebra\u00e7\u00e3o ao Dia Mundial da \u00c1gua, a Secretaria de Estado de Meio Ambiente e Desenvolvimento Sustent\u00e1vel (Semad) preparou um evento com palestras, oficinas e at\u00e9 canoagem para discutir e conscientizar sobre quest\u00f5es essenciais que envolvem os recursos h\u00eddricos. A Semana da \u00c1gua de 2026 acontecer\u00e1 nos dias 17, 18, 19 e 21 de mar\u00e7o, em Goi\u00e2nia, Goian\u00e1polis, Caldas Novas e Ca\u00e7u. Veja abaixo a programa\u00e7\u00e3o completa<\/p>\n\n\n\n<p>Neste ano, a 2\u00aa edi\u00e7\u00e3o do Congresso de Gest\u00e3o Ambiental Municipal acontecer\u00e1 dentro da Semana da \u00c1gua. Por esse motivo, a programa\u00e7\u00e3o foi pensada especialmente para incluir os munic\u00edpios goianos. Al\u00e9m de atividades e temas que t\u00eam como p\u00fablico-alvo consultores ambientais e estudiosos sobre recursos h\u00eddricos, h\u00e1 tamb\u00e9m palestras pensadas para secret\u00e1rios e servidores municipais de meio ambiente, com temas diversos.<\/p>\n\n\n\n<p>O evento ter\u00e1 in\u00edcio \u00e0s 8h30 da pr\u00f3xima ter\u00e7a-feira (17\/03), no espa\u00e7o de eventos Memoratto, em Goi\u00e2nia. Durante a manh\u00e3, ser\u00e1 realizada a abertura com a presen\u00e7a de autoridades do Estado. \u00c0 tarde, o professor Michel Mendes, da Universidade Federal de Goi\u00e1s (UFG), d\u00e1 in\u00edcio \u00e0s palestras com o tema: \u201cEduca\u00e7\u00e3o Ambiental e pr\u00e1ticas municipais: da base conceitual \u00e0 interven\u00e7\u00e3o no territ\u00f3rio\u201d.<\/p>\n\n\n\n<p>Na quarta-feira (18\/03), o evento come\u00e7a \u00e0s 8h com o gerente de Conserva\u00e7\u00e3o, Biodiversidade e Fauna da Semad, Max Vin\u00edcius de Paula Abreu, falando sobre o Plano Estadual da Biodiversidade (PlanBio), com o tema: \u201cDo diagn\u00f3stico \u00e0 a\u00e7\u00e3o, o novo marco estrat\u00e9gico para conserva\u00e7\u00e3o da biodiversidade em Goi\u00e1s\u201d.<\/p>\n\n\n\n<p>Durante a manh\u00e3, tamb\u00e9m haver\u00e1 palestra da subsecret\u00e1ria Central de Planejamento, Monitoramento e Avalia\u00e7\u00e3o da Secretaria de Estado de Economia, Danielle Gomes de Oliveira, sobre como planejar melhor para entregar valor ao cidad\u00e3o. Em seguida, o Instituto Espinha\u00e7o apresentar\u00e1 resultados e experi\u00eancias do Programa Juntos pelo Araguaia, e o bi\u00f3logo Wagner Idesa ministrar\u00e1 palestra sobre peixamento.<\/p>\n\n\n\n<p>Durante a tarde, a partir das 14h, a doutora Angeline Martini, da Universidade Federal de Vi\u00e7osa (UFV), e o mestre Rodrigo Carlos Batista de Souza, da Semad, falar\u00e3o sobre arboriza\u00e7\u00e3o urbana, desde o planejamento at\u00e9 a execu\u00e7\u00e3o. Em seguida, \u00e0s 16h, a gerente de Regionaliza\u00e7\u00e3o dos Res\u00edduos S\u00f3lidos da Semad, Adjane Damasceno, falar\u00e1 sobre os avan\u00e7os da gest\u00e3o de res\u00edduos s\u00f3lidos urbanos em Goi\u00e1s dentro do Programa Lix\u00e3o Zero.<\/p>\n\n\n\n<figure class=\"wp-block-image size-large\"><img fetchpriority=\"high\" decoding=\"async\" width=\"1024\" height=\"601\" src=\"https:\/\/goias.gov.br\/meioambiente\/wp-content\/uploads\/sites\/33\/2026\/03\/IMG_4538-1024x601.jpg\" alt=\"\" class=\"wp-image-312378\" srcset=\"https:\/\/goias.gov.br\/meioambiente\/wp-content\/uploads\/sites\/33\/2026\/03\/IMG_4538-1024x601.jpg 1024w, https:\/\/goias.gov.br\/meioambiente\/wp-content\/uploads\/sites\/33\/2026\/03\/IMG_4538-300x176.jpg 300w, https:\/\/goias.gov.br\/meioambiente\/wp-content\/uploads\/sites\/33\/2026\/03\/IMG_4538-768x451.jpg 768w, https:\/\/goias.gov.br\/meioambiente\/wp-content\/uploads\/sites\/33\/2026\/03\/IMG_4538-1536x902.jpg 1536w, https:\/\/goias.gov.br\/meioambiente\/wp-content\/uploads\/sites\/33\/2026\/03\/IMG_4538-2048x1202.jpg 2048w\" sizes=\"(max-width: 1024px) 100vw, 1024px\" \/><\/figure>\n\n\n\n<p>Na quinta-feira (19\/03), o evento come\u00e7a com caf\u00e9 de boas-vindas \u00e0s 8h. \u00c0s 9h, haver\u00e1 apresenta\u00e7\u00e3o sobre entregas importantes na \u00e1rea de recursos h\u00eddricos, conduzida pelo subsecret\u00e1rio de Licenciamento Ambiental e Recursos H\u00eddricos do Estado de Goi\u00e1s, Jos\u00e9 Bento da Rocha, e pelo superintendente de Recursos H\u00eddricos e Informa\u00e7\u00f5es Ambientais, Alan Mosele Tonin.<\/p>\n\n\n\n<p>Depois, \u00e0s 9h30, o m\u00e9dico Ricardo Ghelman far\u00e1 a palestra \u201cO Futuro da Sa\u00fade Come\u00e7a pela \u00c1gua\u201d. Em seguida, \u00e0s 10h30, ser\u00e1 realizada mesa-redonda sobre os desafios atuais da gest\u00e3o h\u00eddrica, com representantes da Ag\u00eancia Nacional de \u00c1guas e Saneamento B\u00e1sico (ANA), do Minist\u00e9rio do Meio Ambiente e Mudan\u00e7a do Clima (MMA) e do Banco Interamericano de Desenvolvimento (BID). A media\u00e7\u00e3o ser\u00e1 de Alan Mosele Tonin.<\/p>\n\n\n\n<p>A partir das 14h, come\u00e7ar\u00e3o as oficinas sobre procedimentos de outorga. A primeira abordar\u00e1 a Resolu\u00e7\u00e3o CERH n\u00ba 66 e ser\u00e1 conduzida por Guilherme Coelho, da Ger\u00eancia de Outorga. Depois, \u00e0s 16h, Marcos Vin\u00edcius Samara Soares, da Gesis, conduzir\u00e1 oficina sobre procedimentos de outorga com foco no Sistema Veredas e cadastro.<\/p>\n\n\n\n<p>N\u00e3o ser\u00e3o realizadas atividades da Semana da \u00c1gua no dia 20 de mar\u00e7o, pois o Governo de Goi\u00e1s decretou ponto facultativo para \u00f3rg\u00e3os e reparti\u00e7\u00f5es p\u00fablicas estaduais em raz\u00e3o da realiza\u00e7\u00e3o do Grande Pr\u00eamio de Goi\u00e1s de Motovelocidade (MotoGP), que acontecer\u00e1 no Aut\u00f3dromo Internacional de Goi\u00e2nia Ayrton Senna.<\/p>\n\n\n\n<p>Na manh\u00e3 de s\u00e1bado (21\/03), a Semana da \u00c1gua chega ao fim com a\u00e7\u00f5es para conscientizar sobre o uso da \u00e1gua em cidades do interior do Estado. Em Caldas Novas, por exemplo, ser\u00e1 realizada uma trilha ecol\u00f3gica no Parque Estadual da Serra de Caldas Novas (Pescan) e uma visita ao balne\u00e1rio de \u00e1guas termais da cidade.<\/p>\n\n\n\n<p>Em Goian\u00e1polis, uma corrida em prol da conserva\u00e7\u00e3o das nascentes e da recarga dos mananciais acontecer\u00e1 no Parque Estadual Altamiro de Moura Pacheco (Peamp). Em Ca\u00e7u, uma atividade de canoagem voltada \u00e0 conscientiza\u00e7\u00e3o sobre a preserva\u00e7\u00e3o dos recursos h\u00eddricos acontecer\u00e1 nas \u00e1guas do Rio Claro.<\/p>\n\n\n\n<h2 class=\"wp-block-heading\"><strong>Veja programa\u00e7\u00e3o completa Semana da \u00c1gua<\/strong><\/h2>\n\n\n\n<p><strong>17 de mar\u00e7o, ter\u00e7a-feira&nbsp;<\/strong><\/p>\n\n\n\n<p><strong>08h30<\/strong> \u2013 Credenciamento e coffee break<br><strong>09h30<\/strong> \u2013 Solenidade de abertura com autoridades<br><strong>12h<\/strong> \u2013&nbsp; Pausa para almo\u00e7o<br><strong>14h<\/strong> \u2013 Palestra com tema: \u201cEduca\u00e7\u00e3o Ambiental e pr\u00e1ticas municipais: da base conceitual \u00e0 interven\u00e7\u00e3o no territ\u00f3rio\u201d, com o Professor da Universidade Federal de Goi\u00e1s (UFG), Dr. Michel Mendes.<br><strong>16h <\/strong>\u2013 Coffee Break<br><strong>16h30 <\/strong>\u2013 Palestra com tema: \u201cPol\u00edticas p\u00fablicas de cuidado e bem-estar animal: Ferramentas para a gest\u00e3o municipal\u201d, com a secret\u00e1ria de bem-estar animal do munic\u00edpio de Senador Canedo, Isabella Lauria.<br><strong>17h30 <\/strong>\u2013 Encerramento<\/p>\n\n\n\n<p><strong>18 de mar\u00e7o, quarta-feira<\/strong><\/p>\n\n\n\n<p><strong>08h <\/strong>\u2013 Palestra com tema: \u201cPlano Estadual da Biodiversidade (PlanBio): Do diagn\u00f3stico \u00e0 a\u00e7\u00e3o, o novo marco estrat\u00e9gico para conserva\u00e7\u00e3o da biodiversidade em Goi\u00e1s\u201d, com o gerente de Conserva\u00e7\u00e3o, Biodiversidade e Fauna&nbsp; da Semad, Max Vin\u00edcius de Paula Abreu&nbsp;<br><strong>8h30h <\/strong>&#8211; Palestra com tema: \u201cDa pol\u00edtica no papel \u00e0 transforma\u00e7\u00e3o real: planejar melhor para entregar valor ao cidad\u00e3o\u201d, com a subsecret\u00e1ria de planejamento, monitoramento e avalia\u00e7\u00e3o da Secretaria de Estado de Economia, Danielle Gomes de Oliveira.<br><strong>9h30 <\/strong>\u2013 Coffee Break<br><strong>10h<\/strong> \u2013 Palestra com tema: \u201cRevitaliza\u00e7\u00e3o do Cerrado: Resultados e Experi\u00eancias do Programa Juntos Pelo Araguaia\u201d, com representante do Instituto Espinha\u00e7o&nbsp;<br><strong>11h30<\/strong> \u2013 Palestra com tema: \u201cPeixamento\u201d, com o bi\u00f3logo Wagner Idesa<br><strong>12h<\/strong> \u2013 Pausa para almo\u00e7o<br><strong>14h <\/strong>\u2013 Palestra com tema: \u201cArboriza\u00e7\u00e3o Urbana: Planejamento e Execu\u00e7\u00e3o\u201d, com a doutora Angeline Martini, da Universidade Federal de Vi\u00e7osa (UFV), e o t\u00e9cnico ambiental da Semad, Rodrigo Carlos Batista de Souza<br><strong>15h30<\/strong> \u2013 Coffee Break<br><strong>16h<\/strong> \u2013 Palestra com tema: \u201cPrograma Lix\u00e3o Zero: fase definitiva \u2013 avan\u00e7os na gest\u00e3o de RSU em Goi\u00e1s\u201d, com a gerente de regionaliza\u00e7\u00e3o dos res\u00edduos s\u00f3lidos da Semad, Adjane Damasceno<br><strong>17h <\/strong>\u2013 Palestra com tema: \u201cAdaptando o presente, preservando o futuro: Munic\u00edpios goianos resilientes\u201d, com a gerente de mudan\u00e7as clim\u00e1ticas e servi\u00e7os ecossist\u00eamicos da Semad, Nat\u00e1lia Brito<br><strong>17h30<\/strong> &#8211; Apresenta\u00e7\u00e3o do Programa Jovens Cientistas Ambientais de Goi\u00e1s<\/p>\n\n\n\n<p><strong>19 de mar\u00e7o, quinta-feira<\/strong><\/p>\n\n\n\n<p><strong>08h <\/strong>&#8211; Welcome Coffee<br><strong>09h<\/strong> &#8211; Apresenta\u00e7\u00e3o das entregas da gest\u00e3o de Recursos H\u00eddricos, com o subsecret\u00e1rio de licenciamento ambiental e recursos h\u00eddricos da Semad, Jos\u00e9 Bento da Rocha, e o superintendente de recursos h\u00eddricos da Semad, Alan Mosele Tonin<br><strong>9h30<\/strong> \u2013 Palestra com tema: \u201cO Futuro da Sa\u00fade Come\u00e7a pela \u00c1gua\u201d, com o m\u00e9dico Dr. Ricardo Ghelman<br><strong>10h30 <\/strong>\u2013 Mesa redonda com o tema: \u201cDesafios atuais da gest\u00e3o h\u00eddrica\u201d, com a participa\u00e7\u00e3o de Ana Paula Fiorezze, da Ag\u00eancia Nacional de \u00c1guas e Saneamento B\u00e1sico (ANA), Iara Giacomini, do Minist\u00e9rio do Meio Ambiente e Mudan\u00e7a do Clima (MMA), e Fl\u00e1via Oliveira, do Banco Interamericano de Desenvolvimento (BID)<br><strong>12h30 <\/strong>\u2013 Pausa para almo\u00e7o<br><strong>14h<\/strong> \u2013 Oficina: Procedimentos de Outorga, Resolu\u00e7\u00e3o CERH&nbsp; n\u00ba 66, com o gerente de outorga de recursos h\u00eddricos da Semad, Guilherme Coelho<br><strong>15h30<\/strong> \u2013 Coffee Break<br><strong>16h<\/strong> \u2013 Oficina: Procedimentos de Outorga (Sistema Veredas e cadastro), com o gerente de manejo de bacias hidrogr\u00e1ficas e sistema de informa\u00e7\u00f5es de recursos h\u00eddricos, Marcos Vin\u00edcius<br><strong>17h30<\/strong> \u2013 Encerramento<\/p>\n\n\n\n<p><strong>21 de mar\u00e7o, s\u00e1bado<\/strong><\/p>\n\n\n\n<p><strong>07h30 \u00e0s 14h<\/strong> \u2013 Corrida das Nascentes no Parque Estadual Altamiro de Moura Pacheco (Peamp), em Goian\u00e1polis&nbsp;<br><strong>Link para inscri\u00e7\u00e3o:<\/strong> <a href=\"https:\/\/www.sporttimer.com.br\/site\/eventosel.php?pst=3827&amp;ev=2277\">https:\/\/www.sporttimer.com.br\/site\/eventosel.php?pst=3827&amp;ev=2277<\/a><\/p>\n\n\n\n<p><strong>07h30 \u00e0s 14h<\/strong> \u2013 Trilha ecol\u00f3gica no Parque Estadual da Serra de Caldas Novas (Pescan) e visita ao balne\u00e1rio de \u00e1guas termais de Rio Quente.&nbsp;<br><strong>Link para inscri\u00e7\u00e3o: <\/strong><a href=\"https:\/\/web.eventogyn.com.br\/event\/trilhaeco\/site\/content\/inscricoes\">https:\/\/web.eventogyn.com.br\/event\/trilhaeco\/site\/content\/inscricoes<\/a><\/p>\n\n\n\n<p><strong>07h30 \u00e0s 14h<\/strong> \u2013 Canoagem nas \u00e1guas do Rio Claro, em Ca\u00e7u.<br><strong>Link para inscri\u00e7\u00e3o: <\/strong><a href=\"https:\/\/web.eventogyn.com.br\/event\/canoagem\/site\/content\/inscricoes\">https:\/\/web.eventogyn.com.br\/event\/canoagem\/site\/content\/inscricoes<\/a><\/p>\n\n\n\n<p><em>Fotos: Semad<\/em><\/p>\n\n\n\n<p><em>Legenda: Semana da \u00c1gua discute quest\u00f5es essenciais que envolvem os recursos h\u00eddricos<\/em><\/p>\n\n\n\n<p><strong>Secretaria de Estado de Meio Ambiente e Desenvolvimento Sustent\u00e1vel &#8211; Governo de Goi\u00e1s<\/strong><\/p>\n","protected":false},"excerpt":{"rendered":"<p>Programa\u00e7\u00e3o foi pensada especialmente para incluir os munic\u00edpios goianos Em celebra\u00e7\u00e3o ao Dia Mundial da \u00c1gua, a Secretaria de Estado de Meio Ambiente e Desenvolvimento Sustent\u00e1vel (Semad) preparou um evento com palestras, oficinas e at\u00e9 canoagem para discutir e conscientizar sobre quest\u00f5es essenciais que envolvem os recursos h\u00eddricos. A Semana da \u00c1gua de 2026 acontecer\u00e1 [&hellip;]<\/p>\n","protected":false},"author":923,"featured_media":312365,"comment_status":"closed","ping_status":"open","sticky":false,"template":"","format":"standard","meta":{"footnotes":"","_links_to":"","_links_to_target":""},"categories":[2],"tags":[166,477],"class_list":["post-312215","post","type-post","status-publish","format-standard","has-post-thumbnail","hentry","category-noticias","tag-recursos-hidricos","tag-semana-da-agua"],"rttpg_featured_image_url":{"full":["https:\/\/goias.gov.br\/meioambiente\/wp-content\/uploads\/sites\/33\/2026\/03\/IMG_4525.jpg",6000,4000,false],"landscape":["https:\/\/goias.gov.br\/meioambiente\/wp-content\/uploads\/sites\/33\/2026\/03\/IMG_4525.jpg",6000,4000,false],"portraits":["https:\/\/goias.gov.br\/meioambiente\/wp-content\/uploads\/sites\/33\/2026\/03\/IMG_4525.jpg",6000,4000,false],"thumbnail":["https:\/\/goias.gov.br\/meioambiente\/wp-content\/uploads\/sites\/33\/2026\/03\/IMG_4525-150x150.jpg",150,150,true],"medium":["https:\/\/goias.gov.br\/meioambiente\/wp-content\/uploads\/sites\/33\/2026\/03\/IMG_4525-300x200.jpg",300,200,true],"large":["https:\/\/goias.gov.br\/meioambiente\/wp-content\/uploads\/sites\/33\/2026\/03\/IMG_4525-1024x683.jpg",1024,683,true],"1536x1536":["https:\/\/goias.gov.br\/meioambiente\/wp-content\/uploads\/sites\/33\/2026\/03\/IMG_4525-1536x1024.jpg",1536,1024,true],"2048x2048":["https:\/\/goias.gov.br\/meioambiente\/wp-content\/uploads\/sites\/33\/2026\/03\/IMG_4525-2048x1365.jpg",2048,1365,true]},"rttpg_author":{"display_name":"larissachaveiro","author_link":"https:\/\/goias.gov.br\/meioambiente\/author\/larissachaveiro1\/"},"rttpg_comment":0,"rttpg_category":"<a href=\"https:\/\/goias.gov.br\/meioambiente\/categoria\/noticias\/\" rel=\"category tag\">Not\u00edcias<\/a>","rttpg_excerpt":"Programa\u00e7\u00e3o foi pensada especialmente para incluir os munic\u00edpios goianos Em celebra\u00e7\u00e3o ao Dia Mundial da \u00c1gua, a Secretaria de Estado de Meio Ambiente e Desenvolvimento Sustent\u00e1vel (Semad) preparou um evento com palestras, oficinas e at\u00e9 canoagem para discutir e conscientizar sobre quest\u00f5es essenciais que envolvem os recursos h\u00eddricos. A Semana da \u00c1gua de 2026 acontecer\u00e1&hellip;","_links":{"self":[{"href":"https:\/\/goias.gov.br\/meioambiente\/wp-json\/wp\/v2\/posts\/312215","targetHints":{"allow":["GET"]}}],"collection":[{"href":"https:\/\/goias.gov.br\/meioambiente\/wp-json\/wp\/v2\/posts"}],"about":[{"href":"https:\/\/goias.gov.br\/meioambiente\/wp-json\/wp\/v2\/types\/post"}],"author":[{"embeddable":true,"href":"https:\/\/goias.gov.br\/meioambiente\/wp-json\/wp\/v2\/users\/923"}],"replies":[{"embeddable":true,"href":"https:\/\/goias.gov.br\/meioambiente\/wp-json\/wp\/v2\/comments?post=312215"}],"version-history":[{"count":2,"href":"https:\/\/goias.gov.br\/meioambiente\/wp-json\/wp\/v2\/posts\/312215\/revisions"}],"predecessor-version":[{"id":314966,"href":"https:\/\/goias.gov.br\/meioambiente\/wp-json\/wp\/v2\/posts\/312215\/revisions\/314966"}],"wp:featuredmedia":[{"embeddable":true,"href":"https:\/\/goias.gov.br\/meioambiente\/wp-json\/wp\/v2\/media\/312365"}],"wp:attachment":[{"href":"https:\/\/goias.gov.br\/meioambiente\/wp-json\/wp\/v2\/media?parent=312215"}],"wp:term":[{"taxonomy":"category","embeddable":true,"href":"https:\/\/goias.gov.br\/meioambiente\/wp-json\/wp\/v2\/categories?post=312215"},{"taxonomy":"post_tag","embeddable":true,"href":"https:\/\/goias.gov.br\/meioambiente\/wp-json\/wp\/v2\/tags?post=312215"}],"curies":[{"name":"wp","href":"https:\/\/api.w.org\/{rel}","templated":true}]}}