

{"id":304040,"date":"2026-03-09T16:51:20","date_gmt":"2026-03-09T19:51:20","guid":{"rendered":"https:\/\/goias.gov.br\/meioambiente\/?p=304040"},"modified":"2026-03-09T16:51:20","modified_gmt":"2026-03-09T19:51:20","slug":"entenda-prazo-de-15-de-marco-nao-e-limite-para-cadastro-no-sigcar","status":"publish","type":"post","link":"https:\/\/goias.gov.br\/meioambiente\/entenda-prazo-de-15-de-marco-nao-e-limite-para-cadastro-no-sigcar\/","title":{"rendered":"Entenda: prazo de 15 de mar\u00e7o n\u00e3o \u00e9 limite para cadastro no Sigcar"},"content":{"rendered":"\n<p><em>Data marca o encerramento do per\u00edodo de transi\u00e7\u00e3o para implanta\u00e7\u00e3o do Sigcar<\/em><\/p>\n\n\n\n<p>A Secretaria de Estado de Meio Ambiente e Desenvolvimento Sustent\u00e1vel (Semad) esclarece que propriet\u00e1rios ou possuidores de im\u00f3veis rurais n\u00e3o s\u00e3o obrigados a realizar cadastro no Sistema Goiano de Cadastro Ambiental Rural (Sigcar) at\u00e9 o dia 15 de mar\u00e7o de 2026. A interpreta\u00e7\u00e3o tem sido divulgada de forma equivocada por alguns respons\u00e1veis t\u00e9cnicos, mas a data n\u00e3o representa prazo para inscri\u00e7\u00e3o no sistema.<\/p>\n\n\n\n<p>O dia 15 de mar\u00e7o marca, na verdade, o encerramento do per\u00edodo de transi\u00e7\u00e3o para implanta\u00e7\u00e3o do Sigcar, sistema estadual que substituir\u00e1 o uso do Sistema Nacional de Cadastro Ambiental Rural (Sicar) para gest\u00e3o dos cadastros em Goi\u00e1s.<\/p>\n\n\n\n<p>Esse per\u00edodo foi estabelecido pela <a href=\"https:\/\/goias.gov.br\/meioambiente\/wp-content\/uploads\/sites\/33\/2026\/03\/IN-12-2025-Transicao-SIGCAR.pdf\">Instru\u00e7\u00e3o Normativa n\u00ba 12\/2025<\/a>, que definiu regras tempor\u00e1rias para a migra\u00e7\u00e3o dos registros do Cadastro Ambiental Rural (CAR) do sistema nacional para o novo sistema estadual. Durante essa fase, diversas opera\u00e7\u00f5es relacionadas ao CAR ficaram temporariamente limitadas, justamente para viabilizar a migra\u00e7\u00e3o dos dados.<\/p>\n\n\n\n<p>Posteriormente, a <a href=\"https:\/\/goias.gov.br\/meioambiente\/wp-content\/uploads\/sites\/33\/2026\/03\/PORTARIA-652-2025-CAR.pdf\">Portaria n\u00ba 652\/2025<\/a> alterou o cronograma dessa transi\u00e7\u00e3o e estabeleceu que o per\u00edodo ocorrer\u00e1 entre 5 de agosto de 2025 e 15 de mar\u00e7o de 2026, incluindo uma fase de suspens\u00e3o parcial de determinadas opera\u00e7\u00f5es no sistema.<\/p>\n\n\n\n<p>Na pr\u00e1tica, durante esse per\u00edodo, n\u00e3o foi poss\u00edvel realizar novos registros ou altera\u00e7\u00f5es diretamente no sistema, sendo permitido apenas o acesso para consulta \u00e0s informa\u00e7\u00f5es j\u00e1 existentes.<\/p>\n\n\n\n<p>Por esse motivo, em processos administrativos como licenciamento ambiental ou an\u00e1lise da Declara\u00e7\u00e3o Ambiental do Im\u00f3vel (DAI), eventuais ajustes necess\u00e1rios no CAR passaram a ser registrados como condicionantes a serem cumpridas ap\u00f3s a implanta\u00e7\u00e3o completa do novo sistema.<\/p>\n\n\n\n<p>Com o t\u00e9rmino da fase de transi\u00e7\u00e3o, em 15 de mar\u00e7o, o Sigcar passa a operar plenamente, permitindo que an\u00e1lises, retifica\u00e7\u00f5es e outros procedimentos relacionados ao Cadastro Ambiental Rural sejam realizados diretamente no novo sistema.<\/p>\n\n\n\n<p>A Semad refor\u00e7a, no entanto, que essa data n\u00e3o estabelece prazo final para que propriet\u00e1rios rurais realizem o cadastro no Sigcar. O objetivo do esclarecimento \u00e9 evitar a dissemina\u00e7\u00e3o de informa\u00e7\u00f5es incorretas que possam gerar d\u00favidas ou preocupa\u00e7\u00e3o entre produtores e respons\u00e1veis t\u00e9cnicos.<\/p>\n\n\n\n<p>A secretaria orienta que eventuais d\u00favidas sobre o Cadastro Ambiental Rural e os procedimentos relacionados ao Sigcar sejam verificadas diretamente nos canais oficiais da Semad.<\/p>\n\n\n\n<p><em>Foto: Semad<\/em><\/p>\n\n\n\n<p><em>Legenda: Equ\u00edvoco surgiu a partir da interpreta\u00e7\u00e3o incorreta de normas internas relacionadas ao per\u00edodo de transi\u00e7\u00e3o do CAR<\/em><\/p>\n\n\n\n<p><strong>Secretaria de Estado de Meio Ambiente e Desenvolvimento Sustent\u00e1vel &#8211; Governo de Goi\u00e1s<\/strong><\/p>\n","protected":false},"excerpt":{"rendered":"<p>Data marca o encerramento do per\u00edodo de transi\u00e7\u00e3o para implanta\u00e7\u00e3o do Sigcar A Secretaria de Estado de Meio Ambiente e Desenvolvimento Sustent\u00e1vel (Semad) esclarece que propriet\u00e1rios ou possuidores de im\u00f3veis rurais n\u00e3o s\u00e3o obrigados a realizar cadastro no Sistema Goiano de Cadastro Ambiental Rural (Sigcar) at\u00e9 o dia 15 de mar\u00e7o de 2026. A interpreta\u00e7\u00e3o [&hellip;]<\/p>\n","protected":false},"author":684,"featured_media":169185,"comment_status":"closed","ping_status":"open","sticky":false,"template":"","format":"standard","meta":{"footnotes":"","_links_to":"","_links_to_target":""},"categories":[2],"tags":[33,522],"class_list":["post-304040","post","type-post","status-publish","format-standard","has-post-thumbnail","hentry","category-noticias","tag-car","tag-sigcar"],"rttpg_featured_image_url":{"full":["https:\/\/goias.gov.br\/meioambiente\/wp-content\/uploads\/sites\/33\/2025\/09\/sigcar.jpeg",1171,648,false],"landscape":["https:\/\/goias.gov.br\/meioambiente\/wp-content\/uploads\/sites\/33\/2025\/09\/sigcar.jpeg",1171,648,false],"portraits":["https:\/\/goias.gov.br\/meioambiente\/wp-content\/uploads\/sites\/33\/2025\/09\/sigcar.jpeg",1171,648,false],"thumbnail":["https:\/\/goias.gov.br\/meioambiente\/wp-content\/uploads\/sites\/33\/2025\/09\/sigcar-150x150.jpeg",150,150,true],"medium":["https:\/\/goias.gov.br\/meioambiente\/wp-content\/uploads\/sites\/33\/2025\/09\/sigcar-300x166.jpeg",300,166,true],"large":["https:\/\/goias.gov.br\/meioambiente\/wp-content\/uploads\/sites\/33\/2025\/09\/sigcar-1024x567.jpeg",1024,567,true],"1536x1536":["https:\/\/goias.gov.br\/meioambiente\/wp-content\/uploads\/sites\/33\/2025\/09\/sigcar.jpeg",1171,648,false],"2048x2048":["https:\/\/goias.gov.br\/meioambiente\/wp-content\/uploads\/sites\/33\/2025\/09\/sigcar.jpeg",1171,648,false]},"rttpg_author":{"display_name":"","author_link":"https:\/\/goias.gov.br\/meioambiente\/author\/"},"rttpg_comment":0,"rttpg_category":"<a href=\"https:\/\/goias.gov.br\/meioambiente\/categoria\/noticias\/\" rel=\"category tag\">Not\u00edcias<\/a>","rttpg_excerpt":"Data marca o encerramento do per\u00edodo de transi\u00e7\u00e3o para implanta\u00e7\u00e3o do Sigcar A Secretaria de Estado de Meio Ambiente e Desenvolvimento Sustent\u00e1vel (Semad) esclarece que propriet\u00e1rios ou possuidores de im\u00f3veis rurais n\u00e3o s\u00e3o obrigados a realizar cadastro no Sistema Goiano de Cadastro Ambiental Rural (Sigcar) at\u00e9 o dia 15 de mar\u00e7o de 2026. A interpreta\u00e7\u00e3o&hellip;","_links":{"self":[{"href":"https:\/\/goias.gov.br\/meioambiente\/wp-json\/wp\/v2\/posts\/304040","targetHints":{"allow":["GET"]}}],"collection":[{"href":"https:\/\/goias.gov.br\/meioambiente\/wp-json\/wp\/v2\/posts"}],"about":[{"href":"https:\/\/goias.gov.br\/meioambiente\/wp-json\/wp\/v2\/types\/post"}],"author":[{"embeddable":true,"href":"https:\/\/goias.gov.br\/meioambiente\/wp-json\/wp\/v2\/users\/684"}],"replies":[{"embeddable":true,"href":"https:\/\/goias.gov.br\/meioambiente\/wp-json\/wp\/v2\/comments?post=304040"}],"version-history":[{"count":1,"href":"https:\/\/goias.gov.br\/meioambiente\/wp-json\/wp\/v2\/posts\/304040\/revisions"}],"predecessor-version":[{"id":304064,"href":"https:\/\/goias.gov.br\/meioambiente\/wp-json\/wp\/v2\/posts\/304040\/revisions\/304064"}],"wp:featuredmedia":[{"embeddable":true,"href":"https:\/\/goias.gov.br\/meioambiente\/wp-json\/wp\/v2\/media\/169185"}],"wp:attachment":[{"href":"https:\/\/goias.gov.br\/meioambiente\/wp-json\/wp\/v2\/media?parent=304040"}],"wp:term":[{"taxonomy":"category","embeddable":true,"href":"https:\/\/goias.gov.br\/meioambiente\/wp-json\/wp\/v2\/categories?post=304040"},{"taxonomy":"post_tag","embeddable":true,"href":"https:\/\/goias.gov.br\/meioambiente\/wp-json\/wp\/v2\/tags?post=304040"}],"curies":[{"name":"wp","href":"https:\/\/api.w.org\/{rel}","templated":true}]}}