

{"id":27497,"date":"2023-02-01T10:06:32","date_gmt":"2023-02-01T13:06:32","guid":{"rendered":"https:\/\/siteshom.goias.gov.br\/meioambiente\/portarias-2\/"},"modified":"2024-01-05T17:48:43","modified_gmt":"2024-01-05T20:48:43","slug":"portarias-2","status":"publish","type":"post","link":"https:\/\/goias.gov.br\/meioambiente\/portarias-2\/","title":{"rendered":"Portarias"},"content":{"rendered":"\n<table class=\"planilhaview display\" style=\"width:100%\"><thead><tr><th>2023<\/th><th><\/th><th><\/th><th><\/th><\/tr><tr><th><input type=\"text\" placeholder=\"Filtrar 2023\"><\/th><th><input type=\"text\" placeholder=\"Filtrar \"><\/th><th><input type=\"text\" placeholder=\"Filtrar \"><\/th><th><input type=\"text\" placeholder=\"Filtrar \"><\/th><\/tr><\/thead><tbody><tr><td style=\"color: #000000; background-color: #FFFFFF;\">358\/2023<\/td><td style=\"color: #000000; background-color: #FFFFFF;\">18\/08\/2023<\/td><td style=\"color: #000000; background-color: #FFFFFF;\">Revoga a Instru\u00e7\u00e3o Normativa n\u00ba 10\/2018 - GAB e a Portaria n\u00ba 251\/2018 - GAB<\/td><td style=\"color: #2556C2; background-color: #FFFFFF;text-decoration: underline;\"><a href=\"https:\/\/diariooficial.abc.go.gov.br\/portal\/visualizacoes\/pdf\/5816\/#\/p:3\/e:5816\" target=\"_blank\">Link DOE<\/a><\/td><\/tr><tr><td style=\"color: #000000; background-color: #FFFFFF;\">295\/2023<\/td><td style=\"color: #000000; background-color: #FFFFFF;\">05\/07\/2023<\/td><td style=\"color: #000000; background-color: #FFFFFF;\">Institui o Comit\u00ea de Governan\u00e7a de Projetos da Secretaria de Estado de Meio Ambiente e Desenvolvimento Sustent\u00e1vel - SEMAD e d\u00e1 outras provid\u00eancias.<\/td><td style=\"color: #2556C2; background-color: #FFFFFF;text-decoration: underline;\"><a href=\"https:\/\/diariooficial.abc.go.gov.br\/portal\/visualizacoes\/pdf\/5719\/#\/p:5\/e:5719\" target=\"_blank\">Link DOE<\/a><\/td><\/tr><tr><td style=\"color: #000000; background-color: #FFFFFF;\">317\/2023<\/td><td style=\"color: #000000; background-color: #FFFFFF;\">18\/07\/2023<\/td><td style=\"color: #000000; background-color: #FFFFFF;\">Institui a Pol\u00edtica Interna de Desenvolvimento e Avalia\u00e7\u00e3o de Compet\u00eancias dos servidores da Secretaria de Estado de Meio Ambiente e Desenvolvimento Sustent\u00e1vel - PIDAC, bem como regulamenta a percep\u00e7\u00e3o e o pagamento do Adicional para Atividades de Meio Ambiente - ADAMA dos servidores pertencentes aos Grupos Ocupacionais de T\u00e9cnico Ambiental e Analista Ambiental.<\/td><td style=\"color: #2556C2; background-color: #FFFFFF;text-decoration: underline;\"><a href=\"https:\/\/diariooficial.abc.go.gov.br\/portal\/visualizacoes\/pdf\/5733\/#\/p:2\/e:5733\" target=\"_blank\">Link DOE<\/a><\/td><\/tr><tr><td style=\"color: #000000; background-color: #FFFFFF;\">304\/2023<\/td><td style=\"color: #000000; background-color: #FFFFFF;\">12\/07\/2023<\/td><td style=\"color: #000000; background-color: #FFFFFF;\">Altera a Comiss\u00e3o Permanente de Avalia\u00e7\u00e3o de Documentos Sigilosos - CPADS<\/td><td style=\"color: #2556C2; background-color: #FFFFFF;text-decoration: underline;\"><a href=\"https:\/\/diariooficial.abc.go.gov.br\/portal\/visualizacoes\/pdf\/5725\/#\/p:17\/e:5725\" target=\"_blank\">Link DOE<\/a><\/td><\/tr><tr><td style=\"color: #000000; background-color: #FFFFFF;\">231\/2023<\/td><td style=\"color: #000000; background-color: #FFFFFF;\">16\/06\/2023<\/td><td style=\"color: #000000; background-color: #FFFFFF;\">Instituir a Comiss\u00e3o Permanente de Sindic\u00e2ncia da Secretaria de Estado de Meio Ambiente e Desenvolvimento Sustent\u00e1vel do Estado de Goi\u00e1s<\/td><td style=\"color: #2556C2; background-color: #FFFFFF;text-decoration: underline;\"><a href=\"https:\/\/diariooficial.abc.go.gov.br\/portal\/visualizacoes\/pdf\/5692\/#\/p:5\/e:5692\" target=\"_blank\">Link DOE<\/a><\/td><\/tr><tr><td style=\"color: #000000; background-color: #FFFFFF;\">198\/ 2023<\/td><td style=\"color: #000000; background-color: #FFFFFF;\">31\/05\/2023<\/td><td style=\"color: #000000; background-color: #FFFFFF;\">Institui o Comit\u00ea Setorial do Programa de Compliance P\u00fablico da Secretaria de Estado de Meio Ambiente e Desenvolvimento Sustent\u00e1vel - SEMAD e d\u00e1 outras provid\u00eancias<\/td><td style=\"color: #2556C2; background-color: #FFFFFF;text-decoration: underline;\"><a href=\"https:\/\/diariooficial.abc.go.gov.br\/portal\/visualizacoes\/pdf\/5675\/#\/p:9\/e:5675\" target=\"_blank\">Link DOE<\/a><\/td><\/tr><tr><td style=\"color: #000000; background-color: #FFFFFF;\">149\/2023<\/td><td style=\"color: #000000; background-color: #FFFFFF;\">17\/04\/2023<\/td><td style=\"color: #000000; background-color: #FFFFFF;\">Aprova o Plano de Manejo da Reserva Particular do Patrim\u00f4nio Natural - RPPN, Sede Campestre ADUFG Sindicato.<\/td><td style=\"color: #2556C2; background-color: #FFFFFF;text-decoration: underline;\"><a href=\"https:\/\/diariooficial.abc.go.gov.br\/portal\/visualizacoes\/pdf\/5613\/#\/p:10\/e:5613\" target=\"_blank\">Link DOE<\/a><\/td><\/tr><tr><td style=\"color: #000000; background-color: #FFFFFF;\">67\/2023<\/td><td style=\"color: #000000; background-color: #FFFFFF;\">13\/03\/2023<\/td><td style=\"color: #000000; background-color: #FFFFFF;\">Cria a Reserva Particular do Patrim\u00f4nio Natural Para\u00edso do Rio dos Bois<\/td><td style=\"color: #2556C2; background-color: #FFFFFF;text-decoration: underline;\"><a href=\"https:\/\/diariooficial.abc.go.gov.br\/portal\/visualizacoes\/pdf\/5565\/#\/p:10\/e:5565\" target=\"_blank\">Link DOE<\/a><\/td><\/tr><tr><td style=\"color: #000000; background-color: #FFFFFF;\">16\/2023<\/td><td style=\"color: #000000; background-color: #FFFFFF;\">12\/01\/2023<\/td><td style=\"color: #000000; background-color: #FFFFFF;\">Delega compet\u00eancia para assinatura de Termo de Compromisso Ambiental e Convers\u00e3o de Multa, cancelar Autos de Infra\u00e7\u00e3o, suspender embargos, promover o desembargo de atividades e empreendimentos e d\u00e1 outras provid\u00eancias<\/td><td style=\"color: #2556C2; background-color: #FFFFFF;text-decoration: underline;\"><a href=\"https:\/\/diariooficial.abc.go.gov.br\/portal\/visualizacoes\/pdf\/5486\/#\/p:3\/e:5486\" target=\"_blank\">Link DOE<\/a><\/td><\/tr><tr><td style=\"color: #000000; background-color: #FFFFFF;\">14\/2023<\/td><td style=\"color: #000000; background-color: #FFFFFF;\">11\/01\/2023<\/td><td style=\"color: #000000; background-color: #FFFFFF;\">Institui Comiss\u00e3o de Revis\u00e3o e Aprimoramento de Procedimentos dos processos de compensa\u00e7\u00e3o ambiental.<\/td><td style=\"color: #2556C2; background-color: #FFFFFF;text-decoration: underline;\"><a href=\"https:\/\/diariooficial.abc.go.gov.br\/portal\/visualizacoes\/pdf\/5490\/#\/p:3\/e:5490\" target=\"_blank\">Link DOE<\/a><\/td><\/tr><tr><td style=\"color: #000000; background-color: #FFFFFF;\">45170<\/td><td style=\"color: #000000; background-color: #FFFFFF;\">04\/01\/2023<\/td><td style=\"color: #000000; background-color: #FFFFFF;\">Instituir Grupo de Trabalho (GT) para acompanhar o cumprimento das medidas judiciais prolatadas na A\u00e7\u00e3o Civil P\u00fablica n\u00ba 1003843-74.2022.4.01.3506 movida pelo Estado de Goi\u00e1s em face do Instituto Nacional de Coloniza\u00e7\u00e3o e Reforma Agr\u00e1ria - INCRA<\/td><td style=\"color: #2556C2; background-color: #FFFFFF;text-decoration: underline;\"><a href=\"https:\/\/diariooficial.abc.go.gov.br\/portal\/visualizacoes\/pdf\/5469\/#\/p:1\/e:5469\" target=\"_blank\">Link DOE<\/a><\/td><\/tr><tr><td style=\"color: #000000; background-color: #FFFFFF;\">2022<\/td><td style=\"color: #000000; background-color: #FFFFFF;\"><\/td><td style=\"color: #000000; background-color: #FFFFFF;\"><\/td><td style=\"color: #000000; background-color: #FFFFFF;\"><\/td><\/tr><tr><td style=\"color: #000000; background-color: #FFFFFF;\">40\/2022<\/td><td style=\"color: #000000; background-color: #FFFFFF;\">04\/02\/2022<\/td><td style=\"color: #000000; background-color: #FFFFFF;\">Delegar compet\u00eancia para assinatura de Termo de Compromisso Ambiental e Convers\u00e3o de Multa<\/td><td style=\"color: #000000; background-color: #FFFFFF;\"><a href=\"https:\/\/diariooficial.abc.go.gov.br\/portal\/visualizacoes\/pdf\/5054\/#\/p:3\/e:5054\" target=\"_blank\">Link DOE<\/a><\/td><\/tr><tr><td style=\"color: #000000; background-color: #FFFFFF;\">41\/2022<\/td><td style=\"color: #000000; background-color: #FFFFFF;\">04\/02\/2022<\/td><td style=\"color: #000000; background-color: #FFFFFF;\">Cria a Reserva Particular do Patrim\u00f4nio\u00a0Natural - RPPN GOI\u00c1S SUL PARTE A e\u00a0PARTE B.<\/td><td style=\"color: #000000; background-color: #FFFFFF;\"><a href=\"https:\/\/diariooficial.abc.go.gov.br\/portal\/visualizacoes\/pdf\/5055\/#\/p:22\/e:5055\" target=\"_blank\">Link DOE<\/a><\/td><\/tr><tr><td style=\"color: #000000; background-color: #FFFFFF;\">44\/2022<\/td><td style=\"color: #000000; background-color: #FFFFFF;\">09\/02\/2022<\/td><td style=\"color: #000000; background-color: #FFFFFF;\">DELEGAR a compet\u00eancia para\u00a0o Licenciamento Ambiental da\u00a0empresa Krona Tubos e Conex\u00f5es\u00a0Centro-Oeste LTDA, inscrita no CNPJ\u00a0n\u00ba 38.502.816\/0001-18, sem esta\u00e7\u00e3o de\u00a0tratamento de efluente compartilhada, ao\u00a0Munic\u00edpio de Ner\u00f3polis - GO, atrav\u00e9s da\u00a0Secretaria Municipal de Meio Ambiente\u00a0de Ner\u00f3polis - SEMMAN, em sua \u00e1rea de\u00a0atua\u00e7\u00e3o<\/td><td style=\"color: #000000; background-color: #FFFFFF;\"><a href=\"https:\/\/diariooficial.abc.go.gov.br\/portal\/visualizacoes\/pdf\/5060\/#\/p:31\/e:5060\" target=\"_blank\">Link DOE<\/a><\/td><\/tr><tr><td style=\"color: #000000; background-color: #FFFFFF;\">46\/2022<\/td><td style=\"color: #000000; background-color: #FFFFFF;\">10\/02\/2022<\/td><td style=\"color: #000000; background-color: #FFFFFF;\">Suspende a cobran\u00e7a de taxas, prevista\u00a0na Instru\u00e7\u00e3o Normativa\u00a0n\u00ba 10\/2018 -\u00a0GAB e na Portaria n\u00ba 251\/2018 - GAB,\u00a0para emiss\u00e3o de autoriza\u00e7\u00f5es de Uso\u00a0de Alojamento, Uso de Audit\u00f3rio, Uso de\u00a0Hospedagem, Uso de Espa\u00e7o, Realiza\u00e7\u00e3o\u00a0de Eventos e Uso de Imagem nas\u00a0Unidades de Conserva\u00e7\u00e3o do Estado de\u00a0Goi\u00e1s<\/td><td style=\"color: #000000; background-color: #FFFFFF;\"><a href=\"https:\/\/diariooficial.abc.go.gov.br\/portal\/visualizacoes\/pdf\/5061\/#\/p:15\/e:5061\" target=\"_blank\">Link DOE<\/a><\/td><\/tr><tr><td style=\"color: #000000; background-color: #FFFFFF;\">47\/2022<\/td><td style=\"color: #000000; background-color: #FFFFFF;\">10\/02\/2022<\/td><td style=\"color: #000000; background-color: #FFFFFF;\">Cria a Reserva Particular do Patrim\u00f4nio\u00a0Natural - RPPN Serra da On\u00e7a.<\/td><td style=\"color: #000000; background-color: #FFFFFF;\"><a href=\"https:\/\/diariooficial.abc.go.gov.br\/portal\/visualizacoes\/pdf\/5061\/#\/p:16\/e:5061\" target=\"_blank\">Link DOE<\/a><\/td><\/tr><tr><td style=\"color: #000000; background-color: #FFFFFF;\">51\/2022<\/td><td style=\"color: #000000; background-color: #FFFFFF;\">17\/02\/2022<\/td><td style=\"color: #000000; background-color: #FFFFFF;\">Designa Comiss\u00e3o de Elabora\u00e7\u00e3o do Plano de Combate ao Desmatamento do Cerrado<\/td><td style=\"color: #000000; background-color: #FFFFFF;\"><a href=\"https:\/\/diariooficial.abc.go.gov.br\/portal\/visualizacoes\/pdf\/5069\/#\/p:5\/e:5069\" target=\"_blank\">Link DOE<\/a><\/td><\/tr><tr><td style=\"color: #000000; background-color: #FFFFFF;\">55\/2022<\/td><td style=\"color: #000000; background-color: #FFFFFF;\">23\/02\/2022<\/td><td style=\"color: #000000; background-color: #FFFFFF;\">Cria a Reserva Particular do Patrim\u00f4nio Natural - RPPN S\u00edtio Burit<\/td><td style=\"color: #000000; background-color: #FFFFFF;\"><a href=\"https:\/\/diariooficial.abc.go.gov.br\/portal\/visualizacoes\/pdf\/5074\/#\/p:6\/e:5074\" target=\"_blank\">Link DOE<\/a><\/td><\/tr><tr><td style=\"color: #000000; background-color: #FFFFFF;\">61\/2022<\/td><td style=\"color: #000000; background-color: #FFFFFF;\">09\/03\/2022<\/td><td style=\"color: #000000; background-color: #FFFFFF;\">Retificar a Portaria n\u00ba 55, de 23 de fevereiro de 2022, que cria a Reserva Natural do Patrim\u00f4nio Natural - RPPN S\u00edtio Buriti.<\/td><td style=\"color: #000000; background-color: #FFFFFF;\"><a href=\"https:\/\/diariooficial.abc.go.gov.br\/portal\/visualizacoes\/pdf\/5086\/#\/p:11\/e:5086\" target=\"_blank\">Link DOE<\/a><\/td><\/tr><tr><td style=\"color: #000000; background-color: #FFFFFF;\">67\/2022<\/td><td style=\"color: #000000; background-color: #FFFFFF;\">10\/03\/2022<\/td><td style=\"color: #000000; background-color: #FFFFFF;\">Cria a Reserva Particular do Patrim\u00f4nio Natural Fabiana Ara\u00fajo Dias e Silva<\/td><td style=\"color: #000000; background-color: #FFFFFF;\"><a href=\"https:\/\/diariooficial.abc.go.gov.br\/portal\/visualizacoes\/pdf\/5088\/#\/p:17\/e:5088\" target=\"_blank\">Link DOE<\/a><\/td><\/tr><tr><td style=\"color: #000000; background-color: #FFFFFF;\">72\/2022<\/td><td style=\"color: #000000; background-color: #FFFFFF;\">16\/03\/2022<\/td><td style=\"color: #000000; background-color: #FFFFFF;\">Cria a Reserva Particular do Patrim\u00f4nio Natural Imb\u00e9<\/td><td style=\"color: #000000; background-color: #FFFFFF;\"><a href=\"https:\/\/diariooficial.abc.go.gov.br\/portal\/visualizacoes\/pdf\/5092\/#\/p:7\/e:5092\" target=\"_blank\">Link DOE<\/a><\/td><\/tr><tr><td style=\"color: #000000; background-color: #FFFFFF;\">74\/2022<\/td><td style=\"color: #000000; background-color: #FFFFFF;\">16\/03\/2022<\/td><td style=\"color: #000000; background-color: #FFFFFF;\">Cria a Reserva Particular do Patrim\u00f4nio Natural Reserva da Cachoeira<\/td><td style=\"color: #000000; background-color: #FFFFFF;\"><a href=\"https:\/\/diariooficial.abc.go.gov.br\/portal\/visualizacoes\/pdf\/5092\/#\/p:7\/e:5092\" target=\"_blank\">Link DOE<\/a><\/td><\/tr><tr><td style=\"color: #000000; background-color: #FFFFFF;\">130\/2022<\/td><td style=\"color: #000000; background-color: #FFFFFF;\">20\/04\/2022<\/td><td style=\"color: #000000; background-color: #FFFFFF;\">Altera o art. 2\u00ba da Portaria n\u00ba 131\/2020-SEMAD, de 3 de setembro de 2020, que cria o Escrit\u00f3rio de Compliance P\u00fablico na Secretaria de Estado de Meio Ambiente e Desenvolvimento Sustent\u00e1vel - SEMAD<\/td><td style=\"color: #000000; background-color: #FFFFFF;\"><a href=\"https:\/\/diariooficial.abc.go.gov.br\/portal\/visualizacoes\/pdf\/5147\/#\/p:2\/e:5147\" target=\"_blank\">Link DOE<\/a><\/td><\/tr><tr><td style=\"color: #000000; background-color: #FFFFFF;\">131\/2022<\/td><td style=\"color: #000000; background-color: #FFFFFF;\">25\/04\/2022<\/td><td style=\"color: #000000; background-color: #FFFFFF;\">Altera Comiss\u00e3o Permanente de Avalia\u00e7\u00e3o de Documentos Sigilosos - CPADS<\/td><td style=\"color: #000000; background-color: #FFFFFF;\"><a href=\"https:\/\/diariooficial.abc.go.gov.br\/portal\/visualizacoes\/pdf\/5147\/#\/p:3\/e:5147\" target=\"_blank\">Link DOE<\/a><\/td><\/tr><tr><td style=\"color: #000000; background-color: #FFFFFF;\">132\/2022<\/td><td style=\"color: #000000; background-color: #FFFFFF;\">25\/04\/2022<\/td><td style=\"color: #000000; background-color: #FFFFFF;\">Delega a compet\u00eancia para o Licenciamento Ambiental da empresa Notrisoya Ind\u00fastria e Com\u00e9rcio de Fertilizantes e Beneficiamento de Cereais Ltda., inscrita no CNPJ sob o n\u00ba 23.673.309\/0002-29, ao Munic\u00edpio de Catal\u00e3o - GO, por interm\u00e9dio da Secretaria Municipal de Meio Ambiente de Catal\u00e3o - SEMMAC, em sua \u00e1rea de atua\u00e7\u00e3o<\/td><td style=\"color: #000000; background-color: #FFFFFF;\"><a href=\"https:\/\/diariooficial.abc.go.gov.br\/portal\/visualizacoes\/pdf\/5147\/#\/p:3\/e:5147\" target=\"_blank\">Link DOE<\/a><\/td><\/tr><tr><td style=\"color: #000000; background-color: #FFFFFF;\">132\/2022<\/td><td style=\"color: #000000; background-color: #FFFFFF;\">12\/05\/2022<\/td><td style=\"color: #000000; background-color: #FFFFFF;\">Designar os servidores\u00a0para instruir, apreciar e julgar os processos versando sobre apura\u00e7\u00e3o de infra\u00e7\u00f5es administrativas ao meio ambiente, podendo funcionar tanto em primeira quanto em segunda inst\u00e2ncia julgadora, conforme distribui\u00e7\u00e3o de processos a ser efetuada pela Ger\u00eancia do Contencioso Administrativo<\/td><td style=\"color: #000000; background-color: #FFFFFF;\"><a href=\"https:\/\/diariooficial.abc.go.gov.br\/portal\/visualizacoes\/pdf\/5164\/#\/p:10\/e:5164\" target=\"_blank\">Link DOE<\/a><\/td><\/tr><tr><td style=\"color: #000000; background-color: #FFFFFF;\">257\/2022<\/td><td style=\"color: #000000; background-color: #FFFFFF;\">08\/08\/2022<\/td><td style=\"color: #000000; background-color: #FFFFFF;\">Designa servidores para compor a C\u00e2mara de Compensa\u00e7\u00e3o Ambiental do Estado de Goi\u00e1s.<\/td><td style=\"color: #000000; background-color: #FFFFFF;\"><a href=\"https:\/\/diariooficial.abc.go.gov.br\/portal\/visualizacoes\/pdf\/5274\/#\/p:3\/e:5274\" target=\"_blank\">Link DOE<\/a><\/td><\/tr><tr><td style=\"color: #000000; background-color: #FFFFFF;\">372\/2022<\/td><td style=\"color: #000000; background-color: #FFFFFF;\">05\/12\/2022<\/td><td style=\"color: #000000; background-color: #FFFFFF;\">Institui a C\u00e2mara de Avalia\u00e7\u00e3o de Projetos<\/td><td style=\"color: #000000; background-color: #FFFFFF;\"><a href=\"https:\/\/diariooficial.abc.go.gov.br\/portal\/visualizacoes\/pdf\/5421\/#\/p:6\/e:5421\" target=\"_blank\">Link DOE<\/a><\/td><\/tr><tr><td style=\"color: #000000; background-color: #FFFFFF;\">2021<\/td><td style=\"color: #000000; background-color: #FFFFFF;\"><\/td><td style=\"color: #000000; background-color: #FFFFFF;\"><\/td><td style=\"color: #000000; background-color: #FFFFFF;\"><\/td><\/tr><tr><td style=\"color: #000000; background-color: #FFFFFF;\">101\/2021<\/td><td style=\"color: #000000; background-color: #FFFFFF;\">19\/05\/2021<\/td><td style=\"color: #000000; background-color: #FFFFFF;\">Reabre, a partir do dia 20 de maio de 2021, as\u00a0Unidades de Conserva\u00e7\u00e3o Estaduais para visita\u00e7\u00e3o p\u00fablica e\u00a0utiliza\u00e7\u00e3o\u00a0para fins de pesquisas e levantamentos cient\u00edficos\u00a0presenciais, incluindo atividades educativas e de lazer comunit\u00e1rio,\u00a0como caminhadas, ciclismo, visitas contemplativas, entre outras<\/td><td style=\"color: #000000; background-color: #FFFFFF;\"><a href=\"https:\/\/diariooficial.abc.go.gov.br\/portal\/visualizacoes\/pdf\/4729\/#\/p:2\/e:4729\" target=\"_blank\">Link DOE<\/a><\/td><\/tr><tr><td style=\"color: #000000; background-color: #FFFFFF;\">102\/2021<\/td><td style=\"color: #000000; background-color: #FFFFFF;\">19\/05\/2021<\/td><td style=\"color: #000000; background-color: #FFFFFF;\">Cria o Conselho Consultivo do Parque Estadual\u00a0\u00c1guas do Para\u00edso - CONPEAP, \u00f3rg\u00e3o consultivo, integrante da\u00a0estrutura administrativa do Parque, composto por entidades\u00a0governamentais e da sociedade civil, cujas \u00e1reas de atua\u00e7\u00e3o\u00a0compreendem tamb\u00e9m os limites de suas compet\u00eancias<\/td><td style=\"color: #000000; background-color: #FFFFFF;\"><a href=\"https:\/\/diariooficial.abc.go.gov.br\/portal\/visualizacoes\/pdf\/4730\/#\/p:5\/e:4730\" target=\"_blank\">Link DOE<\/a><\/td><\/tr><tr><td style=\"color: #000000; background-color: #FFFFFF;\">103\/2021<\/td><td style=\"color: #000000; background-color: #FFFFFF;\">19\/05\/2021<\/td><td style=\"color: #000000; background-color: #FFFFFF;\">Estabelecer, de forma emergencial, as normas\u00a0para o ordenamento da visita\u00e7\u00e3o no Parque Estadual \u00c1guas do\u00a0Para\u00edso - PEAP, at\u00e9 a publica\u00e7\u00e3o do seu Plano de Manejo<\/td><td style=\"color: #000000; background-color: #FFFFFF;\"><a href=\"https:\/\/diariooficial.abc.go.gov.br\/portal\/visualizacoes\/pdf\/4730\/#\/p:6\/e:4730\" target=\"_blank\">Link DOE<\/a><\/td><\/tr><tr><td style=\"color: #000000; background-color: #FFFFFF;\">123\/2021<\/td><td style=\"color: #000000; background-color: #FFFFFF;\">10\/06\/2021<\/td><td style=\"color: #000000; background-color: #FFFFFF;\">Disp\u00f5e sobre a utiliza\u00e7\u00e3o de Asses- soramento T\u00e9cnico Especializado em processos de licenciamento ambiental.<\/td><td style=\"color: #000000; background-color: #FFFFFF;\"><a href=\"https:\/\/diariooficial.abc.go.gov.br\/portal\/visualizacoes\/pdf\/4748\/#\/p:4\/e:4748\" target=\"_blank\">Link DOE<\/a><\/td><\/tr><tr><td style=\"color: #000000; background-color: #FFFFFF;\">132\/2021<\/td><td style=\"color: #000000; background-color: #FFFFFF;\">21\/06\/2021<\/td><td style=\"color: #000000; background-color: #FFFFFF;\">Altera a\u00a0Portaria 83\/2021 - SEMAD, que institui a Junta\u00a0Recursal para julgamento dos recursos interpostos em face\u00a0do\u00a0resultado da an\u00e1lise da documenta\u00e7\u00e3o apresentada pelos\u00a0Munic\u00edpios para fins de recebimento do ICMS Ecol\u00f3gico<\/td><td style=\"color: #000000; background-color: #FFFFFF;\"><a href=\"https:\/\/diariooficial.abc.go.gov.br\/portal\/visualizacoes\/pdf\/4761\/#\/p:9\/e:4761\" target=\"_blank\">Link DOE<\/a><\/td><\/tr><tr><td style=\"color: #000000; background-color: #FFFFFF;\">169\/2021<\/td><td style=\"color: #000000; background-color: #FFFFFF;\">07\/07\/2021<\/td><td style=\"color: #000000; background-color: #FFFFFF;\">Alterar o art. 1\u00ba da Portaria n\u00ba 132\/2020-SEMAD,\u00a0de 3 de novembro de 2020, que institui a Comiss\u00e3o Permanente\u00a0de Avalia\u00e7\u00e3o de Documentos Sigilosos - CPADS da Secretaria\u00a0de Estado de Meio Ambiente e Desenvolvimento Sustent\u00e1vel -\u00a0SEMAD<\/td><td style=\"color: #000000; background-color: #FFFFFF;\"><a href=\"https:\/\/diariooficial.abc.go.gov.br\/portal\/visualizacoes\/pdf\/4783\/#\/p:5\/e:4783\" target=\"_blank\">Link DOE<\/a><\/td><\/tr><tr><td style=\"color: #000000; background-color: #FFFFFF;\">183\/2021<\/td><td style=\"color: #000000; background-color: #FFFFFF;\">23\/07\/2021<\/td><td style=\"color: #000000; background-color: #FFFFFF;\">Instituir o Comit\u00ea Interno de Aplica\u00e7\u00e3o do MEG-Tr,\u00a0para implantar o Modelo de Excel\u00eancia em Gest\u00e3o das Transfer\u00eancias da Uni\u00e3o - MEG-Tr, conforme atribui\u00e7\u00f5es definidas na IN n\u00b0 5,de 24 de junho de 2019.<\/td><td style=\"color: #000000; background-color: #FFFFFF;\"><a href=\"https:\/\/diariooficial.abc.go.gov.br\/portal\/visualizacoes\/pdf\/4808\/#\/p:8\/e:4808\" target=\"_blank\">Link DOE<\/a><\/td><\/tr><tr><td style=\"color: #000000; background-color: #FFFFFF;\">220\/2021<\/td><td style=\"color: #000000; background-color: #FFFFFF;\">30\/09\/2021<\/td><td style=\"color: #000000; background-color: #FFFFFF;\">Cria a Reserva Particular do Patrimo?nio Natural - RPPN Beira da Mata<\/td><td style=\"color: #000000; background-color: #FFFFFF;\"><a href=\"https:\/\/diariooficial.abc.go.gov.br\/portal\/visualizacoes\/pdf\/4894\/#\/p:7\/e:4894\" target=\"_blank\">Link DOE<\/a><\/td><\/tr><tr><td style=\"color: #000000; background-color: #FFFFFF;\">208\/2021<\/td><td style=\"color: #000000; background-color: #FFFFFF;\">17\/09\/2021<\/td><td style=\"color: #000000; background-color: #FFFFFF;\">Instituir a Comissa?o de Monitoramento e Avaliac?a?o do Contrato 017\/2021 da SEMAD<\/td><td style=\"color: #000000; background-color: #FFFFFF;\"><a href=\"https:\/\/diariooficial.abc.go.gov.br\/portal\/visualizacoes\/pdf\/4880\/#\/p:13\/e:4880\" target=\"_blank\">Link DOE<\/a><\/td><\/tr><tr><td style=\"color: #000000; background-color: #FFFFFF;\">215\/2021<\/td><td style=\"color: #000000; background-color: #FFFFFF;\">17\/09\/2021<\/td><td style=\"color: #000000; background-color: #FFFFFF;\">REVOGAR a Licen\u00e7a de Instala\u00e7\u00e3o n\u00b0 1039\/2017,\u00a0Processo SGA n\u00b0 4830\/2016, concedida em favor da empresa\u00a0JOS\u00c9 ALBERTO VAZ -ME, CNPJ n\u00ba 08.924.408\/0001-61<\/td><td style=\"color: #000000; background-color: #FFFFFF;\"><a href=\"https:\/\/diariooficial.abc.go.gov.br\/portal\/visualizacoes\/pdf\/4880\/#\/p:14\/e:4880\" target=\"_blank\">Link DOE<\/a><\/td><\/tr><tr><td style=\"color: #000000; background-color: #FFFFFF;\">217\/2021<\/td><td style=\"color: #000000; background-color: #FFFFFF;\">17\/09\/2021<\/td><td style=\"color: #000000; background-color: #FFFFFF;\">Designar o servidor ANTONILDO ELIAS\u00a0MACHADO, Assistente de Gest\u00e3o Administrativa, Carteira de\u00a0Identidade n\u00b0 479914, CPF n\u00ba. 132.405.361-53, como Gestor do Fundo Rotativo\u00a0da Secretaria de Estado de Meio Ambiente e Desenvolvimento\u00a0Sustent\u00e1vel, com a denomina\u00e7\u00e3o SEMAD - Fundo Rotativo<\/td><td style=\"color: #000000; background-color: #FFFFFF;\"><a href=\"https:\/\/diariooficial.abc.go.gov.br\/portal\/visualizacoes\/pdf\/4880\/#\/p:14\/e:4880\" target=\"_blank\">Link DOE<\/a><\/td><\/tr><tr><td style=\"color: #000000; background-color: #FFFFFF;\">247\/2021<\/td><td style=\"color: #000000; background-color: #FFFFFF;\">14\/02\/2022<\/td><td style=\"color: #000000; background-color: #FFFFFF;\">ALTERA O PLANO DE MANEJO DO PARQUE ESTADUAL DE TERRA RONCA (PROCESSO SEI 202000027000592), COM EFEITO RETROATIVO A CONTAR DA DATA DE ASSINATURA DO INSTRUMENTO, OU SEJA, 23 DE NOVEMBRO DE 2021:<\/td><td style=\"color: #000000; background-color: #FFFFFF;\"><a href=\"https:\/\/diariooficial.abc.go.gov.br\/portal\/visualizacoes\/pdf\/5061\/#\/p:15\/e:5061\" target=\"_blank\">Link DOE<\/a><\/td><\/tr><tr><td style=\"color: #000000; background-color: #FFFFFF;\">281\/2021<\/td><td style=\"color: #000000; background-color: #FFFFFF;\">01\/12\/2021<\/td><td style=\"color: #000000; background-color: #FFFFFF;\">DESIGNAR os servidores desta Pasta abaixo relacionados, para o desempenho das atividades gerais e\u00a0especi?ficas de fiscalizac?a?o ambiental, no a?mbito desta Secretaria\u00a0de Meio Ambiente e Desenvolvimento Sustenta?vel:<\/td><td style=\"color: #000000; background-color: #FFFFFF;\"><a href=\"https:\/\/diariooficial.abc.go.gov.br\/portal\/visualizacoes\/pdf\/4955\/#\/p:8\/e:4955\" target=\"_blank\">Link DO<\/a><\/td><\/tr><tr><td style=\"color: #000000; background-color: #FFFFFF;\">2020<\/td><td style=\"color: #000000; background-color: #FFFFFF;\"><\/td><td style=\"color: #000000; background-color: #FFFFFF;\"><\/td><td style=\"color: #000000; background-color: #FFFFFF;\"><\/td><\/tr><tr><td style=\"color: #000000; background-color: #FFFFFF;\">01\/2020<\/td><td style=\"color: #000000; background-color: #FFFFFF;\">05\/03\/2000<\/td><td style=\"color: #000000; background-color: #FFFFFF;\">Designa servidores para compor comiss\u00e3o de an\u00e1lise das manifesta\u00e7\u00f5es de interesse para Concess\u00e3o patrocinada ou administrativa de opera\u00e7\u00e3o de torres de transmiss\u00e3o no Parque Estadual Serra de Caldas Novas - PESCAN.<\/td><td style=\"color: #000000; background-color: #FFFFFF;\"><a href=\"http:\/\/diariooficial.abc.go.gov.br\/portal\/visualizacoes\/pdf\/4114\/#\/p:4\/e:4114\" target=\"_blank\">Link DOE<\/a><\/td><\/tr><tr><td style=\"color: #000000; background-color: #FFFFFF;\">02\/2020<\/td><td style=\"color: #000000; background-color: #FFFFFF;\">10\/01\/2020<\/td><td style=\"color: #000000; background-color: #FFFFFF;\">Designa servidores lotados na Superintend\u00eancia de Recursos H\u00eddricos e Saneamento para \u00a0o \u00a0desempenho \u00a0das \u00a0atividades \u00a0gerais \u00a0e \u00a0espec\u00edficas \u00a0de fiscaliza\u00e7\u00e3o \u00a0ambiental, \u00a0no \u00a0\u00e2mbito \u00a0da \u00a0Secretaria \u00a0de \u00a0Meio Ambiente e Desenvolvimento Sustent\u00e1vel.<\/td><td style=\"color: #000000; background-color: #FFFFFF;\"><a href=\"http:\/\/diariooficial.abc.go.gov.br\/portal\/visualizacoes\/pdf\/4054\/#\/p:3\/e:4054\" target=\"_blank\">Link DOE<\/a><\/td><\/tr><tr><td style=\"color: #000000; background-color: #FFFFFF;\">04\/2020<\/td><td style=\"color: #000000; background-color: #FFFFFF;\">11\/01\/2020<\/td><td style=\"color: #000000; background-color: #FFFFFF;\">Designa servidores, lotados na Superintend\u00eancia de Prote\u00e7\u00e3o Ambiental e Desenvolvimento Sustent\u00e1vel, para o desempenho das atividades gerais e espec\u00edficas de fiscaliza\u00e7\u00e3o ambiental, no \u00e2mbito da Secretaria de Meio Ambiente e Desenvolvimento Sustent\u00e1vel.<\/td><td style=\"color: #000000; background-color: #FFFFFF;\"><a href=\"http:\/\/diariooficial.abc.go.gov.br\/portal\/visualizacoes\/jornal\/4023\/#\/p:6\/e:4023\" target=\"_blank\">Link DOE<\/a><\/td><\/tr><tr><td style=\"color: #000000; background-color: #FFFFFF;\">05\/2020<\/td><td style=\"color: #000000; background-color: #FFFFFF;\">12\/01\/2020<\/td><td style=\"color: #000000; background-color: #FFFFFF;\">Cria a Reserva Particular do Patrim\u00f4nio Natural C\u00f3rrego Capoeir\u00e3o<\/td><td style=\"color: #000000; background-color: #FFFFFF;\"><a href=\"http:\/\/diariooficial.abc.go.gov.br\/portal\/visualizacoes\/pdf\/4060\/#\/p:6\/e:4060\" target=\"_blank\">Link DOE<\/a><\/td><\/tr><tr><td style=\"color: #000000; background-color: #FFFFFF;\">06\/2020<\/td><td style=\"color: #000000; background-color: #FFFFFF;\">13\/01\/2020<\/td><td style=\"color: #000000; background-color: #FFFFFF;\">Designa a Comiss\u00e3o T\u00e9cnica para fiscaliza\u00e7\u00e3o do contrato celebrado entre a CERRADINHO A\u00c7\u00daCAR, ETANOL E ENERGIA S.A. e a empresa STPC ENGENHARIA DE PROJETOSLTDA, nos termos do processo administrativo n\u00ba 201800017002691, cujo objeto \u00e9 a contrata\u00e7\u00e3o de consultoria especializada para realizar a elabora\u00e7\u00e3o do PLANO DE MANEJO DO PARQUE ESTADUAL DA MATA ATL\u00c2NTICA<\/td><td style=\"color: #000000; background-color: #FFFFFF;\"><a href=\"http:\/\/diariooficial.abc.go.gov.br\/portal\/visualizacoes\/pdf\/4060\/#\/p:6\/e:4060\" target=\"_blank\">Link DOE<\/a><\/td><\/tr><tr><td style=\"color: #000000; background-color: #FFFFFF;\">10\/2020<\/td><td style=\"color: #000000; background-color: #FFFFFF;\">14\/01\/2020<\/td><td style=\"color: #000000; background-color: #FFFFFF;\">DECLARA A NULIDADE da Portaria n\u00ba 181\/2019-SEMAD, de 15 de agosto de 2019, que aplicou a pena de suspens\u00e3o a servidor\u00a0<\/td><td style=\"color: #000000; background-color: #FFFFFF;\"><a href=\"http:\/\/diariooficial.abc.go.gov.br\/portal\/visualizacoes\/pdf\/4070\/#\/p:3\/e:4070\" target=\"_blank\">Link DOE<\/a><\/td><\/tr><tr><td style=\"color: #000000; background-color: #FFFFFF;\">12\/2020<\/td><td style=\"color: #000000; background-color: #FFFFFF;\">15\/01\/2020<\/td><td style=\"color: #000000; background-color: #FFFFFF;\">CANCELA, com fulcro no art. 19, inciso III, da Resolu\u00e7\u00e3o CONAMA n\u00ba 237\/97, a Licen\u00e7a de Instala\u00e7\u00e3o n\u00ba 1671\/2015, exarada no processo n\u00ba 11122\/2014, concedida em favor de CTR EMPREENDIMENTOS IMOBILI\u00c1RIOS S\/A, CNPJ\/MF n\u00ba 00.521.796\/0002-09, que refere-se ao licenciamento de projeto urban\u00edstico denominado LOTEAMENTO RESIDENCIAL SANTA CLARA<\/td><td style=\"color: #000000; background-color: #FFFFFF;\"><a href=\"http:\/\/diariooficial.abc.go.gov.br\/portal\/visualizacoes\/pdf\/4110\/#\/p:6\/e:4110\" target=\"_blank\">Link DOE<\/a><\/td><\/tr><tr><td style=\"color: #000000; background-color: #FFFFFF;\">18\/2020<\/td><td style=\"color: #000000; background-color: #FFFFFF;\">16\/01\/2020<\/td><td style=\"color: #000000; background-color: #FFFFFF;\">Pro\u00edbe a pesca em qualquer das modalidades previstas na Lei Estadual N\u00ba 13.025, de 13 de janeiro de 1997, por tempo indeterminado, na Ottobacia N\u00edvel 5 da Regi\u00e3o Hidrogr\u00e1fica do Rio Vermelho\/Ribeir\u00e3o \u00c1gua Limpa.<\/td><td style=\"color: #000000; background-color: #FFFFFF;\"><a href=\"http:\/\/diariooficial.abc.go.gov.br\/portal\/visualizacoes\/pdf\/4086\/#\/p:4\/e:4086\" target=\"_blank\">Link DOE<\/a><\/td><\/tr><tr><td style=\"color: #000000; background-color: #FFFFFF;\">22\/2020<\/td><td style=\"color: #000000; background-color: #FFFFFF;\">17\/01\/2020<\/td><td style=\"color: #000000; background-color: #FFFFFF;\">SUSPENDER a efic\u00e1cia das Licen\u00e7as Pr\u00e9vias n\u00ba 1951\/2015 e 1952\/2015, referentes aos empreendimentos UHE Engenheiro \u00c9rico Bitencourt de Freitas e PCH Pontas, respectiva-mente, at\u00e9 o final julgamento do processo ou at\u00e9 a comprova\u00e7\u00e3o de que todas pend\u00eancias foram sanadas.<\/td><td style=\"color: #000000; background-color: #FFFFFF;\"><a href=\"http:\/\/diariooficial.abc.go.gov.br\/portal\/visualizacoes\/pdf\/4133\/#\/p:3\/e:4133\" target=\"_blank\">Link DOE<\/a><\/td><\/tr><tr><td style=\"color: #000000; background-color: #FFFFFF;\">24\/2020<\/td><td style=\"color: #000000; background-color: #FFFFFF;\">18\/01\/2020<\/td><td style=\"color: #000000; background-color: #FFFFFF;\">Altera a Portaria n\u00ba 178\/2019-SEMAD, publicada no Di\u00e1rio Oficial n\u00ba 23.110, de 08 de agosto de 2019, que criou o Grupo de Trabalho Especial - GT Mananciais para realizar estudo e definir as \u00e1reas de abrang\u00eancia dos mananciais de abastecimento p\u00fablico no Estado de Goi\u00e1s e as regras de uso e ocupa\u00e7\u00e3o do solo nessas \u00e1reas.<\/td><td style=\"color: #000000; background-color: #FFFFFF;\"><a href=\"http:\/\/diariooficial.abc.go.gov.br\/portal\/visualizacoes\/pdf\/4196\/#\/p:3\/e:4196\" target=\"_blank\">Link DOE<\/a><\/td><\/tr><tr><td style=\"color: #000000; background-color: #FFFFFF;\">26\/2020<\/td><td style=\"color: #000000; background-color: #FFFFFF;\">19\/01\/2020<\/td><td style=\"color: #000000; background-color: #FFFFFF;\">Altera a Portaria n\u00ba 52\/2019-SEMAD, que institui o Comit\u00ea Setorial do Programa de Compliance P\u00fablico da Secretaria de Estado de Meio Ambiente e Desenvolvimento Sustent\u00e1vel - SEMAD e d\u00e1 outras provid\u00eancias.<\/td><td style=\"color: #000000; background-color: #FFFFFF;\"><a href=\"http:\/\/diariooficial.abc.go.gov.br\/portal\/visualizacoes\/pdf\/4158\/#\/p:3\/e:4158\" target=\"_blank\">Link DOE<\/a><\/td><\/tr><tr><td style=\"color: #000000; background-color: #FFFFFF;\">30\/2020<\/td><td style=\"color: #000000; background-color: #FFFFFF;\">20\/01\/2020<\/td><td style=\"color: #000000; background-color: #FFFFFF;\">Nomeia \u00a0os \u00a0conselheiros \u00a0titulares \u00a0e \u00a0suplentes \u00a0do Conselho Consultivo da \u00c1rea de Prote\u00e7\u00e3o Ambiental de Pouso Alto (CONAPA), que foram indicados em data posterior \u00e0 definida pelo cronograma do Edital de Convoca\u00e7\u00e3o n\u00ba 003\/2017.<\/td><td style=\"color: #000000; background-color: #FFFFFF;\"><a href=\"http:\/\/diariooficial.abc.go.gov.br\/portal\/visualizacoes\/pdf\/4098\/#\/p:62\/e:4098\" target=\"_blank\">Link DOE<\/a><\/td><\/tr><tr><td style=\"color: #000000; background-color: #FFFFFF;\">33\/2020<\/td><td style=\"color: #000000; background-color: #FFFFFF;\">21\/01\/2020<\/td><td style=\"color: #000000; background-color: #FFFFFF;\">Suspende a efic\u00e1cia das Licen\u00e7as Pr\u00e9vias n\u00ba 1951\/2015 e 1952\/2015, referentes aos empreendimentos UHE Engenheiro \u00c9rico Bitencourt de Freitas e PCH Pontas, respectiva-mente, at\u00e9 o final julgamento do processo ou at\u00e9 a comprova\u00e7\u00e3o de que todas pend\u00eancias foram sanadas.<\/td><td style=\"color: #000000; background-color: #FFFFFF;\"><a href=\"http:\/\/diariooficial.abc.go.gov.br\/portal\/visualizacoes\/pdf\/4133\/#\/p:3\/e:4133\" target=\"_blank\">Link DOE<\/a><\/td><\/tr><tr><td style=\"color: #000000; background-color: #FFFFFF;\">42\/2020<\/td><td style=\"color: #000000; background-color: #FFFFFF;\">22\/01\/2020<\/td><td style=\"color: #000000; background-color: #FFFFFF;\">Estabelece o regime de teletrabalho na Secretaria de Estado de Meio Ambiente e Desenvolvimento Sustent\u00e1vel - SEMAD por 15 (quinze) dias, prorrog\u00e1veis, com fundamento no art. 5\u00ba do Decreto Estadual n\u00ba. 9.634, de 13\/03\/2020, do Governador do Estado.<\/td><td style=\"color: #000000; background-color: #FFFFFF;\">Link DOE<\/td><\/tr><tr><td style=\"color: #000000; background-color: #FFFFFF;\">52\/2020<\/td><td style=\"color: #000000; background-color: #FFFFFF;\">23\/01\/2020<\/td><td style=\"color: #000000; background-color: #FFFFFF;\">Prorroga at\u00e9 o dia 19\/04\/2020 o prazo de que trata o art. 1\u00ba da Portaria n\u00ba 42\/2020 - SEMAD (000012132235), publicada no suplemento do Di\u00e1rio Oficial n\u00ba 23.260, de 17 de mar\u00e7o de 2020, que estabelece o regime de teletrabalho na Secretaria de Meio Ambiente e Desenvolvimento Sustent\u00e1vel do Estado de Goi\u00e1s.<\/td><td style=\"color: #000000; background-color: #FFFFFF;\"><a href=\"http:\/\/diariooficial.abc.go.gov.br\/portal\/visualizacoes\/pdf\/4163\/#\/p:4\/e:4163\" target=\"_blank\">Link DOE<\/a><\/td><\/tr><tr><td style=\"color: #000000; background-color: #FFFFFF;\">53\/2020<\/td><td style=\"color: #000000; background-color: #FFFFFF;\">24\/01\/2020<\/td><td style=\"color: #000000; background-color: #FFFFFF;\">prorroga os prazos estabelecidos no art. 3\u00ba da Portaria n\u00ba 212\/2019-SEMAD, para envio dos Processos de Outorga pelo sistema Web Outorga para os requerentes que j\u00e1 tinham enviado suas Declara\u00e7\u00f5es dentro da data limite, at\u00e9 15 de abril de 2020.<\/td><td style=\"color: #000000; background-color: #FFFFFF;\"><a href=\"http:\/\/diariooficial.abc.go.gov.br\/portal\/visualizacoes\/pdf\/4161\/#\/p:27\/e:4161\" target=\"_blank\">Link DOE<\/a><\/td><\/tr><tr><td style=\"color: #000000; background-color: #FFFFFF;\">55\/2020<\/td><td style=\"color: #000000; background-color: #FFFFFF;\">25\/01\/2020<\/td><td style=\"color: #000000; background-color: #FFFFFF;\">REVOGA a Portaria 33\/2020 - SEMAD, publicada no Di\u00e1rio Oficial n\u00ba 23.261, de 18 de mar\u00e7o de 2020, que suspendeu a efic\u00e1cia d?as Licen\u00e7as Pr\u00e9vias n\u00ba 1951\/2015 e 1952\/2015, referentes aos empreendimentos UHE Engenheiro \u00c9rico Bitencourt de Freitas e PCH Pontas, respectivamente. REVOGAR a Portaria 33\/2020 - SEMAD, publicada na p\u00e1gina 2 do Di\u00e1rio Oficial n\u00ba 23.261, de 18 de mar\u00e7o de 2020, 951\/UHE Engenheiro \u00c9rico Bitencourt de Freitas e PCH Pontas, respectivamente<\/td><td style=\"color: #000000; background-color: #FFFFFF;\"><a href=\"https:\/\/diariooficial.abc.go.gov.br\/portal\/visualizacoes\/pdf\/4202\/#\/p:3\/e:4202\" target=\"_blank\">Link DOE<\/a><\/td><\/tr><tr><td style=\"color: #000000; background-color: #FFFFFF;\">68\/2020<\/td><td style=\"color: #000000; background-color: #FFFFFF;\">26\/01\/2020<\/td><td style=\"color: #000000; background-color: #FFFFFF;\">Constitui a Comiss\u00e3o Permanente de Licita\u00e7\u00f5es da Pasta, para tomar todas as provid\u00eancias administrativas e correlatas, em cumprimento ao disposto nos arts. 6\u00ba, XVI e 51 da Lei Federal n\u00ba 8.666, de 21 de junho de 1993<\/td><td style=\"color: #000000; background-color: #FFFFFF;\"><a href=\"https:\/\/diariooficial.abc.go.gov.br\/portal\/visualizacoes\/pdf\/4202\/#\/p:2\/e:4202\" target=\"_blank\">Link DOE<\/a><\/td><\/tr><tr><td style=\"color: #000000; background-color: #FFFFFF;\">69\/2020<\/td><td style=\"color: #000000; background-color: #FFFFFF;\">27\/01\/2020<\/td><td style=\"color: #000000; background-color: #FFFFFF;\">Designa os pregoeiros da SEMAD.\u00a0<\/td><td style=\"color: #000000; background-color: #FFFFFF;\"><a href=\"https:\/\/diariooficial.abc.go.gov.br\/portal\/visualizacoes\/pdf\/4202\/#\/p:3\/e:4202\" target=\"_blank\">Link DOE<\/a><\/td><\/tr><tr><td style=\"color: #000000; background-color: #FFFFFF;\">71\/2020<\/td><td style=\"color: #000000; background-color: #FFFFFF;\">28\/01\/2020<\/td><td style=\"color: #000000; background-color: #FFFFFF;\">Delega compet\u00eancias para dirigentes da SEMAD.\u00a0<\/td><td style=\"color: #000000; background-color: #FFFFFF;\"><a href=\"http:\/\/diariooficial.abc.go.gov.br\/portal\/visualizacoes\/pdf\/4206\/#\/p:2\/e:4206\" target=\"_blank\">Link DOE<\/a><\/td><\/tr><tr><td style=\"color: #000000; background-color: #FFFFFF;\">73\/2020<\/td><td style=\"color: #000000; background-color: #FFFFFF;\">29\/01\/2020<\/td><td style=\"color: #000000; background-color: #FFFFFF;\">Institui a Junta Recursal para julgamento dos recursos interpostos em face do resultado da an\u00e1lise da documenta\u00e7\u00e3o \u00a0apresentada \u00a0pelos \u00a0Munic\u00edpios \u00a0para \u00a0fins \u00a0de recebimento do ICMS Ecol\u00f3gico de 2020, referente ao ano base 2019.<\/td><td style=\"color: #000000; background-color: #FFFFFF;\">Link DOE<\/td><\/tr><tr><td style=\"color: #000000; background-color: #FFFFFF;\">78\/2020<\/td><td style=\"color: #000000; background-color: #FFFFFF;\">08\/06\/2020<\/td><td style=\"color: #000000; background-color: #FFFFFF;\">CANCELAR a Licen\u00e7a de Funcionamento n\u00ba 1368\/2015 (Processo SGA n\u00ba 18108\/2013 - Processo SEI n\u00ba 201900017005522), concedida em favor da empresa VALE FERTILIZANTES S.A, CNPJ n\u00ba 33.931.486\/0010-21, referente \u00e0 atividade de deposi\u00e7\u00e3o de material est\u00e9ril origin\u00e1rio da frente de lavra de rocha fosf\u00e1tica denominada de \u00c1rea VIII do Complexo Vale Fertilizante S\/A, localizado na Fazenda Para\u00edso do Meio e Para\u00edso de Cima, tamb\u00e9m denominado de Mundo Novo, no Munic\u00edpio de Catal\u00e3o.<\/td><td style=\"color: #000000; background-color: #FFFFFF;\"><a href=\"http:\/\/diariooficial.abc.go.gov.br\/portal\/visualizacoes\/pdf\/4245\/#\/p:10\/e:4245\" target=\"_blank\">Link DOE<\/a><\/td><\/tr><tr><td style=\"color: #000000; background-color: #FFFFFF;\">81\/2020<\/td><td style=\"color: #000000; background-color: #FFFFFF;\">09\/06\/2020<\/td><td style=\"color: #000000; background-color: #FFFFFF;\">Altera dispositivos da Portaria n\u00ba 209\/20019 - SEMAD que regulamenta a percep\u00e7\u00e3o e o pagamento do Adicional para Atividades de Meio Ambiente - ADAMA dos servidores do quadro de pessoal da Secretaria de Estado de Meio Ambiente e Desenvolvimento Sustent\u00e1vel - SEMAD.<\/td><td style=\"color: #000000; background-color: #FFFFFF;\"><a href=\"http:\/\/diariooficial.abc.go.gov.br\/portal\/visualizacoes\/pdf\/4224\/#\/p:4\/e:4224\" target=\"_blank\">Link DOE<\/a><\/td><\/tr><tr><td style=\"color: #000000; background-color: #FFFFFF;\">82\/2020<\/td><td style=\"color: #000000; background-color: #FFFFFF;\">26\/05\/2020<\/td><td style=\"color: #000000; background-color: #FFFFFF;\">Revogar a Portaria n\u00ba 18\/2020-SEMAD, que proibiu a pesca, por tempo indeterminado, na Ottobacia N\u00edvel 5 da Regi\u00e3o Hidrogr\u00e1fica Foz do Rio Vermelho\/Ribeir\u00e3o \u00c1gua Limpa, especificamente nos cursos de \u00e1gua: C\u00f3rrego Boa Sorte, C\u00f3rrego Esperan\u00e7a, C\u00f3rrego Nove de Julho, C\u00f3rrego \u00c1gua Fria e no trecho do Rio Vermelho compreendido entre a foz do C\u00f3rrego Boa Sorte e sua foz no Rio Araguaia<\/td><td style=\"color: #000000; background-color: #FFFFFF;\"><a href=\"http:\/\/diariooficial.abc.go.gov.br\/portal\/visualizacoes\/pdf\/4229\/#\/p:8\/e:4229\" target=\"_blank\">Link DOE<\/a><\/td><\/tr><tr><td style=\"color: #000000; background-color: #FFFFFF;\">85\/2020<\/td><td style=\"color: #000000; background-color: #FFFFFF;\">02\/06\/2020<\/td><td style=\"color: #000000; background-color: #FFFFFF;\">Fica institu\u00eddo o Sistema de Informa\u00e7\u00f5es\u00a0Geogr\u00e1ficas Ambientais do Estado de Goi\u00e1s, SIGA-Goi\u00e1s, com\u00a0o objetivo de promover adequada sistematiza\u00e7\u00e3o,<\/td><td style=\"color: #000000; background-color: #FFFFFF;\"><a href=\"http:\/\/diariooficial.abc.go.gov.br\/portal\/visualizacoes\/pdf\/4237\/#\/p:3\/e:4237\" target=\"_blank\">Link DOE<\/a><\/td><\/tr><tr><td style=\"color: #000000; background-color: #FFFFFF;\">87\/2020<\/td><td style=\"color: #000000; background-color: #FFFFFF;\">16\/06\/2019<\/td><td style=\"color: #000000; background-color: #FFFFFF;\">Publicar os percentuais do ADICIONAL PARA ATIVIDADES\u00a0 DE\u00a0 MEIO\u00a0 AMBIENTE\u00a0 -\u00a0 ADAMA\u00a0 atribu\u00eddos\u00a0 aos servidores ocupantes dos Grupos Ocupacionais T\u00e9cnico Ambiental e Analista Ambiental pelas atividades desenvolvidas no per\u00edodo compreendido entre 01 de dezembro de 2019 e 31 de maio de 2020, com percentuais a serem pagos nos meses de junho\/2020, julho\/2020, agosto\/2020, setembro\/2020, outubro\/2020 e novembro\/2020<\/td><td style=\"color: #000000; background-color: #FFFFFF;\"><a href=\"http:\/\/diariooficial.abc.go.gov.br\/portal\/visualizacoes\/pdf\/4255\/#\/p:10\/e:4255\" target=\"_blank\">Link DOE<\/a><\/td><\/tr><tr><td style=\"color: #000000; background-color: #FFFFFF;\">99\/2020<\/td><td style=\"color: #000000; background-color: #FFFFFF;\">04\/09\/2020<\/td><td style=\"color: #000000; background-color: #FFFFFF;\">Estabelecer normas para o ordenamento dos trajetos do Caminho de Cora Coralina no interior do Parque Estadual dos Pirineus e do Parque Estadual da Serra de Jaragu\u00e1, at\u00e9 a publica\u00e7\u00e3o do Plano de Manejo de cada unidade<\/td><td style=\"color: #000000; background-color: #FFFFFF;\"><a href=\"https:\/\/diariooficial.abc.go.gov.br\/portal\/visualizacoes\/pdf\/4369\/#\/p:5\/e:4369\" target=\"_blank\">Link DOE<\/a><\/td><\/tr><tr><td style=\"color: #000000; background-color: #FFFFFF;\">131\/202<\/td><td style=\"color: #000000; background-color: #FFFFFF;\">03\/09\/2020<\/td><td style=\"color: #000000; background-color: #FFFFFF;\">Cria na Secretaria de Estado de Meio\u00a0Ambiente e\u00a0Desenvolvimento Sustent\u00e1vel\u00a0- SEMAD o Escrit\u00f3rio de\u00a0Compliance\u00a0P\u00fablico<\/td><td style=\"color: #000000; background-color: #FFFFFF;\"><a href=\"https:\/\/diariooficial.abc.go.gov.br\/portal\/visualizacoes\/pdf\/4366\/#\/p:13\/e:4366\" target=\"_blank\">Link DOE<\/a><\/td><\/tr><tr><td style=\"color: #000000; background-color: #FFFFFF;\">137\/2020<\/td><td style=\"color: #000000; background-color: #FFFFFF;\">03\/09\/2020<\/td><td style=\"color: #000000; background-color: #FFFFFF;\">Estabelece, em car\u00e1ter excepcional e tempor\u00e1rio, os procedimentos para\u00a0a realiza\u00e7\u00e3o de consultas p\u00fablicas, em ambiente virtual, para cria\u00e7\u00e3o de Unidades de Conserva\u00e7\u00e3o, enquanto perdurarem os efeitos provocados pela pandemia do Coronav\u00edrus (COVID-19)<\/td><td style=\"color: #000000; background-color: #FFFFFF;\"><a href=\"https:\/\/diariooficial.abc.go.gov.br\/portal\/visualizacoes\/pdf\/4368\/#\/p:37\/e:4368\" target=\"_blank\">Link DOE<\/a><\/td><\/tr><tr><td style=\"color: #000000; background-color: #FFFFFF;\">149\/2020<\/td><td style=\"color: #000000; background-color: #FFFFFF;\">20\/10\/2020<\/td><td style=\"color: #000000; background-color: #FFFFFF;\">Estabelece a realiza\u00e7\u00e3o das reuni\u00f5es de Conselhos Consultivos e outros eventos participativos das Unidades de Conserva\u00e7\u00e3o do Estado de Goi\u00e1s, em ambiente virtual, considerando os efeitos provocados pela pandemia do novo Coronav\u00edrus (COVID-19)<\/td><td style=\"color: #000000; background-color: #FFFFFF;\"><a href=\"https:\/\/diariooficial.abc.go.gov.br\/portal\/visualizacoes\/pdf\/4434\/#\/p:2\/e:4434\" target=\"_blank\">Link DOE<\/a><\/td><\/tr><tr><td style=\"color: #000000; background-color: #FFFFFF;\">164\/2020<\/td><td style=\"color: #000000; background-color: #FFFFFF;\">21\/10\/2020<\/td><td style=\"color: #000000; background-color: #FFFFFF;\">Cria o Conselho Consultivo da \u00c1rea de Prote\u00e7\u00e3o Ambiental Dr. Sulivan Silvestre.<\/td><td style=\"color: #000000; background-color: #FFFFFF;\"><a href=\"https:\/\/diariooficial.abc.go.gov.br\/portal\/visualizacoes\/pdf\/4436\/#\/p:9\/e:4436\" target=\"_blank\">Link DOE<\/a><\/td><\/tr><tr><td style=\"color: #000000; background-color: #FFFFFF;\">193\/2020<\/td><td style=\"color: #000000; background-color: #FFFFFF;\">25\/11\/2020<\/td><td style=\"color: #000000; background-color: #FFFFFF;\">Altera dispositivos da Portaria no 209\/2019-SEMAD, que regulamenta a percep\u00e7\u00e3o e o pagamento do Adicional para Atividades de Meio Ambiente - ADAMA dos servidores do quadro de pessoal da Secretaria de Estado de Meio Ambiente e Desenvolvimento\u00a0Sustent\u00e1vel - SEMAD<\/td><td style=\"color: #000000; background-color: #FFFFFF;\"><a href=\"https:\/\/diariooficial.abc.go.gov.br\/portal\/visualizacoes\/pdf\/4478\/#\/p:3\/e:4478\" target=\"_blank\">Link DOE<\/a><\/td><\/tr><tr><td style=\"color: #000000; background-color: #FFFFFF;\">213\/2020<\/td><td style=\"color: #000000; background-color: #FFFFFF;\">30\/12\/2020<\/td><td style=\"color: #000000; background-color: #FFFFFF;\">Altera dispositivos da Portaria no 209\/2019-SEMAD, que regulamenta a percep\u00e7\u00e3o e o pagamento do Adicional para Atividades de Meio Ambiente - ADAMA dos servidores do quadro de pessoal da Secretaria de Estado de Meio Ambiente e Desenvolvimento Sustent\u00e1vel - SEMAD, e da Portaria no 193, de 25 de novembro de 2020, que alterou dispositivos da Portaria no 209\/2019-SEMAD<\/td><td style=\"color: #000000; background-color: #FFFFFF;\"><a href=\"https:\/\/diariooficial.abc.go.gov.br\/portal\/visualizacoes\/pdf\/4521\/#\/p:118\/e:4521\" target=\"_blank\">Link DOE<\/a><\/td><\/tr><\/tbody><\/table><div class=\"wp-block-file\"><a href=\"https:\/\/goias.gov.br\/meioambiente\/wp-content\/uploads\/sites\/33\/files\/Legislacao\/portaria\/portarias.xlsx\">portarias.xlsx&nbsp; <span class=\"wp-block-file__button wp-element-button\">Baixar<\/span><\/a><\/div>\n","protected":false},"excerpt":{"rendered":"","protected":false},"author":2,"featured_media":0,"comment_status":"closed","ping_status":"open","sticky":false,"template":"","format":"standard","meta":{"footnotes":"","_links_to":"","_links_to_target":""},"categories":[3],"tags":[],"class_list":["post-27497","post","type-post","status-publish","format-standard","hentry","category-institucional"],"rttpg_featured_image_url":null,"rttpg_author":{"display_name":"rogerioduarte","author_link":"https:\/\/goias.gov.br\/meioambiente\/author\/rogerioduarte\/"},"rttpg_comment":0,"rttpg_category":"<a href=\"https:\/\/goias.gov.br\/meioambiente\/categoria\/institucional\/\" rel=\"category tag\">Institucional<\/a>","rttpg_excerpt":null,"_links":{"self":[{"href":"https:\/\/goias.gov.br\/meioambiente\/wp-json\/wp\/v2\/posts\/27497","targetHints":{"allow":["GET"]}}],"collection":[{"href":"https:\/\/goias.gov.br\/meioambiente\/wp-json\/wp\/v2\/posts"}],"about":[{"href":"https:\/\/goias.gov.br\/meioambiente\/wp-json\/wp\/v2\/types\/post"}],"author":[{"embeddable":true,"href":"https:\/\/goias.gov.br\/meioambiente\/wp-json\/wp\/v2\/users\/2"}],"replies":[{"embeddable":true,"href":"https:\/\/goias.gov.br\/meioambiente\/wp-json\/wp\/v2\/comments?post=27497"}],"version-history":[{"count":1,"href":"https:\/\/goias.gov.br\/meioambiente\/wp-json\/wp\/v2\/posts\/27497\/revisions"}],"predecessor-version":[{"id":28635,"href":"https:\/\/goias.gov.br\/meioambiente\/wp-json\/wp\/v2\/posts\/27497\/revisions\/28635"}],"wp:attachment":[{"href":"https:\/\/goias.gov.br\/meioambiente\/wp-json\/wp\/v2\/media?parent=27497"}],"wp:term":[{"taxonomy":"category","embeddable":true,"href":"https:\/\/goias.gov.br\/meioambiente\/wp-json\/wp\/v2\/categories?post=27497"},{"taxonomy":"post_tag","embeddable":true,"href":"https:\/\/goias.gov.br\/meioambiente\/wp-json\/wp\/v2\/tags?post=27497"}],"curies":[{"name":"wp","href":"https:\/\/api.w.org\/{rel}","templated":true}]}}