

{"id":26620,"date":"2020-12-18T11:45:15","date_gmt":"2020-12-18T14:45:15","guid":{"rendered":"https:\/\/siteshom.goias.gov.br\/meioambiente\/compensacao-ambiental\/"},"modified":"2025-01-24T10:42:57","modified_gmt":"2025-01-24T13:42:57","slug":"compensacao-ambiental","status":"publish","type":"post","link":"https:\/\/goias.gov.br\/meioambiente\/compensacao-ambiental\/","title":{"rendered":"Compensa\u00e7\u00e3o ambiental"},"content":{"rendered":"\n<p>A compensa\u00e7\u00e3o ambiental trata-se de instrumento que imp\u00f5e aos empreendimentos causadores de significativo impacto ambiental o dever de destinar recursos financeiros para apoiar a cria\u00e7\u00e3o, implanta\u00e7\u00e3o e manuten\u00e7\u00e3o de unidades de conserva\u00e7\u00e3o de prote\u00e7\u00e3o integral , no Estado de Goi\u00e1s, tamb\u00e9m a custear medidas destinadas a reparar danos decorrentes de impacto ambiental n\u00e3o mitig\u00e1vel sobre a fauna, conforme previsto no <a href=\"https:\/\/legisla.casacivil.go.gov.br\/api\/v2\/pesquisa\/legislacoes\/81809\/pdf\">art. 35 da Lei Estadual n\u00b0 14.247\/2002<\/a> . Em suma, a compensa\u00e7\u00e3o ambiental \u00e9 uma ferramenta essencial para assegurar a responsabilidade socioambiental das atividades humanas, contribuindo para a prote\u00e7\u00e3o da natureza e para a promo\u00e7\u00e3o de um ambiente equilibrado e saud\u00e1vel para todos, sendo assim um importante instituto para o fortalecimento do Sistema Nacional de Unidades de Conserva\u00e7\u00e3o (SNUC) e do Sistema Estadual de Unidades de Conserva\u00e7\u00e3o (SEUC) de Goi\u00e1s.<\/p>\n\n\n\n<p><a href=\"https:\/\/portal.meioambiente.go.gov.br\/transparencia-web\/compensacao-ambiental\" data-type=\"link\" data-id=\"https:\/\/portal.meioambiente.go.gov.br\/transparencia-web\/compensacao-ambiental\">CLIQUE AQUI E VEJA O PAINEL COM DADOS ATUALIZADOS SOBRE A COMPENSA\u00c7\u00c3O AMBIENTAL EM GOI\u00c1S<\/a><\/p>\n\n\n\n<p><strong>Documenta\u00e7\u00e3o necess\u00e1ria para formaliza\u00e7\u00e3o do processo de compensa\u00e7\u00e3o ambiental<\/strong><\/p>\n\n\n\n<p><strong>O processo de compensa\u00e7\u00e3o ambiental deve ser iniciado simultaneamente \u00e0 abertura do processo de licenciamento. Nesse contexto, os respons\u00e1veis devem encaminhar todos os documentos pertinentes ao protocolo por meio do endere\u00e7o de e-mail <\/strong><a href=\"mailto:vaptvupt.meioambiente@goias.gov.br\"><strong>vaptvupt.meioambiente@goias.gov.br<\/strong><\/a><strong> solicitando a abertura do processo de compensa\u00e7\u00e3o ambiental relacionado ao processo de licenciamento em quest\u00e3o.<\/strong><\/p>\n\n\n\n<p><strong>A documenta\u00e7\u00e3o listada abaixo dever\u00e1 ser apresentada, conforme estabelecido na <\/strong><a href=\"https:\/\/legisla.casacivil.go.gov.br\/api\/v2\/pesquisa\/legislacoes\/81809\/pdf\"><strong>Lei Estadual n\u00b0 14.247\/2002<\/strong><\/a><strong>, alterada pela <\/strong><a href=\"https:\/\/legisla.casacivil.go.gov.br\/api\/v2\/pesquisa\/legislacoes\/99829\/pdf\"><strong>Lei Estadual n\u00b019.955\/2017<\/strong><strong>:<\/strong><\/a><\/p>\n\n\n\n<ol class=\"wp-block-list\">\n<li>Requerimento do interessado (importante informar telefone e e-mail atualizados para o recebimento de correspond\u00eancia, notifica\u00e7\u00f5es, etc);<\/li>\n\n\n\n<li>C\u00f3pia do Cadastro de Pessoa F\u00edsica (CPF) ou Cadastro Nacional de Pessoa Jur\u00eddica (CNPJ);<\/li>\n\n\n\n<li>Ato constitutivo, estatuto ou contrato social sendo este registrado e atualizado perante os \u00f3rg\u00e3os competentes, se o empreendedor for pessoa jur\u00eddica de direito privado;<\/li>\n\n\n\n<li>Ata da \u00faltima elei\u00e7\u00e3o da diretoria, caso haja previs\u00e3o estatut\u00e1ria nesse sentido e, ainda, c\u00f3pia da publica\u00e7\u00e3o dos atos de nomea\u00e7\u00e3o e posse de seus membros;<\/li>\n\n\n\n<li>Documentos (RG e CPF) dos dirigentes eleitos;<\/li>\n\n\n\n<li>Comprova\u00e7\u00e3o da representa\u00e7\u00e3o legal da pessoa jur\u00eddica (Procura\u00e7\u00e3o);<\/li>\n\n\n\n<li>C\u00f3pia dos documentos (RG e CPF) do representante legal (Procuradores);<\/li>\n\n\n\n<li>C\u00f3pia da licen\u00e7a ambiental expedida pelo \u00f3rg\u00e3o competente, com a condicionante de fixa\u00e7\u00e3o de compensa\u00e7\u00e3o ambiental;<\/li>\n\n\n\n<li>Planilha detalhada do custo total de implanta\u00e7\u00e3o do empreendimento com assinatura do respons\u00e1vel t\u00e9cnico, com Anota\u00e7\u00e3o de Responsabilidade T\u00e9cnica \u2013 ART, e assinatura do empreendedor ou do seu representante legal;<\/li>\n\n\n\n<li>Sugest\u00e3o justificada de unidades de conserva\u00e7\u00e3o a serem beneficiadas ou criadas com os recursos provenientes da compensa\u00e7\u00e3o ambiental, seguindo diretrizes dos artigos 9 e 10 da Resolu\u00e7\u00e3o CONAMA 371\/2006;<\/li>\n\n\n\n<li>C\u00f3pia digital do Estudo de Impacto Ambiental e Relat\u00f3rio de Impacto Ambiental \u2013 EIA\/ RIMA, dos quais conste a metodologia de grada\u00e7\u00e3o dos impactos ambientais utilizada.<\/li>\n<\/ol>\n\n\n\n<p><strong>Planilha de C\u00e1lculo da Compensa\u00e7\u00e3o Ambiental &#8211; Metodologia do Decreto Estadual 9.308\/2021 e altera\u00e7\u00e3o pelo Decreto Estadual 9.821\/2021<\/strong><\/p>\n\n\n\n<div class=\"wp-block-file\"><a id=\"wp-block-file--media-2f7615cb-2814-470b-9450-3d8bccfb6e2e\" href=\"https:\/\/goias.gov.br\/meioambiente\/wp-content\/uploads\/sites\/33\/2020\/12\/METODOLOGIA-PARA-CALCULO-DA-COMPENSACAO-AMBIENTAL-SEUC-SEMAD_ATUALIZADA-19-06-2023.ods\">Metodologia para c\u00e1lculo de GI (dispon\u00edvel em Libre Office)<\/a><a href=\"https:\/\/goias.gov.br\/meioambiente\/wp-content\/uploads\/sites\/33\/2020\/12\/METODOLOGIA-PARA-CALCULO-DA-COMPENSACAO-AMBIENTAL-SEUC-SEMAD_ATUALIZADA-19-06-2023.ods\" class=\"wp-block-file__button wp-element-button\" download aria-describedby=\"wp-block-file--media-2f7615cb-2814-470b-9450-3d8bccfb6e2e\">Baixar<\/a><\/div>\n\n\n\n<p><strong>Termo de Refer\u00eancia para Grau de Impacto<\/strong><\/p>\n\n\n\n<p><a href=\"https:\/\/drive.google.com\/file\/d\/1I7jC1vpkbxx2xB7dXKEJC6dIxc6Xogrv\/view?usp=sharing\">Calculo do grau de impacto<\/a><\/p>\n\n\n\n<p><strong>Se a Licen\u00e7a Pr\u00e9via, ou quando esta n\u00e3o for exigida, Licen\u00e7a de Instala\u00e7\u00e3o foi expedida antes de 14\/06\/2013, apresentar tamb\u00e9m:<\/strong><\/p>\n\n\n\n<ol class=\"wp-block-list\">\n<li>Aplica\u00e7\u00e3o da f\u00f3rmula prevista no inciso II, \u00a7 1\u00ba, do art. 10, da Lei n\u00ba 18.037, de 12 de junho de 2013, que alterou a Lei Estadual n.\u00ba 14.241\/2002.<\/li>\n<\/ol>\n\n\n\n<p><strong>Se a Licen\u00e7a Pr\u00e9via, ou quando esta n\u00e3o for exigida, Licen\u00e7a de Instala\u00e7\u00e3o foi expedida entre 14\/06\/2013 e 03\/01\/2018 , apresentar tamb\u00e9m:<\/strong><\/p>\n\n\n\n<ol class=\"wp-block-list\">\n<li>Estudo de Valora\u00e7\u00e3o Ambiental \u2013 EVA \u2013 com base em metodologia reconhecida cientificamente, elaborado e assinado por respons\u00e1vel t\u00e9cnico (com anota\u00e7\u00e3o de responsabilidade t\u00e9cnica \u2013 art);<\/li>\n\n\n\n<li>Aplica\u00e7\u00e3o da f\u00f3rmula prevista no inciso II, \u00a7 1\u00ba, do art. 10, da <a href=\"https:\/\/legisla.casacivil.go.gov.br\/api\/v2\/pesquisa\/legislacoes\/90150\/pdf\">Lei n\u00ba 18.037<\/a>, de 12 de junho de 2013, que alterou a <a href=\"https:\/\/legisla.casacivil.go.gov.br\/api\/v2\/pesquisa\/legislacoes\/81803\/pdf\">Lei Estadual n.\u00ba 14.241\/2002<\/a>.<\/li>\n<\/ol>\n\n\n\n<p><strong>Se a Licen\u00e7a Pr\u00e9via foi expedida a partir de 03\/01\/2018 , apresentar tamb\u00e9m:<\/strong><\/p>\n\n\n\n<ol class=\"wp-block-list\">\n<li>Aplica\u00e7\u00e3o da Metodologia para o c\u00e1lculo da Compensa\u00e7\u00e3o Ambiental (Grau de Impacto &#8211; GI), estabelecida pelo <a href=\"https:\/\/legisla.casacivil.go.gov.br\/pesquisa_legislacao\/71506\/decreto-9308\">Decreto Estadual n.\u00ba 9.308\/2018<\/a><\/li>\n<\/ol>\n\n\n\n<p><strong>&nbsp;<\/strong><strong>&nbsp;&nbsp;Principais atos normativos que regulamentam o tema&nbsp;<\/strong><\/p>\n\n\n\n<ul class=\"wp-block-list\">\n<li><a href=\"http:\/\/www.planalto.gov.br\/ccivil_03\/leis\/L9985.htm\">Lei Federal 9.985\/2000, institui o Sistema Nacional de Unidades de Conserva\u00e7\u00e3o da Natureza e d\u00e1 outras provid\u00eancias&nbsp;<\/a><\/li>\n\n\n\n<li><a href=\"https:\/\/legisla.casacivil.go.gov.br\/api\/v2\/pesquisa\/legislacoes\/81803\/pdf\">Lei Estadual 14.241\/2002, disp\u00f5e sobre a prote\u00e7\u00e3o da fauna silvestre no Estado de Goi\u00e1s e d\u00e1 outras provid\u00eancias<\/a>&nbsp;&nbsp;<\/li>\n\n\n\n<li><a href=\"https:\/\/legisla.casacivil.go.gov.br\/api\/v2\/pesquisa\/legislacoes\/90150\/pdf\">Lei Estadual 18.037\/2013, altera a Lei 14.241\/2002<\/a><\/li>\n\n\n\n<li><a href=\"https:\/\/legisla.casacivil.go.gov.br\/api\/v2\/pesquisa\/legislacoes\/81809\/pdf\">Lei Estadual 14.247\/2002, institui o Sistema Estadual de Unidades de Conserva\u00e7\u00e3o no Estado de Goi\u00e1s e d\u00e1 outras provid\u00eancias&nbsp;<\/a><\/li>\n\n\n\n<li><a href=\"https:\/\/legisla.casacivil.go.gov.br\/api\/v2\/pesquisa\/legislacoes\/99829\/pdf\">Lei Estadual n\u00ba 19.955\/2017, altera a Lei Estadual n.\u00ba 14.247 de julho de 2002 e d\u00e1 outras provid\u00eancias<\/a><\/li>\n\n\n\n<li><a href=\"https:\/\/legisla.casacivil.go.gov.br\/api\/v2\/pesquisa\/legislacoes\/99940\/pdf\">Lei Estadual n\u00ba 20.065\/2018, introduz altera\u00e7\u00f5es na Lei n.\u00ba 19.955\/2017 de dezembro de 2017<\/a><\/li>\n\n\n\n<li><a href=\"http:\/\/legisla.casacivil.go.gov.br\/api\/v2\/pesquisa\/legislacoes\/100893\/pdf\">Lei Estadual n\u00ba 20.694\/2019, disp\u00f5e sobre as normas do licenciamento ambiental, e no Cap\u00edtulo X trata da compensa\u00e7\u00e3o ambiental<\/a><\/li>\n\n\n\n<li><a href=\"http:\/\/www.planalto.gov.br\/ccivil_03\/decreto\/2002\/D4340.htm\">Decreto Federal 4.340\/2002, que regulamenta artigos da Lei n\u00b0 9.985\/2000<\/a><\/li>\n\n\n\n<li><a href=\"https:\/\/legisla.casacivil.go.gov.br\/api\/v2\/pesquisa\/legislacoes\/71506\/pdf\">Decreto Estadual 9308\/2018, disp\u00f5e sobre a metodologia para a defini\u00e7\u00e3o do grau de impacto ambiental para fins de cumprimento da compensa\u00e7\u00e3o ambiental<\/a><\/li>\n\n\n\n<li><a href=\"https:\/\/legisla.casacivil.go.gov.br\/api\/v2\/pesquisa\/legislacoes\/103356\/pdf\">Decreto Estadual 9.710\/2020, que regulamenta, no \u00e2mbito do Poder Executivo Estadual, a Lei Estadual n\u00ba 20.694, de 26 de dezembro de 2019, que disp\u00f5e sobre as normas gerais para o Licenciamento Ambiental no Estado de Goi\u00e1s e d\u00e1 outras provid\u00eancias<\/a><\/li>\n\n\n\n<li><a href=\"https:\/\/www.legisweb.com.br\/legislacao\/?id=104078\">Resolu\u00e7\u00e3o CONAMA 371\/2006, estabelece diretrizes sobre o c\u00e1lculo, cobran\u00e7a, aplica\u00e7\u00e3o,aprova\u00e7\u00e3o e controle de gastos de recursos da compensa\u00e7\u00e3o ambiental&nbsp;&nbsp;<\/a><\/li>\n\n\n\n<li><a href=\"https:\/\/legisla.casacivil.go.gov.br\/api\/v2\/pesquisa\/legislacoes\/103885\/pdf\">Decreto Estadual 9.821\/2021, disp\u00f5e sobre a metodologia para a defini\u00e7\u00e3o do grau de impacto ambiental para o cumprimento da compensa\u00e7\u00e3o ambiental definida no art. 9\u00ba da Lei estadual n\u00ba 20.773, de 8 de maio de 2020, que institui o Regime Extraordin\u00e1rio de Licenciamento Ambiental \u2013 REL.<\/a><\/li>\n\n\n\n<li><a href=\"http:\/\/diariooficial.abc.go.gov.br\/portal\/visualizacoes\/pdf\/3952\/#\/p:6\/e:3952\">Instru\u00e7\u00e3o Normativa n\u00ba 009\/2019-SEMAD<\/a>, que disp\u00f5e sobre o Regimento Interno da C\u00e2mara de Compensa\u00e7\u00e3o Ambiental do Estado de Goi\u00e1s \u2013 CCA, publicada no DOE\/GO n\u00b0 23.151 de 04\/10\/2019.<\/li>\n\n\n\n<li><a href=\"https:\/\/diariooficial.abc.go.gov.br\/portal\/visualizacoes\/pdf\/4590\/#\/p:6\/e:4590\">Instru\u00e7\u00e3o Normativa n\u00ba 02\/2021-SEMAD<\/a>, Regulamenta o procedimento administrativo para a celebra\u00e7\u00e3o de termos de compromisso de compensa\u00e7\u00e3o ambiental, conforme estabelecido no art. 35 da Lei Estadual n\u00ba 14.247, de 29 de julho de 2002, alterada pela Lei Estadual n\u00ba 19.955, de 29 de dezembro de 2017, e pela Lei Estadual n\u00ba 20.065, de 04 de maio de 2018.<\/li>\n\n\n\n<li>Portaria 01\/2019 \u2013 GAB, suspende os dep\u00f3sitos de recursos oriundos dos termos de Compromisso celebrados para o cumprimento de compensa\u00e7\u00e3o ambiental ao Fundo<strong> <\/strong>Estadual do meio Ambiente do Estado de Goi\u00e1s at\u00e9 que o<strong> <\/strong>procedimento de aplica\u00e7\u00e3o indireta seja revisado, publicada no DOE\/GO n\u00b0 22.968 de 09\/01\/2019.<\/li>\n<\/ul>\n\n\n\n<p><strong>Presta\u00e7\u00e3o de contas da compensa\u00e7\u00e3o ambiental<\/strong><\/p>\n\n\n\n<p><strong>ANO 2024<\/strong><\/p>\n\n\n\n<ul class=\"wp-block-list\">\n<li><a href=\"https:\/\/goias.gov.br\/meioambiente\/wp-content\/uploads\/sites\/33\/2024\/05\/1-ord-2024.pdf\">Ata 1\u00aa Reuni\u00e3o Ordin\u00e1ria CCA<\/a><\/li>\n\n\n\n<li><a href=\"https:\/\/goias.gov.br\/meioambiente\/wp-content\/uploads\/sites\/33\/2024\/05\/1-extra-2024.pdf\">Ata 1\u00aa Reuni\u00e3o&nbsp; Extraordin\u00e1ria CCA&nbsp;<\/a><\/li>\n\n\n\n<li><a href=\"https:\/\/goias.gov.br\/meioambiente\/wp-content\/uploads\/sites\/33\/2024\/05\/2-ord-2024-1.pdf\">Ata 2\u00aa Reuni\u00e3o Ordin\u00e1ria CCA<\/a><\/li>\n\n\n\n<li><a href=\"https:\/\/goias.gov.br\/meioambiente\/wp-content\/uploads\/sites\/33\/2024\/05\/2-extra-2024.pdf\">Ata 2\u00aa Reuni\u00e3o Extraordin\u00e1ria CCA<\/a><\/li>\n\n\n\n<li><a href=\"https:\/\/goias.gov.br\/meioambiente\/wp-content\/uploads\/sites\/33\/2024\/05\/3-ord-2024.pdf\">Ata 3\u00aa Reuni\u00e3o Ordin\u00e1ria CCA<\/a><\/li>\n\n\n\n<li><a href=\"https:\/\/goias.gov.br\/meioambiente\/wp-content\/uploads\/sites\/33\/2025\/01\/Ata-4a-Reuniao-Ordinaria-CCA.pdf\" data-type=\"link\" data-id=\"https:\/\/goias.gov.br\/meioambiente\/wp-content\/uploads\/sites\/33\/2025\/01\/Ata-4a-Reuniao-Ordinaria-CCA.pdf\">Ata 4\u00aa Reuni\u00e3o Ordin\u00e1ria CCA<\/a><\/li>\n\n\n\n<li><a href=\"https:\/\/goias.gov.br\/meioambiente\/wp-content\/uploads\/sites\/33\/2025\/01\/Ata-5a-Reuniao-Ordinaria-CCA.pdf\" data-type=\"link\" data-id=\"https:\/\/goias.gov.br\/meioambiente\/wp-content\/uploads\/sites\/33\/2025\/01\/Ata-5a-Reuniao-Ordinaria-CCA.pdf\">Ata 5\u00aa Reuni\u00e3o Ordin\u00e1ria CCA<\/a><\/li>\n\n\n\n<li><a href=\"https:\/\/goias.gov.br\/meioambiente\/wp-content\/uploads\/sites\/33\/2025\/01\/Ata-6a-Reuniao-Ordinaria-CCA.pdf\" data-type=\"link\" data-id=\"https:\/\/goias.gov.br\/meioambiente\/wp-content\/uploads\/sites\/33\/2025\/01\/Ata-6a-Reuniao-Ordinaria-CCA.pdf\">Ata 6\u00aa Reuni\u00e3o Ordin\u00e1ria CCA<\/a><\/li>\n\n\n\n<li><a href=\"https:\/\/goias.gov.br\/meioambiente\/wp-content\/uploads\/sites\/33\/2025\/01\/Ata-7a-Reuniao-Ordinaria-CCA.pdf\" data-type=\"link\" data-id=\"https:\/\/goias.gov.br\/meioambiente\/wp-content\/uploads\/sites\/33\/2025\/01\/Ata-7a-Reuniao-Ordinaria-CCA.pdf\">Ata 7\u00aa Reuni\u00e3o Ordin\u00e1ria CCA<\/a><\/li>\n\n\n\n<li><a href=\"https:\/\/goias.gov.br\/meioambiente\/wp-content\/uploads\/sites\/33\/2025\/01\/Ata-8a-Reuniao-Ordinaria-CCA.pdf\" data-type=\"link\" data-id=\"https:\/\/goias.gov.br\/meioambiente\/wp-content\/uploads\/sites\/33\/2025\/01\/Ata-8a-Reuniao-Ordinaria-CCA.pdf\">Ata 8\u00aa Reuni\u00e3o Ordin\u00e1ria CCA<\/a><\/li>\n\n\n\n<li><a href=\"https:\/\/goias.gov.br\/meioambiente\/wp-content\/uploads\/sites\/33\/2025\/01\/Ata-9a-Reuniao-Ordinaria-CCA.pdf\" data-type=\"link\" data-id=\"https:\/\/goias.gov.br\/meioambiente\/wp-content\/uploads\/sites\/33\/2025\/01\/Ata-9a-Reuniao-Ordinaria-CCA.pdf\">Ata 9\u00aa Reuni\u00e3o Ordin\u00e1ria CCA<\/a><\/li>\n<\/ul>\n\n\n\n<p><strong>ANO 2023&nbsp;<\/strong><\/p>\n\n\n\n<ul class=\"wp-block-list\">\n<li><a href=\"https:\/\/goias.gov.br\/meioambiente\/wp-content\/uploads\/sites\/33\/files\/Compencacao_Ambiental\/2023\/ata\/Ata_1_Reun_Ordi_2023_CCA.pdf\">Ata 1\u00aa Reuni\u00e3o Ordin\u00e1ria CCA<\/a><\/li>\n\n\n\n<li><a href=\"http:\/\/sei.go.gov.br\/sei\/controlador.php?acao=procedimento_trabalhar&amp;id_procedimento=32621672&amp;id_documento=45995820\">Ata 1\u00aa Reuni\u00e3o&nbsp; Extraordin\u00e1ria CCA&nbsp;<\/a><\/li>\n\n\n\n<li><a href=\"http:\/\/sei.go.gov.br\/sei\/controlador.php?acao=procedimento_trabalhar&amp;id_procedimento=32621672&amp;id_documento=47179165\">Ata 2\u00aa Reuni\u00e3o Extraordin\u00e1ria CCA<\/a><\/li>\n\n\n\n<li><a href=\"http:\/\/sei.go.gov.br\/sei\/controlador.php?acao=procedimento_trabalhar&amp;id_procedimento=32621672&amp;id_documento=47507858\">Ata 3\u00aa Reuni\u00e3o Extraordin\u00e1ria CCA<\/a><\/li>\n\n\n\n<li><a href=\"http:\/\/sei.go.gov.br\/sei\/controlador.php?acao=procedimento_trabalhar&amp;id_procedimento=32621672&amp;id_documento=48026634\">Ata da 4\u00aa Reuni\u00e3o Extraordin\u00e1ria &nbsp;CCA<\/a><\/li>\n\n\n\n<li><a href=\"http:\/\/sei.go.gov.br\/sei\/controlador.php?acao=procedimento_trabalhar&amp;id_procedimento=32621672&amp;id_documento=48981750\">Ata&nbsp; 2\u00aa Reuni\u00e3o Ordin\u00e1ria CCA<\/a><\/li>\n\n\n\n<li><a href=\"http:\/\/sei.go.gov.br\/sei\/controlador.php?acao=procedimento_trabalhar&amp;id_procedimento=32621672&amp;id_documento=50293394\">Ata 5\u00aa Reuni\u00e3o Extraordin\u00e1ria CCA<\/a><\/li>\n\n\n\n<li><a href=\"http:\/\/sei.go.gov.br\/sei\/controlador.php?acao=procedimento_trabalhar&amp;id_procedimento=32621672&amp;id_documento=51132798\">Ata 3\u00aa Reuni\u00e3o Ordin\u00e1ria CCA<\/a><\/li>\n\n\n\n<li><a href=\"https:\/\/goias.gov.br\/meioambiente\/wp-content\/uploads\/sites\/33\/2024\/05\/6-extra-2023.pdf\" data-type=\"link\" data-id=\"https:\/\/goias.gov.br\/meioambiente\/wp-content\/uploads\/sites\/33\/2024\/05\/6-extra-2023.pdf\">Ata da 6\u00aa Reuni\u00e3o Extraordin\u00e1ria CCA<\/a><\/li>\n\n\n\n<li><a href=\"https:\/\/goias.gov.br\/meioambiente\/wp-content\/uploads\/sites\/33\/2024\/05\/4-ord-2023.pdf\" data-type=\"link\" data-id=\"https:\/\/goias.gov.br\/meioambiente\/wp-content\/uploads\/sites\/33\/2024\/05\/4-ord-2023.pdf\">Ata da 4\u00aa Reuni\u00e3o Ordin\u00e1ria CCA<\/a><\/li>\n\n\n\n<li><a href=\"https:\/\/goias.gov.br\/meioambiente\/wp-content\/uploads\/sites\/33\/2024\/05\/7-extra-2023.pdf\" data-type=\"link\" data-id=\"https:\/\/goias.gov.br\/meioambiente\/wp-content\/uploads\/sites\/33\/2024\/05\/7-extra-2023.pdf\">Ata da 7\u00aa Reuni\u00e3o Extraordin\u00e1ria CCA<\/a><\/li>\n\n\n\n<li><a href=\"https:\/\/goias.gov.br\/meioambiente\/wp-content\/uploads\/sites\/33\/2024\/05\/8-extra-2023.pdf\" data-type=\"link\" data-id=\"https:\/\/goias.gov.br\/meioambiente\/wp-content\/uploads\/sites\/33\/2024\/05\/8-extra-2023.pdf\">Ata da 8\u00aa Reuni\u00e3o Extraordin\u00e1ria CCA<\/a><\/li>\n\n\n\n<li><a href=\"https:\/\/goias.gov.br\/meioambiente\/wp-content\/uploads\/sites\/33\/2024\/05\/9-extra-2023.pdf\" data-type=\"link\" data-id=\"https:\/\/goias.gov.br\/meioambiente\/wp-content\/uploads\/sites\/33\/2024\/05\/9-extra-2023.pdf\">Ata da 9\u00aa Reuni\u00e3o Extraordin\u00e1ria CCA<\/a><\/li>\n<\/ul>\n\n\n\n<p><strong>ANO 2022<\/strong><\/p>\n\n\n\n<ul class=\"wp-block-list\">\n<li><a href=\"http:\/\/sei.go.gov.br\/sei\/controlador.php?acao=procedimento_trabalhar&amp;id_procedimento=32621672&amp;id_documento=32832728\">Ata da 1\u00aa reuni\u00e3o extraordin\u00e1ria CCA<\/a><\/li>\n\n\n\n<li><a href=\"http:\/\/sei.go.gov.br\/sei\/controlador.php?acao=procedimento_trabalhar&amp;id_procedimento=32621672&amp;id_documento=34033990\">Ata da 2\u00aa Reuni\u00e3o Extraordin\u00e1ria CCA<\/a><\/li>\n\n\n\n<li><a href=\"http:\/\/sei.go.gov.br\/sei\/controlador.php?acao=procedimento_trabalhar&amp;id_procedimento=32621672&amp;id_documento=35133754\">Ata da 3\u00aa Reuni\u00e3o Extraordin\u00e1ria CCA<\/a><\/li>\n\n\n\n<li><a href=\"http:\/\/sei.go.gov.br\/sei\/controlador.php?acao=procedimento_trabalhar&amp;id_procedimento=32621672&amp;id_documento=38354780\">Ata da 4\u00aa Reuni\u00e3o Extraordin\u00e1ria &nbsp;CCA<\/a><\/li>\n\n\n\n<li><a href=\"http:\/\/sei.go.gov.br\/sei\/controlador.php?acao=procedimento_trabalhar&amp;id_procedimento=32621672&amp;id_documento=41859246\">Ata 1\u00aa Reuni\u00e3o Ordin\u00e1ria CCA<\/a><\/li>\n\n\n\n<li><a href=\"https:\/\/goias.gov.br\/meioambiente\/wp-content\/uploads\/sites\/33\/files\/Compencacao_Ambiental\/2022\/TCCA_2022_parcial.pdf\">Termo de Compromisso de Compensa\u00e7\u00e3o Ambiental&nbsp;<\/a><\/li>\n\n\n\n<li><a href=\"https:\/\/goias.gov.br\/meioambiente\/wp-content\/uploads\/sites\/33\/files\/Compencacao_Ambiental\/2022\/Atas_reunioes_2022.pdf\">ATAs das reuni\u00f5es da CCA<\/a><\/li>\n<\/ul>\n\n\n\n<p><strong>ANO 2021<\/strong><\/p>\n\n\n\n<ul class=\"wp-block-list\">\n<li><a href=\"https:\/\/goias.gov.br\/meioambiente\/wp-content\/uploads\/sites\/33\/files\/Compencacao_Ambiental\/2021\/REC__DELIBERADOS_UC_2021.pdf\">Recursos Deliberados por Unidade de Conserva\u00e7\u00e3o&nbsp;<\/a><\/li>\n\n\n\n<li><a href=\"https:\/\/goias.gov.br\/meioambiente\/wp-content\/uploads\/sites\/33\/files\/Compencacao_Ambiental\/2021\/Saldo__RECU_CA_2021.pdf\">Saldo de Recursos de Compensa\u00e7\u00e3o Ambiental<\/a><\/li>\n\n\n\n<li><a href=\"https:\/\/goias.gov.br\/meioambiente\/wp-content\/uploads\/sites\/33\/files\/Compencacao_Ambiental\/2021\/TC_COMPEN_AMBIENTAL_2021.pdf\">Termo de Compromisso de Compensa\u00e7\u00e3o Ambiental&nbsp;<\/a><\/li>\n\n\n\n<li><a href=\"https:\/\/goias.gov.br\/meioambiente\/wp-content\/uploads\/sites\/33\/files\/Compencacao_Ambiental\/2021\/ATAS_REUN_CCA_2021.pdf\">ATAs das reuni\u00f5es da CCA<\/a><\/li>\n<\/ul>\n\n\n\n<p><strong>ANO 2020<\/strong><\/p>\n\n\n\n<ul class=\"wp-block-list\">\n<li><a href=\"https:\/\/goias.gov.br\/meioambiente\/wp-content\/uploads\/sites\/33\/files\/Compencacao_Ambiental\/2020\/Recursos_deliberados_2020.pdf\">Recursos Deliberados por Unidade de Conserva\u00e7\u00e3o&nbsp;<\/a><\/li>\n\n\n\n<li><a href=\"https:\/\/goias.gov.br\/meioambiente\/wp-content\/uploads\/sites\/33\/files\/Compencacao_Ambiental\/2020\/Saldo_Recursos_2020.pdf\">Saldo de Recursos de Compensa\u00e7\u00e3o Ambiental<\/a><\/li>\n\n\n\n<li><a href=\"https:\/\/goias.gov.br\/meioambiente\/wp-content\/uploads\/sites\/33\/files\/Compencacao_Ambiental\/2020\/Termo_Compromisso_2020.pdf\">Termo de Compromisso de Compensa\u00e7\u00e3o Ambiental&nbsp;<\/a>\n<ul class=\"wp-block-list\">\n<li><a href=\"https:\/\/goias.gov.br\/meioambiente\/wp-content\/uploads\/sites\/33\/files\/Compencacao_Ambiental\/2020\/Atas\/1_reuniao_ord_2020_CCA.pdf\">1\u00aa Reuni\u00e3o Ordin\u00e1ria&nbsp;<\/a><\/li>\n\n\n\n<li><a href=\"https:\/\/goias.gov.br\/meioambiente\/wp-content\/uploads\/sites\/33\/files\/Compencacao_Ambiental\/2020\/Atas\/2_reuniao_ord_2020_CCA.pdf\">2\u00ba Reuni\u00e3o Ordin\u00e1ria&nbsp;<\/a><\/li>\n\n\n\n<li><a href=\"https:\/\/goias.gov.br\/meioambiente\/wp-content\/uploads\/sites\/33\/files\/Compencacao_Ambiental\/2020\/Atas\/1_reuniao_extra_2020_CCA.pdf\">1\u00aa Reuni\u00e3o Extraordin\u00e1ria&nbsp;<\/a><\/li>\n\n\n\n<li><a href=\"https:\/\/goias.gov.br\/meioambiente\/wp-content\/uploads\/sites\/33\/files\/Compencacao_Ambiental\/2020\/Atas\/2_reuniao_extra_2020_CCA.pdf\">2\u00ba Reuni\u00e3o Extraordin\u00e1ria&nbsp;<\/a><\/li>\n\n\n\n<li><a href=\"https:\/\/goias.gov.br\/meioambiente\/wp-content\/uploads\/sites\/33\/files\/Compencacao_Ambiental\/2020\/Atas\/3_reuniao_extra_2020_CCA.pdf\">3\u00ba Reuni\u00e3o Extraordin\u00e1ria&nbsp;<\/a><\/li>\n\n\n\n<li><a href=\"https:\/\/goias.gov.br\/meioambiente\/wp-content\/uploads\/sites\/33\/files\/Compencacao_Ambiental\/2020\/Atas\/4_reuniao_extra_2020_CCA.pdf\">4\u00ba Reuni\u00e3o Extraordin\u00e1ria&nbsp;<\/a><\/li>\n<\/ul>\n<\/li>\n<\/ul>\n\n\n\n<p><strong>ANO 2019<\/strong><\/p>\n\n\n\n<ul class=\"wp-block-list\">\n<li><a href=\"https:\/\/goias.gov.br\/meioambiente\/wp-content\/uploads\/sites\/33\/files\/Compencacao_Ambiental\/2019\/Recursos_Deliberados_CCA_2019.pdf\">Recursos Deliberados na CCA<\/a><\/li>\n\n\n\n<li><a href=\"https:\/\/goias.gov.br\/meioambiente\/wp-content\/uploads\/sites\/33\/files\/Compencacao_Ambiental\/2019\/Recursos_Deliberados_porUC_2019.pdf\">Recursos Deliberados por Unidade de Conserva\u00e7\u00e3o&nbsp;<\/a><\/li>\n\n\n\n<li><a href=\"https:\/\/goias.gov.br\/meioambiente\/wp-content\/uploads\/sites\/33\/files\/Compencacao_Ambiental\/2019\/Saldo_Recursos_2019.pdf\">Saldo de Recursos de Compensa\u00e7\u00e3o Ambiental<\/a><\/li>\n\n\n\n<li><a href=\"https:\/\/goias.gov.br\/meioambiente\/wp-content\/uploads\/sites\/33\/files\/Compencacao_Ambiental\/2019\/Termo_compromisso_2019.pdf\">Termo de Compromisso de Compensa\u00e7\u00e3o Ambiental&nbsp;<\/a>\n<ul class=\"wp-block-list\">\n<li><a href=\"https:\/\/goias.gov.br\/meioambiente\/wp-content\/uploads\/sites\/33\/files\/Compencacao_Ambiental\/2019\/Ata\/1_Reuniao_Ordinaria_2019.pdf\">1\u00aa Reuni\u00e3o Ordin\u00e1ria<\/a><\/li>\n\n\n\n<li><a href=\"https:\/\/goias.gov.br\/meioambiente\/wp-content\/uploads\/sites\/33\/files\/Compencacao_Ambiental\/2019\/Ata\/1_Reuniao_Extraordinaria_2019.pdf\">1\u00aa Reuni\u00e3o Extraordin\u00e1ria<\/a><\/li>\n<\/ul>\n<\/li>\n<\/ul>\n\n\n\n<p><strong>&nbsp;ANO 2011<\/strong><\/p>\n\n\n\n<ul class=\"wp-block-list\">\n<li><a href=\"https:\/\/goias.gov.br\/meioambiente\/wp-content\/uploads\/sites\/33\/files\/Compencacao_Ambiental\/2020\/Recursos_deliberados_2020.pdf\">Recursos Deliberados por Unidade de Conserva\u00e7\u00e3o&nbsp;<\/a><\/li>\n\n\n\n<li>Termos de Compromisso de Compensa\u00e7\u00e3o Ambiental celebrados em 2011<\/li>\n\n\n\n<li>Recursos Aprovados por Unidade de Conserva\u00e7\u00e3o &#8211; 2011<\/li>\n\n\n\n<li>Gastos de Recursos de Compensa\u00e7\u00e3o Ambiental &#8211; 2011<\/li>\n\n\n\n<li>Destina\u00e7\u00e3o de Recursos Aprovados Pelas C\u00e2maras (CSUC e CCA) &#8211; 2011<\/li>\n\n\n\n<li>Concilia\u00e7\u00e3o Banc\u00e1ria FAUNA &#8211; 2011<\/li>\n\n\n\n<li>Concilia\u00e7\u00e3o Banc\u00e1ria SNUC\/SEUC &#8211; 2011<\/li>\n\n\n\n<li>ATAs das Reuni\u00f5es das CSUC e CCA &#8211; 2011<\/li>\n<\/ul>\n\n\n\n<p><strong>ANO 2012<\/strong><\/p>\n\n\n\n<ul class=\"wp-block-list\">\n<li>Termos de Compromisso de Compensa\u00e7\u00e3o Ambiental celebrados em 2012<\/li>\n\n\n\n<li>Recursos Aprovados por Unidade de Conserva\u00e7\u00e3o &#8211; 2012<\/li>\n\n\n\n<li>&nbsp;Gastos de Recursos de Compensa\u00e7\u00e3o Ambiental &#8211; 2012<\/li>\n\n\n\n<li>Destina\u00e7\u00e3o de Recursos Aprovados Pelas C\u00e2maras (CSUC e CCA) &#8211; 2012<\/li>\n\n\n\n<li>Concilia\u00e7\u00e3o Banc\u00e1ria SNUC\/SEUC e FAUNA &#8211; 2012<\/li>\n\n\n\n<li>ATAs das Reuni\u00f5es das CSUC e CCA &#8211; 2012<\/li>\n<\/ul>\n\n\n\n<p><strong>ANO 2013<\/strong><\/p>\n\n\n\n<ul class=\"wp-block-list\">\n<li>Termos de Compromisso de Compensa\u00e7\u00e3o Ambiental celebrados em 2013<\/li>\n\n\n\n<li>Recursos Aprovados por Unidade de Conserva\u00e7\u00e3o &#8211; 2013<\/li>\n\n\n\n<li>Gastos de Recursos de Compensa\u00e7\u00e3o Ambiental &#8211; 2013<\/li>\n\n\n\n<li>Destina\u00e7\u00e3o de Recursos Aprovados Pelas C\u00e2maras (CSUC e CCA) &#8211; 2013<\/li>\n\n\n\n<li>Concilia\u00e7\u00e3o Banc\u00e1ria SNUC\/SEUC e FAUNA &#8211; 2013<\/li>\n\n\n\n<li>ATAs das Reuni\u00f5es das CSUC e CCA &#8211; 2013<\/li>\n<\/ul>\n\n\n\n<p><strong>ANO 2014<\/strong><\/p>\n\n\n\n<ul class=\"wp-block-list\">\n<li>Termos de Compromisso de Compensa\u00e7\u00e3o Ambiental celebrados em 2014<\/li>\n\n\n\n<li>Recursos Aprovados por Unidade de Conserva\u00e7\u00e3o &#8211; 2014<\/li>\n\n\n\n<li>Gastos de Recursos de Compensa\u00e7\u00e3o Ambiental &#8211; 2014<\/li>\n\n\n\n<li>Destina\u00e7\u00e3o de Recursos Aprovados Pelas C\u00e2maras (CSUC e CCA) &#8211; 2014<\/li>\n\n\n\n<li>Concilia\u00e7\u00e3o Banc\u00e1ria SNUC\/SEUC e FAUNA &#8211; 2014<\/li>\n\n\n\n<li>ATAs das Reuni\u00f5es das CSUC e CCA &#8211; 2014<\/li>\n<\/ul>\n\n\n\n<p><strong>ANO 2015<\/strong><\/p>\n\n\n\n<ul class=\"wp-block-list\">\n<li>Termos de Compromisso de Compensa\u00e7\u00e3o Ambiental celebrados em 2015<\/li>\n\n\n\n<li>Recursos Aprovados por Unidades de Conserva\u00e7\u00e3o &#8211; 2015<\/li>\n\n\n\n<li>Gastos de Recursos de Compensa\u00e7\u00e3o Ambiental &#8211; 2015<\/li>\n\n\n\n<li>Destina\u00e7\u00e3o dos Recursos Aprovados pela C\u00e2maras (CSUC e CCA) &#8211; 2015<\/li>\n\n\n\n<li>Concilia\u00e7\u00e3o Banc\u00e1ria SNUC\/SEUC e FAUNA &#8211; 2015<\/li>\n\n\n\n<li>ATAs das reuni\u00f5es das CSUC E CCA &#8211; 2015<\/li>\n<\/ul>\n\n\n\n<p><strong>ANO 2016<\/strong><\/p>\n\n\n\n<ul class=\"wp-block-list\">\n<li>Termos de Compromisso de Compensa\u00e7\u00e3o Ambiental celebrados em 2016<\/li>\n\n\n\n<li>Recursos Aprovados por Unidades de Conserva\u00e7\u00e3o &#8211; 2016<\/li>\n\n\n\n<li>Gastos de Recursos de Compensa\u00e7\u00e3o Ambiental &#8211; 2016<\/li>\n\n\n\n<li>Destina\u00e7\u00e3o dos Recursos Aprovados pela C\u00e2maras (CSUC e CCA) &#8211; 2016<\/li>\n\n\n\n<li>Concilia\u00e7\u00e3o Banc\u00e1ria SNUC\/SEUC e FAUNA &#8211; AT\u00c9 NOVEMBRO DE 2016<\/li>\n\n\n\n<li>ATAs das reuni\u00f5es das CSUC E CCA &#8211; 2016<\/li>\n<\/ul>\n\n\n\n<p><strong>ANO 2017<\/strong><\/p>\n\n\n\n<ul class=\"wp-block-list\">\n<li>Termos de Compromisso de Compensa\u00e7\u00e3o Ambiental celebrados em 2017<\/li>\n\n\n\n<li>Recursos Aprovados por Unidades de Conserva\u00e7\u00e3o &#8211; 2017<\/li>\n\n\n\n<li>Gastos de Recursos de Compensa\u00e7\u00e3o Ambiental &#8211; 2017<\/li>\n\n\n\n<li>Destina\u00e7\u00e3o dos Recursos Aprovados pela C\u00e2maras (CSUC e CCA) &#8211; 2017<\/li>\n\n\n\n<li>Concilia\u00e7\u00e3o Banc\u00e1ria SNUC\/SEUC e FAUNA &#8211; AT\u00c9 NOVEMBRO DE 2017<\/li>\n\n\n\n<li>&nbsp;ATAs das reuni\u00f5es das CSUC E CCA &#8211; 2017<\/li>\n<\/ul>\n\n\n\n<p><strong>ANO 2018<\/strong><\/p>\n\n\n\n<ul class=\"wp-block-list\">\n<li>Termos de Compromisso de Compensa\u00e7\u00e3o Ambiental celebrados em 2018<\/li>\n\n\n\n<li>Recursos Aprovados por Unidades de Conserva\u00e7\u00e3o &#8211; 2018<\/li>\n\n\n\n<li>Gastos de Recursos de Compensa\u00e7\u00e3o Ambiental &#8211; 2018<\/li>\n\n\n\n<li>Destina\u00e7\u00e3o dos Recursos Aprovados pela C\u00e2maras (CSUC e CCA) &#8211; 2018<\/li>\n\n\n\n<li>Concilia\u00e7\u00e3o Banc\u00e1ria SNUC\/SEUC e FAUNA &#8211; AT\u00c9 NOVEMBRO DE 2018<\/li>\n\n\n\n<li>ATAs das reuni\u00f5es das CSUC E CCA \u2013 2018<\/li>\n<\/ul>\n\n\n\n<p><strong>ANO 2019<\/strong><\/p>\n\n\n\n<ol class=\"wp-block-list\">\n<li>Termos de Compromisso de Compensa\u00e7\u00e3o Ambiental celebrados em 2019<\/li>\n\n\n\n<li>Recursos Aprovados por Unidades de Conserva\u00e7\u00e3o &#8211; 2019<\/li>\n\n\n\n<li>Destina\u00e7\u00e3o dos Recursos Aprovados pela C\u00e2maras (CSUC e CCA) \u2013 2019<\/li>\n\n\n\n<li>Saldo dos recursos de compensa\u00e7\u00e3o ambiental &#8211; 2019<\/li>\n\n\n\n<li>Atas das reuni\u00f5es da CCA \u2013 2019<\/li>\n<\/ol>\n\n\n\n<p><strong>Ger\u00eancia de Compensa\u00e7\u00e3o Ambiental e Convers\u00e3o de Multas\u2013 GECAM<\/strong><\/p>\n\n\n\n<p>compensacao.meioambiente@goias.gov.br<\/p>\n","protected":false},"excerpt":{"rendered":"<p>A compensa\u00e7\u00e3o ambiental trata-se de instrumento que imp\u00f5e aos empreendimentos causadores de significativo impacto ambiental o dever de destinar recursos financeiros para apoiar a cria\u00e7\u00e3o, implanta\u00e7\u00e3o e manuten\u00e7\u00e3o de unidades de conserva\u00e7\u00e3o de prote\u00e7\u00e3o integral , no Estado de Goi\u00e1s, tamb\u00e9m a custear medidas destinadas a reparar danos decorrentes de impacto ambiental n\u00e3o mitig\u00e1vel sobre [&hellip;]<\/p>\n","protected":false},"author":580,"featured_media":0,"comment_status":"closed","ping_status":"open","sticky":false,"template":"","format":"standard","meta":{"footnotes":"","_links_to":"","_links_to_target":""},"categories":[4],"tags":[],"class_list":["post-26620","post","type-post","status-publish","format-standard","hentry","category-meio-ambiente"],"rttpg_featured_image_url":null,"rttpg_author":{"display_name":"","author_link":"https:\/\/goias.gov.br\/meioambiente\/author\/"},"rttpg_comment":0,"rttpg_category":"<a href=\"https:\/\/goias.gov.br\/meioambiente\/categoria\/meio-ambiente\/\" rel=\"category tag\">Meio Ambiente<\/a>","rttpg_excerpt":"A compensa\u00e7\u00e3o ambiental trata-se de instrumento que imp\u00f5e aos empreendimentos causadores de significativo impacto ambiental o dever de destinar recursos financeiros para apoiar a cria\u00e7\u00e3o, implanta\u00e7\u00e3o e manuten\u00e7\u00e3o de unidades de conserva\u00e7\u00e3o de prote\u00e7\u00e3o integral , no Estado de Goi\u00e1s, tamb\u00e9m a custear medidas destinadas a reparar danos decorrentes de impacto ambiental n\u00e3o mitig\u00e1vel sobre&hellip;","_links":{"self":[{"href":"https:\/\/goias.gov.br\/meioambiente\/wp-json\/wp\/v2\/posts\/26620","targetHints":{"allow":["GET"]}}],"collection":[{"href":"https:\/\/goias.gov.br\/meioambiente\/wp-json\/wp\/v2\/posts"}],"about":[{"href":"https:\/\/goias.gov.br\/meioambiente\/wp-json\/wp\/v2\/types\/post"}],"author":[{"embeddable":true,"href":"https:\/\/goias.gov.br\/meioambiente\/wp-json\/wp\/v2\/users\/580"}],"replies":[{"embeddable":true,"href":"https:\/\/goias.gov.br\/meioambiente\/wp-json\/wp\/v2\/comments?post=26620"}],"version-history":[{"count":2,"href":"https:\/\/goias.gov.br\/meioambiente\/wp-json\/wp\/v2\/posts\/26620\/revisions"}],"predecessor-version":[{"id":61859,"href":"https:\/\/goias.gov.br\/meioambiente\/wp-json\/wp\/v2\/posts\/26620\/revisions\/61859"}],"wp:attachment":[{"href":"https:\/\/goias.gov.br\/meioambiente\/wp-json\/wp\/v2\/media?parent=26620"}],"wp:term":[{"taxonomy":"category","embeddable":true,"href":"https:\/\/goias.gov.br\/meioambiente\/wp-json\/wp\/v2\/categories?post=26620"},{"taxonomy":"post_tag","embeddable":true,"href":"https:\/\/goias.gov.br\/meioambiente\/wp-json\/wp\/v2\/tags?post=26620"}],"curies":[{"name":"wp","href":"https:\/\/api.w.org\/{rel}","templated":true}]}}