

{"id":25537,"date":"2019-09-17T08:55:51","date_gmt":"2019-09-17T11:55:51","guid":{"rendered":"https:\/\/siteshom.goias.gov.br\/meioambiente\/veja-nota-de-esclarecimento-da-secretaria-de-meio-ambiente-e-desenvolvimento-sustentavel-sobre-revitalizacao-do-meia-ponte\/"},"modified":"2019-09-17T08:55:51","modified_gmt":"2019-09-17T11:55:51","slug":"veja-nota-de-esclarecimento-da-secretaria-de-meio-ambiente-e-desenvolvimento-sustentavel-sobre-revitalizacao-do-meia-ponte","status":"publish","type":"post","link":"https:\/\/goias.gov.br\/meioambiente\/veja-nota-de-esclarecimento-da-secretaria-de-meio-ambiente-e-desenvolvimento-sustentavel-sobre-revitalizacao-do-meia-ponte\/","title":{"rendered":"Veja nota de esclarecimento da Secretaria de Meio Ambiente e Desenvolvimento Sustent\u00e1vel sobre revitaliza\u00e7\u00e3o do Meia Ponte"},"content":{"rendered":"<p>A Secretaria de Meio Ambiente e Desenvolvimento Sustent&aacute;vel (Semad) esclarece que a proposta de cria&ccedil;&atilde;o de taxa para financiar o projeto de revitaliza&ccedil;&atilde;o da Bacia do Meia Ponte n&atilde;o faz parte de nenhum projeto desenvolvido pelo governo estadual.&nbsp;<\/p>\n<p>A ado&ccedil;&atilde;o de um tributo s&oacute;cio-ambiental foi apenas uma de diversas hip&oacute;teses levantadas na primeira reuni&atilde;o do Comit&ecirc; Permanente de Gest&atilde;o Integrada para o Enfrentamento da Crise H&iacute;drica na Bacia Hidrogr&aacute;fica do Alto Meia Ponte. O grupo foi criado justamente com a inten&ccedil;&atilde;o de reunir informa&ccedil;&otilde;es e debater ideias que possam auxiliar na execu&ccedil;&atilde;o do Projeto de Revitaliza&ccedil;&atilde;o do Rio Meia Ponte, apresentado nesta segunda-feira pelo Governo de Goi&aacute;s.<\/p>\n<p>A Semad informa ainda que j&aacute; submeteu ao Minist&eacute;rio do Meio Ambiente um plano de parceria para capta&ccedil;&atilde;o de recursos internacionais, sendo o projeto do Meia Ponte um dos tr&ecirc;s planos do Brasil indicados como benefici&aacute;rios, em fase de an&aacute;lise pelo Global Environment Fund (GEF).<\/p>\n<p>Al&eacute;m disso, outras fontes de recursos foram debatidas na tarde de hoje, dentre estas&nbsp; royalties das hidrel&eacute;tricas, cobran&ccedil;a pelo uso da &aacute;gua, compensa&ccedil;&otilde;es ambientais, execu&ccedil;&atilde;o do programa de regulariza&ccedil;&atilde;o ambiental previsto no C&oacute;digo Florestal, dentre outras medidas que podem ser estudadas para a execu&ccedil;&atilde;o de&nbsp; a&ccedil;&otilde;es necess&aacute;rias visando garantir a seguran&ccedil;a h&iacute;drica para as &aacute;reas urbanas e rurais envolvidas, a m&eacute;dio e longo prazo.&nbsp;<\/p>\n<p>Outras propostas de financiamento devem ser apresentadas por um grupo de trabalho nas pr&oacute;ximas reuni&otilde;es do comit&ecirc; e ser&atilde;o estudadas junto ao governador para que sejam avaliadas de acordo com suas viabilidades.<\/p>\n","protected":false},"excerpt":{"rendered":"<p>A Secretaria de Meio Ambiente e Desenvolvimento Sustent&aacute;vel (Semad) esclarece que a proposta de cria&ccedil;&atilde;o de taxa para financiar o projeto de revitaliza&ccedil;&atilde;o da Bacia do Meia Ponte n&atilde;o faz parte de nenhum projeto desenvolvido pelo governo estadual.&nbsp; A ado&ccedil;&atilde;o de um tributo s&oacute;cio-ambiental foi apenas uma de diversas hip&oacute;teses levantadas na primeira reuni&atilde;o do [&hellip;]<\/p>\n","protected":false},"author":580,"featured_media":25536,"comment_status":"closed","ping_status":"open","sticky":false,"template":"","format":"standard","meta":{"footnotes":"","_links_to":"","_links_to_target":""},"categories":[2],"tags":[],"class_list":["post-25537","post","type-post","status-publish","format-standard","has-post-thumbnail","hentry","category-noticias"],"rttpg_featured_image_url":{"full":["https:\/\/goias.gov.br\/meioambiente\/wp-content\/uploads\/sites\/33\/2019\/09\/20190917_085207_0000-615.png",1920,1080,false],"landscape":["https:\/\/goias.gov.br\/meioambiente\/wp-content\/uploads\/sites\/33\/2019\/09\/20190917_085207_0000-615.png",1920,1080,false],"portraits":["https:\/\/goias.gov.br\/meioambiente\/wp-content\/uploads\/sites\/33\/2019\/09\/20190917_085207_0000-615.png",1920,1080,false],"thumbnail":["https:\/\/goias.gov.br\/meioambiente\/wp-content\/uploads\/sites\/33\/2019\/09\/20190917_085207_0000-615-150x150.png",150,150,true],"medium":["https:\/\/goias.gov.br\/meioambiente\/wp-content\/uploads\/sites\/33\/2019\/09\/20190917_085207_0000-615-300x169.png",300,169,true],"large":["https:\/\/goias.gov.br\/meioambiente\/wp-content\/uploads\/sites\/33\/2019\/09\/20190917_085207_0000-615-1024x576.png",1024,576,true],"1536x1536":["https:\/\/goias.gov.br\/meioambiente\/wp-content\/uploads\/sites\/33\/2019\/09\/20190917_085207_0000-615-1536x864.png",1536,864,true],"2048x2048":["https:\/\/goias.gov.br\/meioambiente\/wp-content\/uploads\/sites\/33\/2019\/09\/20190917_085207_0000-615.png",1920,1080,false]},"rttpg_author":{"display_name":"","author_link":"https:\/\/goias.gov.br\/meioambiente\/author\/"},"rttpg_comment":0,"rttpg_category":"<a href=\"https:\/\/goias.gov.br\/meioambiente\/categoria\/noticias\/\" rel=\"category tag\">Not\u00edcias<\/a>","rttpg_excerpt":"A Secretaria de Meio Ambiente e Desenvolvimento Sustent&aacute;vel (Semad) esclarece que a proposta de cria&ccedil;&atilde;o de taxa para financiar o projeto de revitaliza&ccedil;&atilde;o da Bacia do Meia Ponte n&atilde;o faz parte de nenhum projeto desenvolvido pelo governo estadual.&nbsp; A ado&ccedil;&atilde;o de um tributo s&oacute;cio-ambiental foi apenas uma de diversas hip&oacute;teses levantadas na primeira reuni&atilde;o do&hellip;","_links":{"self":[{"href":"https:\/\/goias.gov.br\/meioambiente\/wp-json\/wp\/v2\/posts\/25537","targetHints":{"allow":["GET"]}}],"collection":[{"href":"https:\/\/goias.gov.br\/meioambiente\/wp-json\/wp\/v2\/posts"}],"about":[{"href":"https:\/\/goias.gov.br\/meioambiente\/wp-json\/wp\/v2\/types\/post"}],"author":[{"embeddable":true,"href":"https:\/\/goias.gov.br\/meioambiente\/wp-json\/wp\/v2\/users\/580"}],"replies":[{"embeddable":true,"href":"https:\/\/goias.gov.br\/meioambiente\/wp-json\/wp\/v2\/comments?post=25537"}],"version-history":[{"count":0,"href":"https:\/\/goias.gov.br\/meioambiente\/wp-json\/wp\/v2\/posts\/25537\/revisions"}],"wp:featuredmedia":[{"embeddable":true,"href":"https:\/\/goias.gov.br\/meioambiente\/wp-json\/wp\/v2\/media\/25536"}],"wp:attachment":[{"href":"https:\/\/goias.gov.br\/meioambiente\/wp-json\/wp\/v2\/media?parent=25537"}],"wp:term":[{"taxonomy":"category","embeddable":true,"href":"https:\/\/goias.gov.br\/meioambiente\/wp-json\/wp\/v2\/categories?post=25537"},{"taxonomy":"post_tag","embeddable":true,"href":"https:\/\/goias.gov.br\/meioambiente\/wp-json\/wp\/v2\/tags?post=25537"}],"curies":[{"name":"wp","href":"https:\/\/api.w.org\/{rel}","templated":true}]}}