

{"id":24731,"date":"2015-04-28T12:04:36","date_gmt":"2015-04-28T15:04:36","guid":{"rendered":"https:\/\/siteshom.goias.gov.br\/meioambiente\/regularizacao-fundiaria\/"},"modified":"2025-06-25T11:07:26","modified_gmt":"2025-06-25T14:07:26","slug":"regularizacao-fundiaria","status":"publish","type":"post","link":"https:\/\/goias.gov.br\/meioambiente\/regularizacao-fundiaria\/","title":{"rendered":"Regulariza\u00e7\u00e3o fundi\u00e1ria"},"content":{"rendered":"\n<p><span style=\"font-size: 11pt;\"><span style=\"font-family: Arial,Helvetica,sans-serif;\"><span style=\"color: #339933;\"><strong>REGULARIZA\u00c7\u00c3O FUNDI\u00c1RIA<\/strong><\/span><\/span><\/span><\/p>\n\n\n\n<p><span style=\"font-size: 11pt;\"><span style=\"font-family: Arial,sans-serif;\">\u00c9 a \u00e1rea dentro da SEMAD respons\u00e1vel pela regulariza\u00e7\u00e3o da situa\u00e7\u00e3o fundi\u00e1ria e pela consolida\u00e7\u00e3o dos limites das Unidades de Conserva\u00e7\u00e3o (UCs) do Estado de Goi\u00e1s, cujo trabalho \u00e9 essencial para implanta\u00e7\u00e3o, planejamento e execu\u00e7\u00e3o das a\u00e7\u00f5es de gest\u00e3o desses espa\u00e7os territoriais especialmente protegidos.<\/span><\/span><\/p>\n\n\n\n<p><span style=\"font-size: 11pt;\"><span style=\"font-family: Arial,sans-serif;\">Ao se criar uma UC n\u00e3o h\u00e1 transfer\u00eancia imediata de im\u00f3veis inseridos em seu interior para o patrim\u00f4nio p\u00fablico. Estes im\u00f3veis podem ser compostos de terras p\u00fablicas federal, estadual ou municipal, terras j\u00e1 desapropriadas e transferidas para o Estado de Goi\u00e1s e terras privadas.<\/span><\/span><\/p>\n\n\n\n<p><span style=\"font-size: 11pt;\"><span style=\"font-family: Arial,sans-serif;\">A regulariza\u00e7\u00e3o fundi\u00e1ria compreende a identifica\u00e7\u00e3o e transfer\u00eancia do dom\u00ednio ou da posse dos im\u00f3veis contidos no interior do per\u00edmetro legalmente institu\u00eddo de cada UC cuja categoria determine a posse e dom\u00ednio p\u00fablicos para o Poder P\u00fablico. Dentre as a\u00e7\u00f5es, destacam-se a desapropria\u00e7\u00e3o de im\u00f3veis rurais, indeniza\u00e7\u00e3o de posses, obten\u00e7\u00e3o da gest\u00e3o ou doa\u00e7\u00e3o das terras p\u00fablicas (federais, estaduais ou municipais) inseridas nas UCs. Nesse contexto, a regulariza\u00e7\u00e3o fundi\u00e1ria tamb\u00e9m pode ser entendida como o conjunto de medidas administrativas, judiciais, ambientais, sociais e outras, que visam regularizar as ocupa\u00e7\u00f5es e\/ou deten\u00e7\u00f5es estabelecidas no interior das UCs.<\/span><\/span><\/p>\n\n\n\n<p><span style=\"font-size: 11pt;\"><span style=\"font-family: Arial,sans-serif;\">J\u00e1 a consolida\u00e7\u00e3o de limites cuida da demarca\u00e7\u00e3o topogr\u00e1fica e da sinaliza\u00e7\u00e3o do per\u00edmetro das UCs, configurando-se na materializa\u00e7\u00e3o de seu espa\u00e7o f\u00edsico. Outra importante a\u00e7\u00e3o desta \u00e1rea \u00e9 a elabora\u00e7\u00e3o, atualiza\u00e7\u00e3o e divulga\u00e7\u00e3o de dados dos limites das UCs. Estas a\u00e7\u00f5es permitem que institui\u00e7\u00f5es, t\u00e9cnicos e a sociedade em geral possam ter acesso aos dados destas \u00e1reas protegidas, auxiliando na prote\u00e7\u00e3o do patrim\u00f4nio natural brasileiro e na promo\u00e7\u00e3o da conserva\u00e7\u00e3o da biodiversidade.<\/span><\/span><\/p>\n\n\n\n<p><span style=\"font-size: 11pt;\"><span style=\"font-family: Arial,sans-serif;\">Conforme disp\u00f5e a <a style=\"text-decoration: none;\" href=\"https:\/\/www.planalto.gov.br\/ccivil_03\/leis\/l9985.htm\">Lei Federal n\u00ba 9.985\/2000<\/a> (SNUC), bem como a <a style=\"text-decoration: none;\" href=\"https:\/\/legisla.casacivil.go.gov.br\/pesquisa_legislacao\/81809\/lei-14247\">Lei Estadual n\u00ba 14.247\/2002<\/a> (SEUC), as UCs s\u00e3o categorizadas com objetivo de preserva\u00e7\u00e3o. De acordo com cada categoria, \u00e9 estabelecido se a UC deve ser constitu\u00edda por \u00e1reas de posse e dom\u00ednio p\u00fablico, particulares ou ambos. Para algumas categorias, \u00e9 obrigat\u00f3rio que essas unidades sejam de dom\u00ednio p\u00fablico e, por isso, as \u00e1reas particulares no seu interior devem ser adquiridas pelo Estado, isto \u00e9, incorporadas ao patrim\u00f4nio p\u00fablico. Abaixo segue rela\u00e7\u00e3o de categorias de UCs em que a regulariza\u00e7\u00e3o fundi\u00e1ria \u00e9 obrigat\u00f3ria:<\/span><\/span><\/p>\n\n\n\n<ul class=\"wp-block-list\">\n<li><span style=\"font-size: 11pt;\"><span style=\"font-family: Arial,sans-serif;\">Esta\u00e7\u00e3o Ecol\u00f3gica;<\/span><\/span><\/li>\n\n\n\n<li><span style=\"font-size: 11pt;\"><span style=\"font-family: Arial,sans-serif;\">Parque Estadual;<\/span><\/span><\/li>\n\n\n\n<li><span style=\"font-size: 11pt;\"><span style=\"font-family: Arial,sans-serif;\">Floresta Estadual;<\/span><\/span><\/li>\n\n\n\n<li><span style=\"font-size: 11pt;\"><span style=\"font-family: Arial,sans-serif;\">Reserva de Fauna;<\/span><\/span><\/li>\n\n\n\n<li><span style=\"font-size: 11pt;\"><span style=\"font-family: Arial,sans-serif;\">Reserva de Desenvolvimento Sustent\u00e1vel.<\/span><\/span><\/li>\n<\/ul>\n\n\n\n<p><span style=\"font-size: 11pt;\"><span style=\"font-family: Arial,sans-serif;\">Para outras categorias de UCs, como Monumento Natural, Ref\u00fagio de Vida Silvestre e \u00c1rea de Relevante Interesse Ecol\u00f3gico, n\u00e3o h\u00e1 exig\u00eancia do dom\u00ednio p\u00fablico, desde que seja poss\u00edvel compatibilizar os objetivos da unidade com a utiliza\u00e7\u00e3o da terra e dos recursos naturais do local pelos propriet\u00e1rios.<\/span><\/span><\/p>\n\n\n\n<p><span style=\"font-size: 11pt;\"><span style=\"font-family: Arial,sans-serif;\">De acordo com a <a style=\"text-decoration: none;\" href=\"https:\/\/legisla.casacivil.go.gov.br\/pesquisa_legislacao\/106749\/lei-21792\">Lei Estadual n\u00ba 21.792\/2023<\/a>, o <a style=\"text-decoration: none;\" href=\"https:\/\/legisla.casacivil.go.gov.br\/pesquisa_legislacao\/106750\/decreto-10218\">Decreto Estadual n\u00ba 10.218\/2023<\/a> e o <a href=\"https:\/\/legisla.casacivil.go.gov.br\/pesquisa_legislacao\/108819\/decreto-10464\">Decreto Estadual n\u00ba 10.464\/2024<\/a> (Regulamento da SEMAD), a Ger\u00eancia de Cria\u00e7\u00e3o, Regulariza\u00e7\u00e3o Fundi\u00e1ria e Suporte \u00e0 Gest\u00e3o  de Unidades de Conserva\u00e7\u00e3o (GEREF), vinculada \u00e0 Superintend\u00eancia de Unidades de Conserva\u00e7\u00e3o, Biodiversidade e Regulariza\u00e7\u00e3o Ambiental (SUC), tem como compet\u00eancia realizar a regulariza\u00e7\u00e3o fundi\u00e1ria das UCs do Estado de Goi\u00e1s, bem como acompanhar a demarca\u00e7\u00e3o e o georreferenciamento de precis\u00e3o das UCs.<\/span><\/span><\/p>\n\n\n\n<p><span style=\"font-size: 11pt;\"><span style=\"font-family: Arial,Helvetica,sans-serif;\"><span style=\"color: #339933;\"><strong>Contatos da GEREF:<\/strong><\/span><\/span><\/span><\/p>\n\n\n\n<p>E-mail: <a href=\"mailto:regularizacaofundiaria.meioambiente@goias.gov.br\">regularizacaofundiaria.meioambiente@goias.gov.br<\/a><br>Aplicativo de mensagens: (62) 99952-2041 (WhatsApp)<br>Telefone: (62) 3265-1340<\/p>\n\n\n\n<p><span style=\"font-size: 11pt;\"><span style=\"font-family: Arial,Helvetica,sans-serif;\"><span style=\"color: #339933;\"><strong>Normas aplic\u00e1veis<\/strong><\/span><\/span><\/span><\/p>\n\n\n\n<ul class=\"wp-block-list\">\n<li><a style=\"text-decoration: none;\" href=\"https:\/\/www.planalto.gov.br\/ccivil_03\/leis\/l9985.htm\"><span style=\"font-size: 11pt;\"><span style=\"font-family: Arial;\"><span style=\"color: #1155cc;\"><u>Lei Federal n\u00ba 9.985\/2000<\/u><\/span><\/span><\/span><\/a><span style=\"font-size: 11pt;\"><span style=\"font-family: Arial;\"><span style=\"color: #000000;\"> (Sistema Nacional de Unidades de Conserva\u00e7\u00e3o);<\/span><\/span><\/span><\/li>\n\n\n\n<li><a style=\"text-decoration: none;\" href=\"https:\/\/legisla.casacivil.go.gov.br\/pesquisa_legislacao\/81809\/lei-14247\"><span style=\"font-size: 11pt;\"><span style=\"font-family: Arial;\"><span style=\"color: #1155cc;\"><u>Lei Estadual n\u00ba 14.247\/2002<\/u><\/span><\/span><\/span><\/a><span style=\"font-size: 11pt;\"><span style=\"font-family: Arial;\"><span style=\"color: #000000;\"> (Sistema Estadual de Unidades de Conserva\u00e7\u00e3o);<\/span><\/span><\/span><\/li>\n\n\n\n<li><a style=\"text-decoration: none;\" href=\"https:\/\/www.planalto.gov.br\/ccivil_03\/decreto-lei\/del3365.htm\"><span style=\"font-size: 11pt;\"><span style=\"font-family: Arial;\"><span style=\"color: #1155cc;\"><u>Decreto-Lei n\u00ba 3.365\/1941<\/u><\/span><\/span><\/span><\/a><span style=\"font-size: 11pt;\"><span style=\"font-family: Arial;\"><span style=\"color: #000000;\"> (Desapropria\u00e7\u00e3o por utilidade p\u00fablica);<\/span><\/span><\/span><\/li>\n\n\n\n<li><a style=\"text-decoration: none;\" href=\"https:\/\/www.planalto.gov.br\/ccivil_03\/leis\/l4132.htm\"><span style=\"font-size: 11pt;\"><span style=\"font-family: Arial;\"><span style=\"color: #1155cc;\"><u>Lei Federal n\u00ba 4.132\/1962<\/u><\/span><\/span><\/span><\/a><span style=\"font-size: 11pt;\"><span style=\"font-family: Arial;\"><span style=\"color: #000000;\"> (Desapropria\u00e7\u00e3o por interesse social);<\/span><\/span><\/span><\/li>\n\n\n\n<li><a style=\"text-decoration: none;\" href=\"https:\/\/legisla.casacivil.go.gov.br\/pesquisa_legislacao\/90204\/lei-18102\"><span style=\"font-size: 11pt;\"><span style=\"font-family: Arial;\"><span style=\"color: #1155cc;\"><u>Lei Estadual n\u00ba 18.102\/2013<\/u><\/span><\/span><\/span><\/a><span style=\"font-size: 11pt;\"><span style=\"font-family: Arial;\"><span style=\"color: #000000;\"> (Infra\u00e7\u00f5es administrativas ao meio ambiente e respectivas san\u00e7\u00f5es);<\/span><\/span><\/span><\/li>\n\n\n\n<li><a style=\"text-decoration: none;\" href=\"https:\/\/www.planalto.gov.br\/ccivil_03\/_ato2011-2014\/2012\/lei\/l12651.htm\"><span style=\"font-size: 11pt;\"><span style=\"font-family: Arial;\"><span style=\"color: #1155cc;\"><u>Lei Federal n\u00ba 12.651\/2012<\/u><\/span><\/span><\/span><\/a><span style=\"font-size: 11pt;\"><span style=\"font-family: Arial;\"><span style=\"color: #000000;\"> (C\u00f3digo Florestal);<\/span><\/span><\/span><\/li>\n\n\n\n<li><a style=\"text-decoration: none;\" href=\"https:\/\/legisla.casacivil.go.gov.br\/pesquisa_legislacao\/90203\/lei-18104\"><span style=\"font-size: 11pt;\"><span style=\"font-family: Arial;\"><span style=\"color: #1155cc;\"><u>Lei Estadual n\u00ba 18.104\/2013<\/u><\/span><\/span><\/span><\/a><span style=\"font-size: 11pt;\"><span style=\"font-family: Arial;\"><span style=\"color: #000000;\"> (Pol\u00edtica Florestal do Estado de Goi\u00e1s);<\/span><\/span><\/span><\/li>\n\n\n\n<li><a style=\"text-decoration: none;\" href=\"https:\/\/legisla.casacivil.go.gov.br\/pesquisa_legislacao\/104746\/lei-21231\"><span style=\"font-size: 11pt;\"><span style=\"font-family: Arial;\"><span style=\"color: #1155cc;\"><u>Lei Estadual n\u00ba 21.231\/2022<\/u><\/span><\/span><\/span><\/a><span style=\"font-size: 11pt;\"><span style=\"font-family: Arial;\"><span style=\"color: #000000;\"> (Regulariza\u00e7\u00e3o de passivos ambientais de im\u00f3veis rurais e urbanos, bem como a compensa\u00e7\u00e3o florestal e a compensa\u00e7\u00e3o por danos para regularizar a supress\u00e3o da vegeta\u00e7\u00e3o nativa realizada sem a pr\u00e9via autoriza\u00e7\u00e3o do \u00f3rg\u00e3o ambiental competente, tamb\u00e9m a defini\u00e7\u00e3o dos par\u00e2metros da compensa\u00e7\u00e3o florestal e da reposi\u00e7\u00e3o florestal no Estado de Goi\u00e1s);<\/span><\/span><\/span><\/li>\n\n\n\n<li><a style=\"text-decoration: none;\" href=\"https:\/\/goias.gov.br\/meioambiente\/wp-content\/uploads\/sites\/33\/2015\/04\/Instrucao_Normativa_14_2018_compensacao_de_RL_em_UC-7fc.pdf\"><span style=\"font-size: 11pt;\"><span style=\"font-family: Arial;\"><span style=\"color: #1155cc;\"><u>Instru\u00e7\u00e3o Normativa n\u00ba 14\/2018<\/u><\/span><\/span><\/span><\/a><span style=\"font-size: 11pt;\"><span style=\"font-family: Arial;\"><span style=\"color: #000000;\"> (Compensa\u00e7\u00e3o de Reserva Legal atrav\u00e9s de doa\u00e7\u00e3o de im\u00f3vel em UC);<\/span><\/span><\/span><\/li>\n\n\n\n<li><a href=\"https:\/\/legisla.casacivil.go.gov.br\/pesquisa_ato_infralegal\/10373\/instrucao-normativa-3\">Instru\u00e7\u00e3o Normativa n\u00ba 3\/2025<\/a> (Procedimentos administrativos para a compensa\u00e7\u00e3o de Reserva Legal nos casos previstos na Lei estadual n\u00ba 18.104, de 18 de julho de 2013, e sobre os procedimentos administrativos para as compensa\u00e7\u00f5es florestais e por danos, nos casos previstos na Lei estadual n\u00ba 21.231, de 10 de janeiro de 2022.)<\/li>\n<\/ul>\n\n\n\n<p><span style=\"font-size: 11pt;\"><span style=\"font-family: Arial,Helvetica,sans-serif;\"><span style=\"color: #339933;\"><strong>Formas de aquisi\u00e7\u00e3o<\/strong><\/span><\/span><\/span><\/p>\n\n\n\n<p><span style=\"font-size: 11pt;\"><span style=\"font-family: Arial;\"><span style=\"color: #000000;\">O processo de regulariza\u00e7\u00e3o fundi\u00e1ria ocorre de acordo com a disponibilidade de recursos financeiros do Estado de Goi\u00e1s. As fontes de recursos s\u00e3o oriundas do Tesouro Estadual, de Compensa\u00e7\u00e3o Ambiental de empreendimentos de significativo impacto ambiental, de Compensa\u00e7\u00e3o de Reserva Legal, de Compensa\u00e7\u00e3o Florestal, de Compensa\u00e7\u00e3o por Danos Ambientais e Convers\u00e3o de Multas.<\/span><\/span><\/span><\/p>\n\n\n\n<p><span style=\"font-size: 11pt;\"><span style=\"font-family: Arial;\"><span style=\"color: #000000;\">Abaixo segue descri\u00e7\u00e3o das formas de aquisi\u00e7\u00e3o:<\/span><\/span><\/span><\/p>\n\n\n\n<p><span style=\"font-size: 11pt;\"><span style=\"font-family: Arial;\"><span style=\"color: #000000;\">a) <\/span><\/span><\/span><span style=\"font-size: 11pt;\"><span style=\"font-family: Arial;\"><span style=\"color: #000000;\"><u>Desapropria\u00e7\u00e3o<\/u><\/span><\/span><\/span><span style=\"font-size: 11pt;\"><span style=\"font-family: Arial;\"><span style=\"color: #000000;\"> (administrativa ou judicial): \u00e9 a forma mais conhecida do processo de regulariza\u00e7\u00e3o fundi\u00e1ria e se apresenta da seguinte forma:<\/span><\/span><\/span><\/p>\n\n\n\n<p><span style=\"font-size: 11pt;\"><span style=\"font-family: Arial;\"><span style=\"color: #000000;\">&#8211; Levantamento fundi\u00e1rio;<\/span><\/span><\/span><br><span style=\"font-size: 11pt;\"><span style=\"font-family: Arial;\"><span style=\"color: #000000;\">&#8211; Medi\u00e7\u00e3o dos im\u00f3veis rurais inseridos no per\u00edmetro da UC;<\/span><\/span><\/span><br><span style=\"font-size: 11pt;\"><span style=\"font-family: Arial;\"><span style=\"color: #000000;\">&#8211; Avalia\u00e7\u00e3o de im\u00f3veis rurais;<\/span><\/span><\/span><br><span style=\"font-size: 11pt;\"><span style=\"font-family: Arial;\"><span style=\"color: #000000;\">&#8211; Aquisi\u00e7\u00e3o de im\u00f3veis rurais (via recursos do Tesouro Estadual, Compensa\u00e7\u00e3o Ambiental ou Convers\u00e3o de Multas);<\/span><\/span><\/span><\/p>\n\n\n\n<p><span style=\"font-size: 11pt;\"><span style=\"font-family: Arial;\"><span style=\"color: #000000;\">b) <\/span><\/span><\/span><span style=\"font-size: 11pt;\"><span style=\"font-family: Arial;\"><span style=\"color: #000000;\"><u>Obten\u00e7\u00e3o da propriedade de terras p\u00fablicas<\/u><\/span><\/span><\/span><span style=\"font-size: 11pt;\"><span style=\"font-family: Arial;\"><span style=\"color: #000000;\">: \u00e9 a forma de obten\u00e7\u00e3o de im\u00f3vel p\u00fablico atrav\u00e9s de concess\u00e3o de uso, cess\u00e3o ou transfer\u00eancia de terras p\u00fablicas;<\/span><\/span><\/span><\/p>\n\n\n\n<p><span style=\"font-size: 11pt;\"><span style=\"font-family: Arial;\"><span style=\"color: #000000;\">c) <\/span><\/span><\/span><span style=\"font-size: 11pt;\"><span style=\"font-family: Arial;\"><span style=\"color: #000000;\"><u>Aquisi\u00e7\u00e3o de im\u00f3veis por outras compensa\u00e7\u00f5es<\/u><\/span><\/span><\/span><span style=\"font-size: 11pt;\"><span style=\"font-family: Arial;\"><span style=\"color: #000000;\"> (Compensa\u00e7\u00e3o de Reserva Legal, Florestal e por Danos): \u00e9 a forma de obten\u00e7\u00e3o de im\u00f3vel rural inserido no interior de UC atrav\u00e9s de doa\u00e7\u00e3o ao Estado de Goi\u00e1s. Pode se dar tamb\u00e9m atrav\u00e9s de aquisi\u00e7\u00e3o direta do im\u00f3vel pelo interessado, onde o mesmo figura como interveniente pagador.<\/span><\/span><\/span><\/p>\n\n\n\n<p><span style=\"font-size: 11pt;\"><span style=\"font-family: Arial,Helvetica,sans-serif;\"><span style=\"color: #339933;\"><strong>Check Lists das formas de aquisi\u00e7\u00e3o de im\u00f3veis rurais<\/strong><\/span><\/span><\/span><\/p>\n\n\n\n<p><span style=\"font-size: 11pt;\"><span style=\"font-family: Arial;\"><span style=\"color: #000000;\">a) <a href=\"https:\/\/goias.gov.br\/meioambiente\/wp-content\/uploads\/sites\/33\/2025\/06\/Check-List-Desapropriacao-Imoveis-UCs.pdf\" target=\"_blank\" rel=\"noreferrer noopener\">Desapropria\u00e7\u00e3o Administrativa (amig\u00e1vel)<\/a><\/span><\/span><\/span><br><span style=\"font-size: 11pt;\"><span style=\"font-family: Arial;\"><span style=\"color: #000000;\">b) <\/span><span style=\"color: #1155cc;\"><u><a href=\"https:\/\/goias.gov.br\/meioambiente\/wp-content\/uploads\/sites\/33\/2025\/06\/Check-List-Doacao-Imoveis-UCs.pdf\">Doa\u00e7\u00e3o de Im\u00f3vel ao Estado<\/a><\/u><\/span><\/span><\/span><\/p>\n\n\n\n<p><span style=\"font-size: 11pt;\"><span style=\"font-family: Arial,Helvetica,sans-serif;\"><span style=\"color: #339933;\"><strong>Servi\u00e7os prestados pela GEREF<\/strong><\/span><\/span><\/span><\/p>\n\n\n\n<p><span style=\"font-size: 11pt;\"><span style=\"font-family: Arial;\"><span style=\"color: #000000;\">a) <\/span><\/span><\/span><strong><span style=\"font-size: 11pt;\"><span style=\"font-family: Arial;\"><span style=\"color: #000000;\"><u>Anu\u00eancia para certifica\u00e7\u00e3o junto ao SIGEF-INCRA<\/u><\/span><\/span><\/span><\/strong><span style=\"font-size: 11pt;\"><span style=\"font-family: Arial;\"><span style=\"color: #000000;\"><strong> (localiza\u00e7\u00e3o ou confronta\u00e7\u00e3o):<\/strong> <\/span><\/span><\/span><\/p>\n\n\n\n<p><span style=\"font-size: 11pt;\"><span style=\"font-family: Arial;\"><span style=\"color: #000000;\">Para solicitar esta anu\u00eancia o propriet\u00e1rio do im\u00f3vel deve enviar documenta\u00e7\u00e3o b\u00e1sica, por meio do Protocolo da SEMAD, atrav\u00e9s do e-mail <\/span><\/span><\/span><a style=\"text-decoration: none;\" href=\"mailto:vaptvupt.meioambiente@goias.gov.br\"><span style=\"font-size: 11pt;\"><span style=\"font-family: Arial;\"><span style=\"color: #1155cc;\"><u>vaptvupt.meioambiente@goias.gov.br<\/u><\/span><\/span><\/span><\/a><span style=\"font-size: 11pt;\"><span style=\"font-family: Arial;\"><span style=\"color: #000000;\">. De modo a possibilitar a an\u00e1lise do pedido ser\u00e1 necess\u00e1rio o envio dos seguintes documentos:<\/span><\/span><\/span><\/p>\n\n\n\n<ul class=\"wp-block-list\">\n<li><span style=\"font-size: 11pt;\"><span style=\"font-family: Arial;\"><span style=\"color: #000000;\">certid\u00e3o atualizada de inteiro teor do im\u00f3vel;<\/span><\/span><\/span><\/li>\n\n\n\n<li><span style=\"font-size: 11pt;\"><span style=\"font-family: Arial;\"><span style=\"color: #000000;\">memorial descritivo do im\u00f3vel (assinado pelo respons\u00e1vel t\u00e9cnico);<\/span><\/span><\/span><\/li>\n\n\n\n<li><span style=\"font-size: 11pt;\"><span style=\"font-family: Arial;\"><span style=\"color: #000000;\">mapa georreferenciado do im\u00f3vel (assinado pelo respons\u00e1vel t\u00e9cnico);<\/span><\/span><\/span><\/li>\n\n\n\n<li><span style=\"font-size: 11pt;\"><span style=\"font-family: Arial;\"><span style=\"color: #000000;\">ART do respons\u00e1vel t\u00e9cnico;<\/span><\/span><\/span><\/li>\n\n\n\n<li><span style=\"font-size: 11pt;\"><span style=\"font-family: Arial;\"><span style=\"color: #000000;\">documenta\u00e7\u00e3o pessoal (RG e CPF) do respons\u00e1vel t\u00e9cnico;<\/span><\/span><\/span><\/li>\n\n\n\n<li><span style=\"font-size: 11pt;\"><span style=\"font-family: Arial;\"><span style=\"color: #000000;\">documenta\u00e7\u00e3o pessoal (RG e CPF) do propriet\u00e1rio do im\u00f3vel ou de seu procurador;<\/span><\/span><\/span><\/li>\n\n\n\n<li><span style=\"font-size: 11pt;\"><span style=\"font-family: Arial;\"><span style=\"color: #000000;\">procura\u00e7\u00e3o (assinada pelo propriet\u00e1rio do im\u00f3vel e seu procurador, com assinatura reconhecida em cart\u00f3rio);<\/span><\/span><\/span><\/li>\n\n\n\n<li><span style=\"font-size: 11pt;\"><span style=\"font-family: Arial;\"><span style=\"color: #000000;\">shapefile e Kml do im\u00f3vel;<\/span><\/span><\/span><\/li>\n\n\n\n<li><span style=\"font-size: 11pt;\"><span style=\"font-family: Arial;\"><span style=\"color: #000000;\">declara\u00e7\u00e3o individual de respeito de limites, da por\u00e7\u00e3o vizinha \u00e0 im\u00f3vel do Estado de Goi\u00e1s (assinado pelo propriet\u00e1rio do im\u00f3vel ou de seu procurador).<\/span><\/span><\/span><\/li>\n<\/ul>\n\n\n\n<p><span style=\"font-size: 11pt;\"><span style=\"font-family: Arial;\"><span style=\"color: #000000;\">b) <\/span><\/span><\/span><strong><span style=\"font-size: 11pt;\"><span style=\"font-family: Arial;\"><span style=\"color: #000000;\"><u>Anu\u00eancia para fins banc\u00e1rios de im\u00f3vel n\u00e3o desapropriado no interior de unidade de conserva\u00e7\u00e3o<\/u><\/span><\/span><\/span><\/strong><span style=\"font-size: 11pt;\"><span style=\"font-family: Arial;\"><span style=\"color: #000000;\"><strong>:<\/strong> <\/span><\/span><\/span><\/p>\n\n\n\n<p><span style=\"font-size: 11pt;\"><span style=\"font-family: Arial;\"><span style=\"color: #000000;\">Para solicitar esta anu\u00eancia o propriet\u00e1rio do im\u00f3vel deve enviar documenta\u00e7\u00e3o b\u00e1sica, por meio do Protocolo da SEMAD, atrav\u00e9s do e-mail <\/span><\/span><\/span><a style=\"text-decoration: none;\" href=\"mailto:vaptvupt.meioambiente@goias.gov.br\"><span style=\"font-size: 11pt;\"><span style=\"font-family: Arial;\"><span style=\"color: #1155cc;\"><u>vaptvupt.meioambiente@goias.gov.br<\/u><\/span><\/span><\/span><\/a><span style=\"font-size: 11pt;\"><span style=\"font-family: Arial;\"><span style=\"color: #000000;\">. De modo a possibilitar a an\u00e1lise do pedido ser\u00e1 necess\u00e1rio o envio dos seguintes documentos:<\/span><\/span><\/span><\/p>\n\n\n\n<ul class=\"wp-block-list\">\n<li><span style=\"font-size: 11pt;\"><span style=\"font-family: Arial;\"><span style=\"color: #000000;\">documenta\u00e7\u00e3o pessoal (RG e CPF) do propriet\u00e1rio do im\u00f3vel ou de seu procurador;<\/span><\/span><\/span><\/li>\n\n\n\n<li><span style=\"font-size: 11pt;\"><span style=\"font-family: Arial;\"><span style=\"color: #000000;\">procura\u00e7\u00e3o (assinada pelo propriet\u00e1rio do im\u00f3vel e seu procurador, com assinatura reconhecida em cart\u00f3rio);<\/span><\/span><\/span><\/li>\n\n\n\n<li><span style=\"font-size: 11pt;\"><span style=\"font-family: Arial;\"><span style=\"color: #000000;\">se o solicitante for arrendat\u00e1rio deve-se apresentar contrato de arrendamento;<\/span><\/span><\/span><\/li>\n\n\n\n<li><span style=\"font-size: 11pt;\"><span style=\"font-family: Arial;\"><span style=\"color: #000000;\">recibo do CAR;<\/span><\/span><\/span><\/li>\n\n\n\n<li><a href=\"https:\/\/goias.gov.br\/meioambiente\/wp-content\/uploads\/sites\/33\/2015\/04\/Req_bancos-b5b.pdf\" target=\"_blank\" rel=\"noopener\"><span style=\"font-size: 11pt;\"><span style=\"font-family: Arial;\"><span style=\"color: #000000;\"><u>requerimento padr\u00e3o<\/u><\/span><\/span><\/span><\/a><span style=\"font-size: 11pt;\"><span style=\"font-family: Arial;\"><span style=\"color: #000000;\">&nbsp;preenchido e assinado solicitando a declara\u00e7\u00e3o de anu\u00eancia para apresenta\u00e7\u00e3o \u00e0 institui\u00e7\u00e3o banc\u00e1ria.<\/span><\/span><\/span><\/li>\n<\/ul>\n\n\n\n<p><span style=\"font-size: 11pt;\"><span style=\"font-family: Arial;\"><span style=\"color: #000000;\">Obs.: para os im\u00f3veis no interior de \u00c1rea de Prote\u00e7\u00e3o Ambiental (APA) basta que o propriet\u00e1rio do im\u00f3vel apresente \u00e0 institui\u00e7\u00e3o banc\u00e1ria a <\/span><\/span><\/span><a href=\"https:\/\/goias.gov.br\/meioambiente\/wp-content\/uploads\/sites\/33\/2015\/04\/Portaria_346_2022-080.pdf\" target=\"_blank\" rel=\"noopener\"><span style=\"font-size: 11pt;\"><span style=\"font-family: Arial;\"><span style=\"color: #000000;\"><u>Portaria n\u00ba 346\/2022 &#8211; SEMAD<\/u><\/span><\/span><\/span><\/a><span style=\"font-size: 11pt;\"><span style=\"font-family: Arial;\"><span style=\"color: #000000;\">&nbsp;<\/span><\/span><\/span><\/p>\n\n\n\n<p><strong><span style=\"font-size: 11pt;\"><span style=\"font-family: Arial;\"><span style=\"color: #000000;\">c) <\/span><\/span><\/span><span style=\"font-size: 11pt;\"><span style=\"font-family: Arial;\"><span style=\"color: #000000;\"><u>Anu\u00eancia para fins de comercializa\u00e7\u00e3o de produtos oriundos de im\u00f3vel n\u00e3o desapropriado no interior de unidade de conserva\u00e7\u00e3o<\/u><\/span><\/span><\/span><\/strong><span style=\"font-size: 11pt;\"><span style=\"font-family: Arial;\"><span style=\"color: #000000;\"><strong>:<\/strong> <\/span><\/span><\/span><\/p>\n\n\n\n<p><span style=\"font-size: 11pt;\"><span style=\"font-family: Arial;\"><span style=\"color: #000000;\">Para solicitar esta anu\u00eancia o propriet\u00e1rio do im\u00f3vel deve enviar documenta\u00e7\u00e3o b\u00e1sica, por meio do Protocolo da SEMAD, atrav\u00e9s do e-mail <\/span><\/span><\/span><a style=\"text-decoration: none;\" href=\"mailto:vaptvupt.meioambiente@goias.gov.br\"><span style=\"font-size: 11pt;\"><span style=\"font-family: Arial;\"><span style=\"color: #1155cc;\"><u>vaptvupt.meioambiente@goias.gov.br<\/u><\/span><\/span><\/span><\/a><span style=\"font-size: 11pt;\"><span style=\"font-family: Arial;\"><span style=\"color: #000000;\">. De modo a possibilitar a an\u00e1lise do pedido ser\u00e1 necess\u00e1rio o envio dos seguintes documentos:<\/span><\/span><\/span><\/p>\n\n\n\n<ul class=\"wp-block-list\">\n<li><span style=\"font-size: 11pt;\"><span style=\"font-family: Arial;\"><span style=\"color: #000000;\">documenta\u00e7\u00e3o pessoal (RG e CPF) do propriet\u00e1rio do im\u00f3vel ou de seu procurador;<\/span><\/span><\/span><\/li>\n\n\n\n<li><span style=\"font-size: 11pt;\"><span style=\"font-family: Arial;\"><span style=\"color: #000000;\">procura\u00e7\u00e3o (assinada pelo propriet\u00e1rio do im\u00f3vel e seu procurador, com assinatura reconhecida em cart\u00f3rio);<\/span><\/span><\/span><\/li>\n\n\n\n<li><span style=\"font-size: 11pt;\"><span style=\"font-family: Arial;\"><span style=\"color: #000000;\">se o solicitante for arrendat\u00e1rio deve-se apresentar contrato de arrendamento;<\/span><\/span><\/span><\/li>\n\n\n\n<li><span style=\"font-size: 11pt;\"><span style=\"font-family: Arial;\"><span style=\"color: #000000;\">recibo do CAR;<\/span><\/span><\/span><\/li>\n\n\n\n<li><a href=\"https:\/\/goias.gov.br\/meioambiente\/wp-content\/uploads\/sites\/33\/2015\/04\/Req_comercializacao-cc5.pdf\" target=\"_blank\" rel=\"noopener\"><span style=\"font-size: 11pt;\"><span style=\"font-family: Arial;\"><span style=\"color: #000000;\"><u>requerimento padr\u00e3o<\/u><\/span><\/span><\/span><\/a><span style=\"font-size: 11pt;\"><span style=\"font-family: Arial;\"><span style=\"color: #000000;\">&nbsp;preenchido e assinado solicitando a declara\u00e7\u00e3o de anu\u00eancia para apresenta\u00e7\u00e3o \u00e0 empresa compradora de produtos rurais.<\/span><\/span><\/span><\/li>\n<\/ul>\n\n\n\n<p><strong><span style=\"font-size: 11pt;\"><span style=\"font-family: Arial;\"><span style=\"color: #000000;\">d) <\/span><\/span><\/span><span style=\"font-size: 11pt;\"><span style=\"font-family: Arial;\"><span style=\"color: #000000;\"><u>Abertura de processo de interesse para doa\u00e7\u00e3o de im\u00f3veis em unidade de conserva\u00e7\u00e3o de dom\u00ednio p\u00fablico pendente de regulariza\u00e7\u00e3o fundi\u00e1ria:<\/u><\/span><\/span><\/span><\/strong><\/p>\n\n\n\n<p><span style=\"font-size: 11pt;\"><span style=\"font-family: Arial;\"><span style=\"color: #000000;\">d.1)&nbsp;<\/span><\/span><\/span><span style=\"font-size: 11pt;\"><span style=\"font-family: Arial;\"><span style=\"color: #000000;\"><u>Compensa\u00e7\u00e3o de Reserva Legal &#8211; art. 30 da Lei n\u00ba 18.104\/2013 ou&nbsp;<span style=\"font-size: 11pt;\"><span style=\"font-family: Arial;\"><span style=\"color: #000000;\">Compensa\u00e7\u00e3o Florestal &#8211; Lei n\u00ba 21.231\/2022<\/span><\/span><\/span><\/u>:<\/span><\/span><\/span><\/p>\n\n\n\n<p><u>Abertura de processo<\/u>: o interessado dever\u00e1, antes de concluir o requerimento na plataforma IP\u00ca, formar processo na plataforma SEI atrav\u00e9s do envio de documentos b\u00e1sicos e formul\u00e1rio espec\u00edfico (<a href=\"https:\/\/goias.gov.br\/meioambiente\/wp-content\/uploads\/sites\/33\/2025\/06\/ANEXO-IV-FORMULARIO-DE-MANIFESTACAO-DE-INTERESSE-NA-DOACAO.docx.pdf\">Anexo 1<\/a>) para o seguinte e-mail: <a style=\"text-decoration: none;\" href=\"mailto:vaptvupt.meioambiente@goias.gov.br\"><span style=\"font-size: 11pt;\"><span style=\"font-family: Arial;\"><span style=\"color: #1155cc;\"><u>vaptvupt.meioambiente@goias.gov.br<\/u><\/span><\/span><\/span><\/a>. Neste e-mail deve-se solicitar que o processo SEI seja remetido \u00e0 Ger\u00eancia de Cria\u00e7\u00e3o, Regulariza\u00e7\u00e3o Fundi\u00e1ria e Suporte \u00e0 Gest\u00e3o de Unidades de Conserva\u00e7\u00e3o (18334);<\/p>\n\n\n\n<p><u>Documentos b\u00e1sicos<\/u>:<\/p>\n\n\n\n<p>&#8211; <u>se pessoa f\u00edsica<\/u>: CPF e RG do interessado. Caso seja representado por procurador, apresentar tamb\u00e9m CPF, RG e procura\u00e7\u00e3o acompanhada de firma reconhecida em cart\u00f3rio;<\/p>\n\n\n\n<p>&#8211; <u>se pessoa jur\u00eddica<\/u>: CPF e RG do representante legal. Caso seja representado por procurador, apresentar tamb\u00e9m CPF, RG e procura\u00e7\u00e3o acompanhada de firma reconhecida em cart\u00f3rio.<\/p>\n\n\n\n<p><span style=\"font-size: 11pt;\"><span style=\"font-family: Arial;\"><span style=\"color: #000000;\">d.2) <\/span><\/span><\/span><u><span style=\"font-size: 11pt;\"><span style=\"font-family: Arial;\"><span style=\"color: #000000;\">Compensa\u00e7\u00e3o por Danos Ambientais &#8211; Lei n\u00ba 21.231\/2022<\/span><\/span><\/span><\/u><span style=\"font-size: 11pt;\"><span style=\"font-family: Arial;\"><span style=\"color: #000000;\"><strong>:<\/strong> <\/span><\/span><\/span><\/p>\n\n\n\n<p><u>Abertura de processo<\/u>: o interessado dever\u00e1, antes de concluir o requerimento na plataforma IP\u00ca ou DAI, formar processo na plataforma SEI atrav\u00e9s do envio de documentos b\u00e1sicos e formul\u00e1rio espec\u00edfico (<a href=\"https:\/\/goias.gov.br\/meioambiente\/wp-content\/uploads\/sites\/33\/2025\/06\/ANEXO-IV-FORMULARIO-DE-MANIFESTACAO-DE-INTERESSE-NA-DOACAO.docx.pdf\">Anexo 2<\/a>) para o seguinte e-mail: <a style=\"text-decoration: none;\" href=\"mailto:vaptvupt.meioambiente@goias.gov.br\"><span style=\"font-size: 11pt;\"><span style=\"font-family: Arial;\"><span style=\"color: #1155cc;\"><u>vaptvupt.meioambiente@goias.gov.br<\/u><\/span><\/span><\/span><\/a>. Neste e-mail deve-se solicitar que o processo SEI seja remetido \u00e0 Ger\u00eancia de Cria\u00e7\u00e3o, Regulariza\u00e7\u00e3o Fundi\u00e1ria e Suporte \u00e0 Gest\u00e3o de Unidades de Conserva\u00e7\u00e3o (18334);<\/p>\n\n\n\n<p><u>Documentos b\u00e1sicos<\/u>:<\/p>\n\n\n\n<p>&#8211; <u>se pessoa f\u00edsica<\/u>: CPF e RG do interessado. Caso seja representado por procurador, apresentar tamb\u00e9m CPF, RG e procura\u00e7\u00e3o acompanhada de firma reconhecida em cart\u00f3rio;<\/p>\n\n\n\n<p>&#8211; <u>se pessoa jur\u00eddica<\/u>: CPF e RG do representante legal. Caso seja representado por procurador, apresentar tamb\u00e9m CPF, RG e procura\u00e7\u00e3o acompanhada de firma reconhecida em cart\u00f3rio.<\/p>\n\n\n\n<p><strong>Obs.:<\/strong> <u>uma vez formalizado processo SEI, de&nbsp;interesse para doa\u00e7\u00e3o de im\u00f3veis em unidade de conserva\u00e7\u00e3o, <strong>deve-se apresentar na plataforma IP\u00ca ou DAI&nbsp;o n\u00famero do processo aberto<\/strong><\/u>.<\/p>\n\n\n\n<p><span style=\"font-size: 11pt;\"><span style=\"font-family: Arial,Helvetica,sans-serif;\"><span style=\"color: #339933;\"><strong>Status de regulariza\u00e7\u00e3o nas Unidades de Conserva\u00e7\u00e3o de posse e dom\u00ednio p\u00fablico<\/strong><\/span><\/span><\/span><\/p>\n\n\n\n<ul class=\"wp-block-list\">\n<li>Status de regulariza\u00e7\u00e3o nas Unidades de Conserva\u00e7\u00e3o de posse e dom\u00ednio p\u00fablico<\/li>\n\n\n\n<li>\u2022 Rela\u00e7\u00e3o resumida de unidades de conserva\u00e7\u00e3o aptas para recebimento de im\u00f3veis em doa\u00e7\u00e3o;<\/li>\n\n\n\n<li>\u2022 Parque Estadual da Serra de Caldas Novas (N\u00c3O APTA PARA DOA\u00c7\u00c3O);<\/li>\n\n\n\n<li>\u2022 Parque Estadual dos Pireneus (N\u00c3O APTA PARA DOA\u00c7\u00c3O);<\/li>\n\n\n\n<li>\u2022 Parque Estadual de Terra Ronca <mark>(N\u00c3O H\u00c1 MAIS \u00c1REAS DISPON\u00cdVEIS)<\/mark>;<\/li>\n\n\n\n<li>\u2022 Parque Estadual Altamiro de Moura Pacheco (N\u00c3O APTA PARA DOA\u00c7\u00c3O);<\/li>\n\n\n\n<li>\u2022 Parque Estadual Telma Ortegal (N\u00c3O APTA PARA DOA\u00c7\u00c3O);<\/li>\n\n\n\n<li>\u2022 Parque Estadual da Serra de Jaragu\u00e1 <mark>(N\u00c3O H\u00c1 MAIS \u00c1REAS DISPON\u00cdVEIS)<\/mark>;<\/li>\n\n\n\n<li>\u2022 Parque Estadual da Serra Dourada;<\/li>\n\n\n\n<li>\u2022 Parque Estadual de \u00c1guas Lindas;<\/li>\n\n\n\n<li>\u2022 Parque Estadual de Para\u00fana;<\/li>\n\n\n\n<li>\u2022 Parque Estadual do Araguaia;<\/li>\n\n\n\n<li>\u2022 Floresta Estadual do Araguaia;<\/li>\n\n\n\n<li>\u2022 Parque Estadual da Mata Atl\u00e2ntica;<\/li>\n\n\n\n<li>\u2022 Parque Estadual Jo\u00e3o Leite (N\u00c3O APTA PARA DOA\u00c7\u00c3O);<\/li>\n\n\n\n<li>\u2022 Parque Estadual \u00c1guas do Para\u00edso (N\u00c3O APTA PARA DOA\u00c7\u00c3O);<\/li>\n\n\n\n<li>\u2022 \u00c1rea de Relevante Interesse Ecol\u00f3gico \u00c1guas de S\u00e3o Jo\u00e3o (N\u00c3O APTA PARA DOA\u00c7\u00c3O);<\/li>\n\n\n\n<li>\u2022 BI com os im\u00f3veis dispon\u00edveis para compensa\u00e7\u00e3o via doa\u00e7\u00e3o (em atualiza\u00e7\u00e3o).<\/li>\n<\/ul>\n\n\n\n<p><span style=\"font-size: 11pt;\"><span style=\"font-family: Arial;\"><span style=\"color: #000000;\">Obs.: as informa\u00e7\u00f5es disponibilizadas nos relat\u00f3rios acima, que tratam dos im\u00f3veis desapropriados ou em desapropria\u00e7\u00e3o, seguem a <\/span><\/span><\/span><a style=\"text-decoration: none;\" href=\"https:\/\/www.planalto.gov.br\/ccivil_03\/_ato2015-2018\/2018\/lei\/l13709.htm\"><span style=\"font-size: 11pt;\"><span style=\"font-family: Arial;\"><span style=\"color: #1155cc;\"><u>Lei Federal n\u00ba 13.709\/2018<\/u><\/span><\/span><\/span><\/a><span style=\"font-size: 11pt;\"><span style=\"font-family: Arial;\"><span style=\"color: #000000;\"> (Lei Geral de Prote\u00e7\u00e3o de Dados Pessoais). Desta forma, a SEMAD n\u00e3o divulga informa\u00e7\u00f5es pessoais, tais como como nome do propriet\u00e1rio, CPF, telefone, e-mail, endere\u00e7o e etc. Para maiores informa\u00e7\u00f5es referentes aos im\u00f3veis apresentados nos relat\u00f3rios acima devem ser requeridas junto aos Cart\u00f3rios de Registro de Im\u00f3veis (CRIs) respons\u00e1veis pelas matr\u00edculas exibidas nos relat\u00f3rios.<\/span><\/span><\/span><\/p>\n","protected":false},"excerpt":{"rendered":"<p>Regulariza\u00e7\u00e3o fundi\u00e1ria de uma unidade de conserva\u00e7\u00e3o \u00e9 o processo de identifica\u00e7\u00e3o e defini\u00e7\u00e3o da propriedade ou direito de uso de terras e im\u00f3veis no seu interior. Ela se d\u00e1 por meio de desapropria\u00e7\u00e3o de im\u00f3veis rurais particulares, indeniza\u00e7\u00e3o de posses e a obten\u00e7\u00e3o do Estado para geri-las. <\/p>\n","protected":false},"author":7,"featured_media":0,"comment_status":"closed","ping_status":"open","sticky":false,"template":"","format":"standard","meta":{"footnotes":"","_links_to":"","_links_to_target":""},"categories":[9],"tags":[],"class_list":["post-24731","post","type-post","status-publish","format-standard","hentry","category-unidades-de-conservacao"],"rttpg_featured_image_url":null,"rttpg_author":{"display_name":"gustavogoncalves","author_link":"https:\/\/goias.gov.br\/meioambiente\/author\/gustavogoncalves\/"},"rttpg_comment":0,"rttpg_category":"<a href=\"https:\/\/goias.gov.br\/meioambiente\/categoria\/meio-ambiente\/unidades-de-conservacao\/\" rel=\"category tag\">Unidades de Conserva\u00e7\u00e3o<\/a>","rttpg_excerpt":"Regulariza\u00e7\u00e3o fundi\u00e1ria de uma unidade de conserva\u00e7\u00e3o \u00e9 o processo de identifica\u00e7\u00e3o e defini\u00e7\u00e3o da propriedade ou direito de uso de terras e im\u00f3veis no seu interior. Ela se d\u00e1 por meio de desapropria\u00e7\u00e3o de im\u00f3veis rurais particulares, indeniza\u00e7\u00e3o de posses e a obten\u00e7\u00e3o do Estado para geri-las.","_links":{"self":[{"href":"https:\/\/goias.gov.br\/meioambiente\/wp-json\/wp\/v2\/posts\/24731","targetHints":{"allow":["GET"]}}],"collection":[{"href":"https:\/\/goias.gov.br\/meioambiente\/wp-json\/wp\/v2\/posts"}],"about":[{"href":"https:\/\/goias.gov.br\/meioambiente\/wp-json\/wp\/v2\/types\/post"}],"author":[{"embeddable":true,"href":"https:\/\/goias.gov.br\/meioambiente\/wp-json\/wp\/v2\/users\/7"}],"replies":[{"embeddable":true,"href":"https:\/\/goias.gov.br\/meioambiente\/wp-json\/wp\/v2\/comments?post=24731"}],"version-history":[{"count":2,"href":"https:\/\/goias.gov.br\/meioambiente\/wp-json\/wp\/v2\/posts\/24731\/revisions"}],"predecessor-version":[{"id":111464,"href":"https:\/\/goias.gov.br\/meioambiente\/wp-json\/wp\/v2\/posts\/24731\/revisions\/111464"}],"wp:attachment":[{"href":"https:\/\/goias.gov.br\/meioambiente\/wp-json\/wp\/v2\/media?parent=24731"}],"wp:term":[{"taxonomy":"category","embeddable":true,"href":"https:\/\/goias.gov.br\/meioambiente\/wp-json\/wp\/v2\/categories?post=24731"},{"taxonomy":"post_tag","embeddable":true,"href":"https:\/\/goias.gov.br\/meioambiente\/wp-json\/wp\/v2\/tags?post=24731"}],"curies":[{"name":"wp","href":"https:\/\/api.w.org\/{rel}","templated":true}]}}