

{"id":24716,"date":"2016-01-26T14:01:37","date_gmt":"2016-01-26T16:01:37","guid":{"rendered":"https:\/\/siteshom.goias.gov.br\/meioambiente\/dados-de-vazao\/"},"modified":"2024-01-11T16:43:05","modified_gmt":"2024-01-11T19:43:05","slug":"dados-de-vazao","status":"publish","type":"post","link":"https:\/\/goias.gov.br\/meioambiente\/dados-de-vazao\/","title":{"rendered":"Dados de Vaz\u00e3o"},"content":{"rendered":"<p>A medi\u00e7\u00e3o da vaz\u00e3o de rio\u00a0\u00e9 o volume de \u00e1gua\u00a0que passa por ele em um\u00a0determinado per\u00edodo de tempo. Esse dado \u00e9 importante para determinar a qualidade da \u00e1gua para os organismos que vivem nela, assim como para a comunidade que utiliza o rio.<\/p>\n<p>Para o c\u00e1lculo, considera-se a \u00e1rea e o tempo e, o clima influencia o resultado, pois per\u00edodos de chuva ou seca podem alterar\u00a0o volume do rio.\u00a0Algumas caracter\u00edsticas da \u00e1gua, como viscosidade e calor, assim como a largura, profundidade e superf\u00edcie do rio tamb\u00e9m s\u00e3o considerados no c\u00e1lculo.<\/p>\n<p>Acesse\u00a0o Sistema de Monitoramento Hidrol\u00f3gico<\/p>\n","protected":false},"excerpt":{"rendered":"<p>A medi\u00e7\u00e3o da vaz\u00e3o de rio\u00a0\u00e9 o volume de \u00e1gua\u00a0que passa por ele em um\u00a0determinado per\u00edodo de tempo. Esse dado \u00e9 importante para determinar a qualidade da \u00e1gua para os organismos que vivem nela, assim como para a comunidade que utiliza o rio. Para o c\u00e1lculo, considera-se a \u00e1rea e o tempo e, o clima [&hellip;]<\/p>\n","protected":false},"author":7,"featured_media":0,"comment_status":"closed","ping_status":"open","sticky":false,"template":"","format":"standard","meta":{"footnotes":"","_links_to":"","_links_to_target":""},"categories":[5],"tags":[],"class_list":["post-24716","post","type-post","status-publish","format-standard","hentry","category-monitoramentos"],"rttpg_featured_image_url":null,"rttpg_author":{"display_name":"gustavogoncalves","author_link":"https:\/\/goias.gov.br\/meioambiente\/author\/gustavogoncalves\/"},"rttpg_comment":0,"rttpg_category":"<a href=\"https:\/\/goias.gov.br\/meioambiente\/categoria\/meio-ambiente\/monitoramentos\/\" rel=\"category tag\">Monitoramentos<\/a>","rttpg_excerpt":"A medi\u00e7\u00e3o da vaz\u00e3o de rio\u00a0\u00e9 o volume de \u00e1gua\u00a0que passa por ele em um\u00a0determinado per\u00edodo de tempo. Esse dado \u00e9 importante para determinar a qualidade da \u00e1gua para os organismos que vivem nela, assim como para a comunidade que utiliza o rio. Para o c\u00e1lculo, considera-se a \u00e1rea e o tempo e, o clima&hellip;","_links":{"self":[{"href":"https:\/\/goias.gov.br\/meioambiente\/wp-json\/wp\/v2\/posts\/24716","targetHints":{"allow":["GET"]}}],"collection":[{"href":"https:\/\/goias.gov.br\/meioambiente\/wp-json\/wp\/v2\/posts"}],"about":[{"href":"https:\/\/goias.gov.br\/meioambiente\/wp-json\/wp\/v2\/types\/post"}],"author":[{"embeddable":true,"href":"https:\/\/goias.gov.br\/meioambiente\/wp-json\/wp\/v2\/users\/7"}],"replies":[{"embeddable":true,"href":"https:\/\/goias.gov.br\/meioambiente\/wp-json\/wp\/v2\/comments?post=24716"}],"version-history":[{"count":2,"href":"https:\/\/goias.gov.br\/meioambiente\/wp-json\/wp\/v2\/posts\/24716\/revisions"}],"predecessor-version":[{"id":28874,"href":"https:\/\/goias.gov.br\/meioambiente\/wp-json\/wp\/v2\/posts\/24716\/revisions\/28874"}],"wp:attachment":[{"href":"https:\/\/goias.gov.br\/meioambiente\/wp-json\/wp\/v2\/media?parent=24716"}],"wp:term":[{"taxonomy":"category","embeddable":true,"href":"https:\/\/goias.gov.br\/meioambiente\/wp-json\/wp\/v2\/categories?post=24716"},{"taxonomy":"post_tag","embeddable":true,"href":"https:\/\/goias.gov.br\/meioambiente\/wp-json\/wp\/v2\/tags?post=24716"}],"curies":[{"name":"wp","href":"https:\/\/api.w.org\/{rel}","templated":true}]}}