

{"id":24424,"date":"2017-02-06T12:02:24","date_gmt":"2017-02-06T14:02:24","guid":{"rendered":"https:\/\/siteshom.goias.gov.br\/meioambiente\/area-de-protecao-ambiental-do-encantado-apa\/"},"modified":"2023-11-14T07:47:08","modified_gmt":"2023-11-14T10:47:08","slug":"area-de-protecao-ambiental-do-encantado-apa","status":"publish","type":"post","link":"https:\/\/goias.gov.br\/meioambiente\/area-de-protecao-ambiental-do-encantado-apa\/","title":{"rendered":"\u00c1rea de Prote\u00e7\u00e3o Ambiental do Encantado (APA Encantado)"},"content":{"rendered":"<p>&nbsp;<\/p>\n<table border=\"0\">\n<tbody>\n<tr>\n<td><span style=\"font-size: 14px;\"><strong>Localiza&ccedil;&atilde;o<\/strong><\/span><\/td>\n<\/tr>\n<tr>\n<td>\n<p><span style=\"font-size: 12px;\">Localiza-se no munic&iacute;pio de Baliza.<\/span><\/p>\n<\/td>\n<\/tr>\n<tr>\n<td>\n<p><span style=\"font-size: 14px; color: #000000;\"><strong>&Aacute;rea<\/strong><\/span><\/p>\n<\/td>\n<\/tr>\n<tr>\n<td><span style=\"font-size: 14px;\">&nbsp;<img fetchpriority=\"high\" decoding=\"async\" class=\" size-full wp-image-24423\" alt=\"Mapa Encantado \" height=\"944\" src=\"https:\/\/goias.gov.br\/meioambiente\/wp-content\/uploads\/sites\/33\/2017\/02\/imagem-apa-do-encantado-a78.jpg\" title=\"Mapa Encantado \" width=\"1500\" srcset=\"https:\/\/goias.gov.br\/meioambiente\/wp-content\/uploads\/sites\/33\/2017\/02\/imagem-apa-do-encantado-a78.jpg 1500w, https:\/\/goias.gov.br\/meioambiente\/wp-content\/uploads\/sites\/33\/2017\/02\/imagem-apa-do-encantado-a78-300x189.jpg 300w, https:\/\/goias.gov.br\/meioambiente\/wp-content\/uploads\/sites\/33\/2017\/02\/imagem-apa-do-encantado-a78-1024x644.jpg 1024w, https:\/\/goias.gov.br\/meioambiente\/wp-content\/uploads\/sites\/33\/2017\/02\/imagem-apa-do-encantado-a78-768x483.jpg 768w\" sizes=\"(max-width: 1500px) 100vw, 1500px\" \/><\/span><\/td>\n<\/tr>\n<tr>\n<td>\n<p><span style=\"font-size: 12px;\">7.913,97 ha.<\/span><\/p>\n<\/td>\n<\/tr>\n<tr>\n<td>\n<p><span style=\"font-size: 12px; color: #000000;\"><span style=\"color: #000000;\"><a href=\"https:\/\/goias.gov.br\/meioambiente\/fiscais-da-semad-multam-e-interditam-area-de-desmatamento-ilegal-na-zona-rural-de-morrinhos\/\">Limite da APA do Encantado &#8211; Arquivo kmz<\/a><\/span><\/span><\/p>\n<\/td>\n<\/tr>\n<tr>\n<td>\n<p><span style=\"font-size: 14px;\"><a href=\"http:\/\/www.semarhtemplate.go.gov.br\/uploads\/files\/apa_do_encantado.kml\" target=\"_blank\" rel=\"noopener\"><strong style=\"color: #000000;\">Munic&iacute;pios<\/strong><\/a><\/span><\/p>\n<\/td>\n<\/tr>\n<tr>\n<td>\n<p>&nbsp;<span style=\"font-size: 12px; color: #000000;\">Baliza<\/span><\/p>\n<\/td>\n<\/tr>\n<tr>\n<td>&nbsp;<\/td>\n<\/tr>\n<tr>\n<td>\n<p><span style=\"font-size: 14px; color: #000000;\"><strong>Atos Legais e de Cria&ccedil;&atilde;o<\/strong><\/span><\/p>\n<\/td>\n<\/tr>\n<tr>\n<td>\n<p><span style=\"font-size: 12px; color: #000000;\"><a href=\"http:\/\/www.gabinetecivil.go.gov.br\/pagina_leis.php?id=1478\"><span style=\"color: #000000;\">Lei Estadual n&ordm; 14.386, de 09 de janeiro de 2003<\/span><\/a>, que cria a &Aacute;rea de Prote&ccedil;&atilde;o Ambiental que especifica.<\/span><\/p>\n<\/td>\n<\/tr>\n<tr>\n<td>\n<p><span style=\"color: #000000;\">&nbsp;<a href=\"http:\/\/www.gabinetecivil.goias.gov.br\/decretos\/numerados\/2003\/decreto_5840.htm\" style=\"font-size: 12px;\"><span style=\"color: #000000;\">Decreto n&ordm; 5.840, de 03 de outuro de 2003<\/span><\/a><span style=\"font-size: 12px;\">, regulamenta a Lei n&ordm; 14.386, de 09 de janeiro de 2003 e d&aacute; outras provid&ecirc;ncias.<\/span><\/span><\/p>\n<\/td>\n<\/tr>\n<tr>\n<td>&nbsp;<\/td>\n<\/tr>\n<tr>\n<td>\n<p>&nbsp;<span style=\"color: #000000;\"><strong style=\"font-size: 14px;\">Objetivo<\/strong><\/span><\/p>\n<\/td>\n<\/tr>\n<tr>\n<td>\n<p><span style=\"font-size: 12px; color: #000000;\">Contribuir para a manuten&ccedil;&atilde;o da diversidade biol&oacute;gica e dos recursos naturais na extens&atilde;o da &aacute;rea de prote&ccedil;&atilde;o ambiental; proteger as esp&eacute;cies amea&ccedil;adas de extin&ccedil;&atilde;o no &acirc;mbito territorial da unidade de conserva&ccedil;&atilde;o; contribuir para a preserva&ccedil;&atilde;o e a recupera&ccedil;&atilde;o da diversidade de ecossistemas naturais da regi&atilde;o;&nbsp; promover a utiliza&ccedil;&atilde;o dos princ&iacute;pios e pr&aacute;ticas de conserva&ccedil;&atilde;o da natureza no processo de desenvolvimento; proteger as paisagens naturais e pouco alteradas de not&aacute;vel beleza c&ecirc;nica; proteger as caracter&iacute;sticas relevantes de natureza geol&oacute;gica, geomorfol&oacute;gica, arqueol&oacute;gica, paleontol&oacute;gica e cultural; proteger e recuperar os recursos h&iacute;dricos e ed&aacute;ficos; recuperar e restaurar ecossistemas degradados; proporcionar meios e incentivos para atividades de pesquisa cient&iacute;fica, estudos e monitoramento ambiental; incentivar o agroturismo, o turismo ecol&oacute;gico e a educa&ccedil;&atilde;o ambiental, bem como experi&ecirc;ncias de m&eacute;todos racionais de cultivo da terra, como forma de valoriza&ccedil;&atilde;o econ&ocirc;mica e social da diversidade biol&oacute;gica.<\/span><\/p>\n<div>&nbsp;<\/div>\n<\/td>\n<\/tr>\n<\/tbody>\n<\/table>\n<p><span style=\"font-size: 14px; color: #000000;\"><strong>Contato<\/strong><\/span><\/p>\n<p><span style=\"font-size: 12px; color: #000000;\"><\/span><\/p>\n<p>Superintend&ecirc;ncia de Unidades de Conserva&ccedil;&atilde;o e Regulariza&ccedil;&atilde;o Ambiental: (62) 3201-5295<\/p>\n<p>Ger&ecirc;ncia de Cria&ccedil;&atilde;o e Manejo de Unidades de Conserva&ccedil;&atilde;o: (62) 3265-1381<\/p>\n<p>Ger&ecirc;ncia de Uso P&uacute;blico, Regulariza&ccedil;&atilde;o Fundi&aacute;ria e Gest&atilde;o Socioambiental de Unidades de Conserva&ccedil;&atilde;o: (62) 3265-1340<\/p>\n<p>Chefe da Unidade de Conserva&ccedil;&atilde;o: FERNANDO BRAZ DOS SANTOS&nbsp;<br \/>\nTel: (62) 982686705<br \/>\nE-mail: fernando.bsantos@goias.gov.br<\/p>\n<p><span style=\"font-size: 12px; color: #000000;\"><\/span><span style=\"color: #000000;\"><span style=\"font-size: 12px;\"><\/span><\/span><\/p>\n","protected":false},"excerpt":{"rendered":"<p>&nbsp; Localiza&ccedil;&atilde;o Localiza-se no munic&iacute;pio de Baliza. &Aacute;rea &nbsp; 7.913,97 ha. Limite da APA do Encantado &#8211; Arquivo kmz Munic&iacute;pios &nbsp;Baliza &nbsp; Atos Legais e de Cria&ccedil;&atilde;o Lei Estadual n&ordm; 14.386, de 09 de janeiro de 2003, que cria a &Aacute;rea de Prote&ccedil;&atilde;o Ambiental que especifica. &nbsp;Decreto n&ordm; 5.840, de 03 de outuro de 2003, [&hellip;]<\/p>\n","protected":false},"author":7,"featured_media":24423,"comment_status":"closed","ping_status":"open","sticky":false,"template":"","format":"standard","meta":{"footnotes":"","_links_to":"","_links_to_target":""},"categories":[9],"tags":[],"class_list":["post-24424","post","type-post","status-publish","format-standard","has-post-thumbnail","hentry","category-unidades-de-conservacao"],"rttpg_featured_image_url":{"full":["https:\/\/goias.gov.br\/meioambiente\/wp-content\/uploads\/sites\/33\/2017\/02\/imagem-apa-do-encantado-a78.jpg",1500,944,false],"landscape":["https:\/\/goias.gov.br\/meioambiente\/wp-content\/uploads\/sites\/33\/2017\/02\/imagem-apa-do-encantado-a78.jpg",1500,944,false],"portraits":["https:\/\/goias.gov.br\/meioambiente\/wp-content\/uploads\/sites\/33\/2017\/02\/imagem-apa-do-encantado-a78.jpg",1500,944,false],"thumbnail":["https:\/\/goias.gov.br\/meioambiente\/wp-content\/uploads\/sites\/33\/2017\/02\/imagem-apa-do-encantado-a78-150x150.jpg",150,150,true],"medium":["https:\/\/goias.gov.br\/meioambiente\/wp-content\/uploads\/sites\/33\/2017\/02\/imagem-apa-do-encantado-a78-300x189.jpg",300,189,true],"large":["https:\/\/goias.gov.br\/meioambiente\/wp-content\/uploads\/sites\/33\/2017\/02\/imagem-apa-do-encantado-a78-1024x644.jpg",1024,644,true],"1536x1536":["https:\/\/goias.gov.br\/meioambiente\/wp-content\/uploads\/sites\/33\/2017\/02\/imagem-apa-do-encantado-a78.jpg",1500,944,false],"2048x2048":["https:\/\/goias.gov.br\/meioambiente\/wp-content\/uploads\/sites\/33\/2017\/02\/imagem-apa-do-encantado-a78.jpg",1500,944,false]},"rttpg_author":{"display_name":"gustavogoncalves","author_link":"https:\/\/goias.gov.br\/meioambiente\/author\/gustavogoncalves\/"},"rttpg_comment":0,"rttpg_category":"<a href=\"https:\/\/goias.gov.br\/meioambiente\/categoria\/meio-ambiente\/unidades-de-conservacao\/\" rel=\"category tag\">Unidades de Conserva\u00e7\u00e3o<\/a>","rttpg_excerpt":"&nbsp; Localiza&ccedil;&atilde;o Localiza-se no munic&iacute;pio de Baliza. &Aacute;rea &nbsp; 7.913,97 ha. Limite da APA do Encantado &#8211; Arquivo kmz Munic&iacute;pios &nbsp;Baliza &nbsp; Atos Legais e de Cria&ccedil;&atilde;o Lei Estadual n&ordm; 14.386, de 09 de janeiro de 2003, que cria a &Aacute;rea de Prote&ccedil;&atilde;o Ambiental que especifica. &nbsp;Decreto n&ordm; 5.840, de 03 de outuro de 2003,&hellip;","_links":{"self":[{"href":"https:\/\/goias.gov.br\/meioambiente\/wp-json\/wp\/v2\/posts\/24424","targetHints":{"allow":["GET"]}}],"collection":[{"href":"https:\/\/goias.gov.br\/meioambiente\/wp-json\/wp\/v2\/posts"}],"about":[{"href":"https:\/\/goias.gov.br\/meioambiente\/wp-json\/wp\/v2\/types\/post"}],"author":[{"embeddable":true,"href":"https:\/\/goias.gov.br\/meioambiente\/wp-json\/wp\/v2\/users\/7"}],"replies":[{"embeddable":true,"href":"https:\/\/goias.gov.br\/meioambiente\/wp-json\/wp\/v2\/comments?post=24424"}],"version-history":[{"count":1,"href":"https:\/\/goias.gov.br\/meioambiente\/wp-json\/wp\/v2\/posts\/24424\/revisions"}],"predecessor-version":[{"id":28308,"href":"https:\/\/goias.gov.br\/meioambiente\/wp-json\/wp\/v2\/posts\/24424\/revisions\/28308"}],"wp:featuredmedia":[{"embeddable":true,"href":"https:\/\/goias.gov.br\/meioambiente\/wp-json\/wp\/v2\/media\/24423"}],"wp:attachment":[{"href":"https:\/\/goias.gov.br\/meioambiente\/wp-json\/wp\/v2\/media?parent=24424"}],"wp:term":[{"taxonomy":"category","embeddable":true,"href":"https:\/\/goias.gov.br\/meioambiente\/wp-json\/wp\/v2\/categories?post=24424"},{"taxonomy":"post_tag","embeddable":true,"href":"https:\/\/goias.gov.br\/meioambiente\/wp-json\/wp\/v2\/tags?post=24424"}],"curies":[{"name":"wp","href":"https:\/\/api.w.org\/{rel}","templated":true}]}}