

{"id":24336,"date":"2017-03-31T07:03:53","date_gmt":"2017-03-31T10:03:53","guid":{"rendered":"https:\/\/siteshom.goias.gov.br\/meioambiente\/editais-de-licitacao-tomada-de-precos-2017\/"},"modified":"2017-03-31T07:03:53","modified_gmt":"2017-03-31T10:03:53","slug":"editais-de-licitacao-tomada-de-precos-2017","status":"publish","type":"post","link":"https:\/\/goias.gov.br\/meioambiente\/editais-de-licitacao-tomada-de-precos-2017\/","title":{"rendered":"Editais de Licita\u00e7\u00e3o &#8211; Tomada de Pre\u00e7os 2017"},"content":{"rendered":"<p><!DOCTYPE html PUBLIC \"-\/\/W3C\/\/DTD HTML 4.0 Transitional\/\/EN\" \"http:\/\/www.w3.org\/TR\/REC-html40\/loose.dtd\"><br \/>\n<html><body><\/p>\n<p><strong>TOMADA DE PRE&Ccedil;OS&nbsp;<\/strong><strong>001\/2017&nbsp;<\/strong>&#8211; Pavimenta&ccedil;&atilde;o asf&aacute;ltica Distrito de Jaran&oacute;polis.<\/p>\n<p>&nbsp;<\/p>\n<p><strong>OBJETO: &nbsp;<\/strong><strong style=\"font-family: Arial, sans-serif;\">PAVIMENTA&Ccedil;&Atilde;O ASF&Aacute;LTICA DA RUA 29 DE JUNHO QUE FAZ A LIGA&Ccedil;&Atilde;O DO POVOADO DO &Iacute;NDIO \/ DISTRITO DE JARAN&Aacute;POLIS (PIREN&Oacute;POLIS), NESTE ESTADO<\/strong><strong>,<\/strong>&nbsp;de acordo com as condi&ccedil;&otilde;es e especifica&ccedil;&otilde;es estabelecidas no edital e seus anexos.<\/p>\n<p><strong>DATA DE ABERTURA:<\/strong>&nbsp;21 de setembro de 2017<\/p>\n<p><strong>HOR&Aacute;RIO:<\/strong>&nbsp;09:00 horas do hor&aacute;rio de Bras&iacute;lia &ndash; DF<\/p>\n<p>&nbsp;<\/p>\n<p><strong><a href=\"https:\/\/goias.gov.br\/meioambiente\/wp-content\/uploads\/sites\/33\/2017\/03\/aviso-de-licitacao-edital-tomada-de-precos-001-2017-pirinopolis-adiamento-28b.pdf\">Aviso de Licita&ccedil;&atilde;o Edital Tomada de Pre&ccedil;os 001-2017 &#8211; Piren&oacute;polis &#8211; ADIAMENTO<\/a><\/strong><\/p>\n<p><strong><a href=\"https:\/\/goias.gov.br\/meioambiente\/wp-content\/uploads\/sites\/33\/2017\/03\/edital-tomada-de-precos-001-2017-pirinopolis-adiamento-09f.pdf\">Edital Tomada de Pre&ccedil;os 001-2017 &#8211; Pirin&oacute;polis &#8211; ADIAMENTO<\/a><\/strong><\/p>\n<p><strong><a href=\"https:\/\/goias.gov.br\/meioambiente\/wp-content\/uploads\/sites\/33\/2017\/03\/aviso-de-licitacao-edital-tomada-de-precos-001-2017-pirinopolis-28-08-2017-1af.pdf\">Aviso de Licita&ccedil;&atilde;o Edital Tomada de Pre&ccedil;os 001-2017 &#8211; Piren&oacute;polis<\/a><\/strong><\/p>\n<p><strong><a href=\"https:\/\/goias.gov.br\/meioambiente\/wp-content\/uploads\/sites\/33\/2017\/03\/edital-tomada-de-precos-001-2017-pirinopolis-28-08-2017-cee.pdf\">Edital Tomada de Pre&ccedil;os 001-2017 &#8211; Piren&oacute;polis<\/a><\/strong><\/p>\n<p><strong><a href=\"https:\/\/goias.gov.br\/meioambiente\/wp-content\/uploads\/sites\/33\/2017\/03\/anexo-i-informacoes-complementares-daa.pdf\">ANEXO I &#8211; Informa&ccedil;&otilde;es Complementares<\/a><\/strong><\/p>\n<p><strong><a href=\"https:\/\/goias.gov.br\/meioambiente\/wp-content\/uploads\/sites\/33\/2017\/03\/anexo-ii-projeto-e-memorial-descritivo-dc5.pdf\">ANEXO II &#8211; Projeto e Memorial Descritivo<\/a><\/strong><\/p>\n<p><strong><a href=\"https:\/\/goias.gov.br\/meioambiente\/wp-content\/uploads\/sites\/33\/2017\/03\/anexo-iii-modelo-de-documentos-d1e.pdf\">ANEXO III &#8211; Modelo de Documentos<\/a><\/strong><\/p>\n<p><strong><a href=\"https:\/\/goias.gov.br\/meioambiente\/wp-content\/uploads\/sites\/33\/2017\/03\/anexo-iv-orcamento-sintetico-92d.pdf\">ANEXO IV &#8211; Or&ccedil;amento Sint&eacute;tico<\/a><\/strong><\/p>\n<p><strong><a href=\"https:\/\/goias.gov.br\/meioambiente\/wp-content\/uploads\/sites\/33\/2017\/03\/anexo-v-cronograma-fisico-financeiro-e97.pdf\">ANEXO V &#8211; Cronograma F&iacute;sico-Financeiro<\/a><\/strong><\/p>\n<p><strong><a href=\"https:\/\/goias.gov.br\/meioambiente\/wp-content\/uploads\/sites\/33\/2017\/03\/anexo-vi-termo-de-referencia-dd0.pdf\">ANEXO VI &#8211; Termo de Refer&ecirc;ncia<\/a><\/strong><\/p>\n<p><strong><a href=\"https:\/\/goias.gov.br\/meioambiente\/wp-content\/uploads\/sites\/33\/2017\/03\/anexo-vii-minuta-contratual1-db3.pdf\">ANEXO VII &#8211; Minuta Contratual<\/a><\/strong><\/p>\n<p><strong><a href=\"https:\/\/goias.gov.br\/meioambiente\/wp-content\/uploads\/sites\/33\/2017\/03\/ata-de-julgamento-habilitacao-julgamento-ccb.pdf\">Ata de Julgamento &#8211; Habilita&ccedil;&atilde;o &#8211; JULGAMENTO<\/a><\/strong><\/p>\n<p><strong><a href=\"https:\/\/goias.gov.br\/meioambiente\/wp-content\/uploads\/sites\/33\/2017\/03\/aviso-de-licitacao-edital-tomada-de-precos-001-2017-pirenopolis-abertura-envelope-propostas-comerciais-8b1.pdf\">Aviso de Licita&ccedil;&atilde;o Edital Tomada de Pre&ccedil;os 001-2017 &#8211; Piren&oacute;polis &#8211; ABERTURA ENVELOPE PROPOSTAS COMERCIAIS<\/a><\/strong><\/p>\n<p><strong><a href=\"https:\/\/goias.gov.br\/meioambiente\/wp-content\/uploads\/sites\/33\/2017\/03\/ata-de-abertura-e-julgamento-proposta-de-precos-e29.pdf\">Ata de Abertura e Julgamento &#8211; Proposta de Pre&ccedil;os<\/a><\/strong><\/p>\n<p><\/body><\/html><\/p>\n","protected":false},"excerpt":{"rendered":"<p>TOMADA DE PRE&Ccedil;OS&nbsp;001\/2017&nbsp;&#8211; Pavimenta&ccedil;&atilde;o asf&aacute;ltica Distrito de Jaran&oacute;polis. &nbsp; OBJETO: &nbsp;PAVIMENTA&Ccedil;&Atilde;O ASF&Aacute;LTICA DA RUA 29 DE JUNHO QUE FAZ A LIGA&Ccedil;&Atilde;O DO POVOADO DO &Iacute;NDIO \/ DISTRITO DE JARAN&Aacute;POLIS (PIREN&Oacute;POLIS), NESTE ESTADO,&nbsp;de acordo com as condi&ccedil;&otilde;es e especifica&ccedil;&otilde;es estabelecidas no edital e seus anexos. DATA DE ABERTURA:&nbsp;21 de setembro de 2017 HOR&Aacute;RIO:&nbsp;09:00 horas do hor&aacute;rio [&hellip;]<\/p>\n","protected":false},"author":7,"featured_media":0,"comment_status":"closed","ping_status":"open","sticky":false,"template":"","format":"standard","meta":{"footnotes":"","_links_to":"","_links_to_target":""},"categories":[13],"tags":[],"class_list":["post-24336","post","type-post","status-publish","format-standard","hentry","category-licitacoes-e-contratos"],"rttpg_featured_image_url":null,"rttpg_author":{"display_name":"gustavogoncalves","author_link":"https:\/\/goias.gov.br\/meioambiente\/author\/gustavogoncalves\/"},"rttpg_comment":0,"rttpg_category":"<a href=\"https:\/\/goias.gov.br\/meioambiente\/categoria\/licitacoes-e-contratos\/\" rel=\"category tag\">Licita\u00e7\u00f5es e contratos<\/a>","rttpg_excerpt":"TOMADA DE PRE&Ccedil;OS&nbsp;001\/2017&nbsp;&#8211; Pavimenta&ccedil;&atilde;o asf&aacute;ltica Distrito de Jaran&oacute;polis. &nbsp; OBJETO: &nbsp;PAVIMENTA&Ccedil;&Atilde;O ASF&Aacute;LTICA DA RUA 29 DE JUNHO QUE FAZ A LIGA&Ccedil;&Atilde;O DO POVOADO DO &Iacute;NDIO \/ DISTRITO DE JARAN&Aacute;POLIS (PIREN&Oacute;POLIS), NESTE ESTADO,&nbsp;de acordo com as condi&ccedil;&otilde;es e especifica&ccedil;&otilde;es estabelecidas no edital e seus anexos. DATA DE ABERTURA:&nbsp;21 de setembro de 2017 HOR&Aacute;RIO:&nbsp;09:00 horas do hor&aacute;rio&hellip;","_links":{"self":[{"href":"https:\/\/goias.gov.br\/meioambiente\/wp-json\/wp\/v2\/posts\/24336","targetHints":{"allow":["GET"]}}],"collection":[{"href":"https:\/\/goias.gov.br\/meioambiente\/wp-json\/wp\/v2\/posts"}],"about":[{"href":"https:\/\/goias.gov.br\/meioambiente\/wp-json\/wp\/v2\/types\/post"}],"author":[{"embeddable":true,"href":"https:\/\/goias.gov.br\/meioambiente\/wp-json\/wp\/v2\/users\/7"}],"replies":[{"embeddable":true,"href":"https:\/\/goias.gov.br\/meioambiente\/wp-json\/wp\/v2\/comments?post=24336"}],"version-history":[{"count":0,"href":"https:\/\/goias.gov.br\/meioambiente\/wp-json\/wp\/v2\/posts\/24336\/revisions"}],"wp:attachment":[{"href":"https:\/\/goias.gov.br\/meioambiente\/wp-json\/wp\/v2\/media?parent=24336"}],"wp:term":[{"taxonomy":"category","embeddable":true,"href":"https:\/\/goias.gov.br\/meioambiente\/wp-json\/wp\/v2\/categories?post=24336"},{"taxonomy":"post_tag","embeddable":true,"href":"https:\/\/goias.gov.br\/meioambiente\/wp-json\/wp\/v2\/tags?post=24336"}],"curies":[{"name":"wp","href":"https:\/\/api.w.org\/{rel}","templated":true}]}}