

{"id":24270,"date":"2015-04-15T14:04:44","date_gmt":"2015-04-15T17:04:44","guid":{"rendered":"https:\/\/siteshom.goias.gov.br\/meioambiente\/comjur\/"},"modified":"2026-03-13T18:19:13","modified_gmt":"2026-03-13T21:19:13","slug":"comjur","status":"publish","type":"post","link":"https:\/\/goias.gov.br\/meioambiente\/comjur\/","title":{"rendered":"Comiss\u00e3o julgadora de recursos"},"content":{"rendered":"\n<p><strong>O que \u00e9 a Comjur?<\/strong><\/p>\n\n\n\n<p>A Comiss\u00e3o Julgadora de Recursos foi institu\u00edda pela Lei estadual n\u00ba 18.102\/2013 (art. 64), correspondendo a 2\u00aa&nbsp;Inst\u00e2ncia Julgadora;<\/p>\n\n\n\n<p><strong>Composi\u00e7\u00e3o:<\/strong><\/p>\n\n\n\n<ul class=\"wp-block-list\">\n<li>Maria Rita de Faria e Vasconcellos<\/li>\n\n\n\n<li>Bet\u00e2nia Aparecida Henkes Vian<\/li>\n\n\n\n<li>Carlos Ant\u00f4nio Madalena<\/li>\n\n\n\n<li>Daniella Carpaneda Machado<\/li>\n\n\n\n<li>Thiarlles Elias de Paula<\/li>\n<\/ul>\n\n\n\n<p><a href=\"https:\/\/legisla.casacivil.go.gov.br\/pesquisa_ato_infralegal\/3752\/portaria-273\" data-type=\"link\" data-id=\"https:\/\/legisla.casacivil.go.gov.br\/pesquisa_ato_infralegal\/3752\/portaria-273\">Portaria n\u00b0 273, de 01 de abril de 2024, publicada no DOE n\u00b0 24.256, de 02 de abril de 2024<\/a><\/p>\n\n\n\n<p><strong>Atribui\u00e7\u00f5es:<\/strong><\/p>\n\n\n\n<p>Apreciar os recursos administrativos \u00e0s autua\u00e7\u00f5es decorrentes do exerc\u00edcio de poder de pol\u00edcia (san\u00e7\u00f5es administrativas \u2013 apreens\u00e3o, embargo de obra ou atividade, suspens\u00e3o de venda ou fabrica\u00e7\u00e3o de produto, suspens\u00e3o total ou parcial de atividade, destrui\u00e7\u00e3o ou inutiliza\u00e7\u00e3o de produtos, subprodutos e instrumentos da infra\u00e7\u00e3o e demoli\u00e7\u00e3o) da aplica\u00e7\u00e3o de multas pecuni\u00e1rias, tudo em face de irregularidades ambientais apuradas pela Fiscaliza\u00e7\u00e3o;<\/p>\n\n\n\n<p>Compete a Comiss\u00e3o Julgadora de Recursos julgar os recursos interpostos as decis\u00f5es prolatadas pela 1a&nbsp;Inst\u00e2ncia (autoridade Julgadora definida pelo art. 62 da Lei n\u00ba 18.102\/2013 e Decreto n\u00ba 7.978, de 28\/08\/2013);<\/p>\n\n\n\n<p><strong>Como recorrer:<\/strong><\/p>\n\n\n\n<p>Da decis\u00e3o proferida pela autoridade julgadora de 1a&nbsp;Inst\u00e2ncia caber\u00e1 recurso no prazo de 20 (vinte) dias contados da data da notifica\u00e7\u00e3o, ou seja, da data da recep\u00e7\u00e3o da notifica\u00e7\u00e3o por via postal (art. 61 e 63 da Lei n\u00ba 18.102\/2013);<\/p>\n\n\n\n<p>O recurso dever\u00e1 ser dirigido \u00e0 autoridade julgadora de 1a&nbsp;Inst\u00e2ncia que proferiu a decis\u00e3o da qual se recorre (par\u00e1grafo \u00fanico do art. 63 da Lei n\u00ba 18.102\/2013) porque essa autoridade poder\u00e1, ou n\u00e3o, reconsiderar a sua pr\u00f3pria decis\u00e3o e em n\u00e3o reconsiderando, ai sim, os autos ser\u00e3o submetidos a aprecia\u00e7\u00e3o da Comiss\u00e3o Julgadora de Recursos;<\/p>\n\n\n\n<p><strong>Funcionamento da Comjur:<\/strong><\/p>\n\n\n\n<p>O funcionamento da Comiss\u00e3o Julgadora de Recursos \u2013 Comjur \u00e9 regulado pela Instru\u00e7\u00e3o Normativa n\u00b0 13\/2018-GAB, publicada no DOE N\u00ba 22.916, de 18 de outubro de 2018.<\/p>\n\n\n\n<p><strong>Contatos:<\/strong><\/p>\n\n\n\n<p>Endere\u00e7o: Rua 82, n\u00ba 400, Ed. Pal\u00e1cio Pedro Ludovico Teixeira, 2\u00ba andar, Setor Central, Goi\u00e2nia &#8211; GO, CEP 74083-010<br>Telefones: (62) 3201-5287 \/ (62) 9 9659-8142 \/ (62) 9 8320-0256<br>e-mail: gecad.meioambiente@goias.gov.br<\/p>\n\n\n\n<p><strong>NORMAS DE REFER\u00caNCIA<\/strong><\/p>\n\n\n\n<ul class=\"wp-block-list\">\n<li><a href=\"https:\/\/drive.google.com\/file\/d\/1AkerwxfTe3GvM4RBUGxdtO4ZoF0W1dxw\/view?usp=drive_link\">Instru\u00e7\u00e3o Normativa reguladora da Comjur<\/a><\/li>\n\n\n\n<li><a href=\"https:\/\/goias.gov.br\/meioambiente\/wp-content\/uploads\/sites\/33\/2015\/04\/lei_no__18_102_processo_administ_ambiental-442.pdf\">Lei estadual sobre infra\u00e7\u00f5es e processo administrativo ambiental<\/a><\/li>\n<\/ul>\n\n\n\n<p><strong>PAUTAS DE JULGAMENTO<\/strong><\/p>\n\n\n\n<ul class=\"wp-block-list\">\n<li><a href=\"https:\/\/goias.gov.br\/meioambiente\/wp-content\/uploads\/sites\/33\/2015\/04\/31032014_-_pauta_sessao_16042014-a6d.pdf\">1a Sess\u00e3o de Julgamento &#8211; Publica\u00e7\u00e3o: 31\/03\/2014<\/a><\/li>\n\n\n\n<li><a href=\"https:\/\/goias.gov.br\/meioambiente\/wp-content\/uploads\/sites\/33\/2015\/04\/03072014_-_pauta_sessao_23072014-62f.pdf\">2a Sess\u00e3o de Julgamento &#8211; Publica\u00e7\u00e3o: 03\/07\/2014<\/a><\/li>\n\n\n\n<li><a href=\"https:\/\/goias.gov.br\/meioambiente\/wp-content\/uploads\/sites\/33\/2015\/04\/12082014_-_pauta_sessao_27082014-bb4.pdf\">3a Sess\u00e3o de Julgamento &#8211; Publica\u00e7\u00e3o: 12\/08\/2014<\/a><\/li>\n\n\n\n<li><a href=\"https:\/\/goias.gov.br\/meioambiente\/wp-content\/uploads\/sites\/33\/2015\/04\/18082014_-_pauta_sessao_03092014-7ed.pdf\">4a Sess\u00e3o de Julgamento &#8211; Publica\u00e7\u00e3o: 18\/08\/2014<\/a><\/li>\n\n\n\n<li><a href=\"https:\/\/goias.gov.br\/meioambiente\/wp-content\/uploads\/sites\/33\/2015\/04\/pauta-de-julgamento-03_10_2016-df6.pdf\">5a Sess\u00e3o de Julgamento &#8211; Publica\u00e7\u00e3o: 22\/09\/2016<\/a><\/li>\n\n\n\n<li><a href=\"https:\/\/goias.gov.br\/meioambiente\/wp-content\/uploads\/sites\/33\/2015\/04\/digitalizar0001-5d4.pdf\">6a Sess\u00e3o de Julgamento &#8211; Publica\u00e7\u00e3o: 17\/10\/2016<\/a><\/li>\n\n\n\n<li><a href=\"https:\/\/goias.gov.br\/meioambiente\/wp-content\/uploads\/sites\/33\/2015\/04\/hugo-442.pdf\">7a Sess\u00e3o de Julgamento &#8211; Publica\u00e7\u00e3o: 09\/12\/2016<\/a><\/li>\n\n\n\n<li><a href=\"https:\/\/goias.gov.br\/meioambiente\/wp-content\/uploads\/sites\/33\/2015\/04\/publicar-64b.pdf\">8a Sess\u00e3o de Julgamento &#8211; Publica\u00e7\u00e3o: 28\/03\/2017<\/a><\/li>\n\n\n\n<li><a href=\"https:\/\/goias.gov.br\/meioambiente\/wp-content\/uploads\/sites\/33\/2015\/04\/08-05-17-c03.pdf\">9a&nbsp;Sess\u00e3o de Julgamento &#8211; Publica\u00e7\u00e3o: 08\/05\/2017<\/a><\/li>\n\n\n\n<li><a href=\"https:\/\/goias.gov.br\/meioambiente\/wp-content\/uploads\/sites\/33\/2015\/04\/pauta-conjur-6ac.pdf\">10a&nbsp;Sess\u00e3o de Julgamento &#8211; Publica\u00e7\u00e3o: 30\/06\/2017<\/a><\/li>\n\n\n\n<li><a href=\"https:\/\/goias.gov.br\/meioambiente\/wp-content\/uploads\/sites\/33\/2015\/04\/gcor_2017_10_19_13_59_36_826-cb4.pdf\">11a&nbsp;Sess\u00e3o de Julgamento &#8211; Publica\u00e7\u00e3o: 19\/10\/2017<\/a><\/li>\n\n\n\n<li><a href=\"https:\/\/goias.gov.br\/meioambiente\/wp-content\/uploads\/sites\/33\/2015\/04\/digitalizar0003-cd4.pdf\">12a&nbsp;Sess\u00e3o de Julgamento &#8211; Publica\u00e7\u00e3o: 19\/01\/2018<\/a><\/li>\n\n\n\n<li><a href=\"https:\/\/goias.gov.br\/meioambiente\/wp-content\/uploads\/sites\/33\/2015\/04\/pauta-de-processos-da-sessao-de-julgamento-de-infracoes-ambientais_-402.pdf\">13a&nbsp;Sess\u00e3o de Julgamento &#8211; Publica\u00e7\u00e3o: 17\/05\/2018<\/a><\/li>\n\n\n\n<li><a href=\"https:\/\/goias.gov.br\/meioambiente\/wp-content\/uploads\/sites\/33\/2015\/04\/relacao-de-processos-setembro-2018-eee.pdf\">14a&nbsp;Sess\u00e3o de Julgamento &#8211; Publica\u00e7\u00e3o: 22\/08\/2018<\/a><\/li>\n\n\n\n<li><a id=\"\" title=\"\" href=\"https:\/\/goias.gov.br\/meioambiente\/wp-content\/uploads\/sites\/33\/2015\/04\/16julgamento-991.pdf\" target=\"\" rel=\"noopener\">16a Sess\u00e3o de Julgamento &#8211; Publica\u00e7\u00e3o: 29\/10\/2018<\/a><\/li>\n\n\n\n<li><a id=\"\" title=\"\" href=\"https:\/\/goias.gov.br\/meioambiente\/wp-content\/uploads\/sites\/33\/2015\/04\/PautaJulgamento29dejaneirode2019-eed.pdf\" target=\"\" rel=\"noopener\">17a Sess\u00e3o de Julgamento &#8211; Publica\u00e7\u00e3o: 29\/01\/2019<\/a><\/li>\n\n\n\n<li><a id=\"\" title=\"\" href=\"https:\/\/goias.gov.br\/meioambiente\/wp-content\/uploads\/sites\/33\/2015\/04\/PautaComjur1-5e4.pdf\" target=\"\" rel=\"noopener\">18a Sess\u00e3o de Julgamento &#8211; Publica\u00e7\u00e3o: 13\/03\/2019<\/a><\/li>\n\n\n\n<li><a id=\"\" title=\"\" href=\"https:\/\/goias.gov.br\/meioambiente\/wp-content\/uploads\/sites\/33\/2015\/04\/ErrataPublicacaodaPautadaCOMJUR-ab7.pdf\" target=\"\" rel=\"noopener\">18a Sess\u00e3o de Julgamento (ERRATA)<\/a><\/li>\n\n\n\n<li><a href=\"https:\/\/goias.gov.br\/meioambiente\/wp-content\/uploads\/sites\/33\/2015\/04\/Relacao_Processos_19Julgamento-b0c.pdf\">19a Sess\u00e3o de Julgamento &#8211; Publica\u00e7\u00e3o: 13\/05\/2019<\/a><\/li>\n\n\n\n<li><a href=\"https:\/\/goias.gov.br\/meioambiente\/wp-content\/uploads\/sites\/33\/2015\/04\/270819_RelaProcessosJulgamento-f76.pdf\">20a Sess\u00e3o de Julgamento &#8211; Publica\u00e7\u00e3o: 12\/08\/2019<\/a><\/li>\n\n\n\n<li><a href=\"https:\/\/goias.gov.br\/meioambiente\/wp-content\/uploads\/sites\/33\/2015\/04\/161019_RelaProcessosJulgamento-2af.pdf\">21a Sess\u00e3o de Julgamento &#8211; Publica\u00e7\u00e3o: 04\/10\/2019<\/a><\/li>\n\n\n\n<li><a href=\"https:\/\/goias.gov.br\/meioambiente\/wp-content\/uploads\/sites\/33\/2015\/04\/221019_RelaProcessosJulgamento.pdf-c48.pdf\">21a Sess\u00e3o de Julgamento &#8211; Publica\u00e7\u00e3o: 07\/10\/2019<\/a>&nbsp;&#8211;&nbsp;Redesignada\/Adiada<\/li>\n\n\n\n<li><a href=\"https:\/\/goias.gov.br\/meioambiente\/wp-content\/uploads\/sites\/33\/2015\/04\/Relacao_Processos_22_Sessao_Julgamento-943.pdf\">22a Sess\u00e3o de Julgamento &#8211; Publica\u00e7\u00e3o: 25\/11\/2019<\/a><\/li>\n\n\n\n<li><a href=\"https:\/\/goias.gov.br\/meioambiente\/wp-content\/uploads\/sites\/33\/2015\/04\/RelacaodeProcessos23aSessaodeJulgamento-c4e.pdf\">23a Sess\u00e3o de Julgamento &#8211; Publica\u00e7\u00e3o: 27\/01\/2020<\/a><\/li>\n\n\n\n<li><a href=\"https:\/\/goias.gov.br\/meioambiente\/wp-content\/uploads\/sites\/33\/2015\/04\/Relacao_Julgamento_Semad_13marco-e80.pdf\">24a Sess\u00e3o de Julgamento &#8211; Publica\u00e7\u00e3o: 13\/03\/2020<\/a><\/li>\n\n\n\n<li><a href=\"https:\/\/goias.gov.br\/meioambiente\/wp-content\/uploads\/sites\/33\/2015\/04\/04052020_Relacao_Processos_Julgamento-242.pdf\">25a Sess\u00e3o de Julgamento &#8211; Publica\u00e7\u00e3o: 04\/05\/2020<\/a><\/li>\n\n\n\n<li><a href=\"https:\/\/goias.gov.br\/meioambiente\/wp-content\/uploads\/sites\/33\/2015\/04\/26Sessao_Pauta_COMJUR_agosto_2020-39d.pdf\">26a Sess\u00e3o de Julgamento &#8211; Publica\u00e7\u00e3o: 07\/08\/2020<\/a><\/li>\n\n\n\n<li><a href=\"https:\/\/goias.gov.br\/meioambiente\/wp-content\/uploads\/sites\/33\/2015\/04\/27Sessao_Pauta_COMJUR_novembro_2020-f10.pdf\" target=\"_blank\" rel=\"noopener\">27a Sess\u00e3o de Julgamento &#8211; Publica\u00e7\u00e3o: 06\/11\/2020<\/a><\/li>\n\n\n\n<li><a href=\"https:\/\/goias.gov.br\/meioambiente\/wp-content\/uploads\/sites\/33\/2015\/04\/Rel_Processos_Comjur_set_22-e48.pdf\" target=\"_blank\" rel=\"noopener\">28a Sess\u00e3o de Julgamento &#8211; Publica\u00e7\u00e3o: 09\/09\/2022<\/a><\/li>\n\n\n\n<li><a href=\"https:\/\/goias.gov.br\/meioambiente\/wp-content\/uploads\/sites\/33\/2015\/04\/Conjur_08_23-ec0.pdf\" target=\"_blank\" rel=\"noopener\">29a Sess\u00e3o de Julgamento &#8211; Publica\u00e7\u00e3o: 04\/08\/2023<\/a><\/li>\n\n\n\n<li><a href=\"https:\/\/goias.gov.br\/meioambiente\/wp-content\/uploads\/sites\/33\/2015\/04\/Conjur_11_23.pdf-d72.pdf\" target=\"_blank\" rel=\"noopener\">30a Sess\u00e3o de Julgamento &#8211; Publica\u00e7\u00e3o: 01\/11\/2023<\/a><\/li>\n\n\n\n<li><a href=\"https:\/\/goias.gov.br\/meioambiente\/wp-content\/uploads\/sites\/33\/2024\/05\/Conjur_31_Sessao_Julgamento.pdf\" data-type=\"attachment\" data-id=\"30105\">31a Sess\u00e3o de Julgamento &#8211; Publica\u00e7\u00e3o: 07\/05\/2024<\/a><\/li>\n\n\n\n<li><a href=\"https:\/\/goias.gov.br\/meioambiente\/wp-content\/uploads\/sites\/33\/2024\/08\/Pauta-da-Sessao-da-COMJUR-Agosto-de-2024.pdf\" target=\"_blank\" data-type=\"attachment\" data-id=\"30105\" rel=\"noreferrer noopener\">32a Sess\u00e3o de Julgamento &#8211; Publica\u00e7\u00e3o: 14\/08\/2024<\/a><\/li>\n\n\n\n<li><a href=\"https:\/\/goias.gov.br\/meioambiente\/wp-content\/uploads\/sites\/33\/2024\/10\/Pauta-da-Sessao-da-COMJUR-Outubro-de-2024.pdf\" data-type=\"attachment\" data-id=\"30105\" target=\"_blank\" rel=\"noreferrer noopener\">33a Sess\u00e3o de Julgamento &#8211; Publica\u00e7\u00e3o: 10\/10\/2024<\/a><\/li>\n\n\n\n<li><a href=\"https:\/\/drive.google.com\/file\/d\/1jXhQrMCMnAvRikFD3mnyJoDW7QNgRTAc\/view?usp=sharing\">34a Sess\u00e3o de Julgamento &#8211; Publica\u00e7\u00e3o: 03\/12\/2024<\/a><\/li>\n\n\n\n<li><a href=\"https:\/\/goias.gov.br\/meioambiente\/wp-content\/uploads\/sites\/33\/2025\/02\/Pauta-de-Reuniao-COMJUR-fev-25.pdf\" data-type=\"link\" data-id=\"https:\/\/goias.gov.br\/meioambiente\/wp-content\/uploads\/sites\/33\/2025\/02\/Pauta-de-Reuniao-COMJUR-fev-25.pdf\">35a Sess\u00e3o de Julgamento &#8211; Publica\u00e7\u00e3o: 03\/02\/2025<\/a><\/li>\n\n\n\n<li><a href=\"https:\/\/goias.gov.br\/meioambiente\/wp-content\/uploads\/sites\/33\/2025\/03\/Sessao-da-Comjur-04-25.pdf\">36a Sess\u00e3o de Julgamento &#8211; Publica\u00e7\u00e3o: 21\/03\/2025<\/a><\/li>\n\n\n\n<li><a href=\"https:\/\/goias.gov.br\/meioambiente\/wp-content\/uploads\/sites\/33\/2025\/05\/Pauta-da-Sessao-Maio-25.pdf\">37a Sess\u00e3o de Julgamento &#8211; Publica\u00e7\u00e3o: 12\/05\/2025<\/a><\/li>\n\n\n\n<li><a href=\"https:\/\/goias.gov.br\/meioambiente\/wp-content\/uploads\/sites\/33\/2025\/08\/Pauta-da-Sessao-Agosto-25-Assinada.pdf\">38a Sess\u00e3o de Julgamento &#8211; Publica\u00e7\u00e3o: 06\/08\/2025<\/a><\/li>\n\n\n\n<li><a href=\"https:\/\/goias.gov.br\/meioambiente\/wp-content\/uploads\/sites\/33\/2025\/10\/Pauta-da-Sessao-Outubro-25-Assinada.pdf\">39a Sess\u00e3o de Julgamento &#8211; Publica\u00e7\u00e3o: 06\/10\/2025<\/a><\/li>\n\n\n\n<li><a href=\"https:\/\/goias.gov.br\/meioambiente\/wp-content\/uploads\/sites\/33\/2026\/01\/Pauta-da-Sessao-Jan-26-Assinada.pdf\">40a Sess\u00e3o de Julgamento &#8211; Publica\u00e7\u00e3o: 05\/01\/2026<\/a><\/li>\n\n\n\n<li><a href=\"https:\/\/goias.gov.br\/meioambiente\/wp-content\/uploads\/sites\/33\/2026\/03\/Pauta-da-Sessao-Marco-26-Assinada.pdf\">41a Sess\u00e3o de Julgamento &#8211; Publica\u00e7\u00e3o: 13\/03\/2026<\/a><a href=\"https:\/\/goias.gov.br\/meioambiente\/wp-content\/uploads\/sites\/33\/2025\/10\/Pauta-da-Sessao-Outubro-25-Assinada.pdf\"><br><\/a><\/li>\n<\/ul>\n\n\n\n<p><strong>EXTRATOS DAS DECIS\u00d5ES<\/strong><\/p>\n\n\n\n<ul class=\"wp-block-list\">\n<li><a href=\"https:\/\/goias.gov.br\/meioambiente\/wp-content\/uploads\/sites\/33\/2015\/04\/sessao_1_-_extratos_julgamentos-c9b.pdf\">1a Sess\u00e3o de Julgamento &#8211; Publica\u00e7\u00e3o: 23\/04\/2014<\/a><\/li>\n\n\n\n<li><a href=\"https:\/\/goias.gov.br\/meioambiente\/wp-content\/uploads\/sites\/33\/2015\/04\/sessao_2_-_extratos_julgamentos-cb6.pdf\">2a Sess\u00e3o de Julgamento &#8211; Publica\u00e7\u00e3o: 25\/07\/2014<\/a><\/li>\n\n\n\n<li><a href=\"https:\/\/goias.gov.br\/meioambiente\/wp-content\/uploads\/sites\/33\/2015\/04\/sessao_3_-_extrato_julgamentos-df0.pdf\">3a Sess\u00e3o de Julgamento &#8211; Publica\u00e7\u00e3o: 28\/08\/2014<\/a><\/li>\n\n\n\n<li><a href=\"https:\/\/goias.gov.br\/meioambiente\/wp-content\/uploads\/sites\/33\/2015\/04\/sessao_4_-_extrato_julgamento-26d.pdf\">4a Sess\u00e3o de Julgamento &#8211; Publica\u00e7\u00e3o: 04\/09\/2014<\/a><\/li>\n\n\n\n<li><a href=\"https:\/\/goias.gov.br\/meioambiente\/wp-content\/uploads\/sites\/33\/2015\/04\/extrato-de-julgamento-03_10_20161-bfc.doc\">5a Sess\u00e3o de Julgamento &#8211; Publica\u00e7\u00e3o: 03\/10\/2016<\/a><\/li>\n\n\n\n<li><a href=\"https:\/\/goias.gov.br\/meioambiente\/wp-content\/uploads\/sites\/33\/2015\/04\/publicar-bb8.pdf\">6a Sess\u00e3o de Julgamento &#8211; Publica\u00e7\u00e3o: 27\/10\/2016<\/a><\/li>\n\n\n\n<li><a href=\"https:\/\/goias.gov.br\/meioambiente\/wp-content\/uploads\/sites\/33\/2015\/04\/extrato-da-7a_-sessao-de-julgamento-f79.pdf\">7a Sess\u00e3o de Julgamento &#8211; Publica\u00e7\u00e3o: 22\/12\/2016<\/a><\/li>\n\n\n\n<li><a href=\"https:\/\/goias.gov.br\/meioambiente\/wp-content\/uploads\/sites\/33\/2015\/04\/gcor-fc2.pdf\">8a Sess\u00e3o de Julgamento &#8211; Publica\u00e7\u00e3o: 12\/04\/2017<\/a><\/li>\n\n\n\n<li><a href=\"https:\/\/goias.gov.br\/meioambiente\/wp-content\/uploads\/sites\/33\/2015\/04\/julgamento-864.pdf\">9a Sess\u00e3o de Julgamento &#8211; Publica\u00e7\u00e3o: 18\/05\/2017<\/a><\/li>\n\n\n\n<li><a href=\"https:\/\/goias.gov.br\/meioambiente\/wp-content\/uploads\/sites\/33\/2015\/04\/extrato-da-10a_-decisAo-6d0.pdf\">10a Sess\u00e3o de Julgamento &#8211; Publica\u00e7\u00e3o: 11\/07\/2017<\/a><\/li>\n\n\n\n<li><a href=\"https:\/\/goias.gov.br\/meioambiente\/wp-content\/uploads\/sites\/33\/2015\/04\/gcor_2017_10_31_10_53_53_282-e40.pdf\">11a Sess\u00e3o de Julgamento &#8211; Publica\u00e7\u00e3o: 31\/10\/2017<\/a><\/li>\n\n\n\n<li><a href=\"https:\/\/drive.google.com\/file\/d\/11at4FoUSGzWYuYWTF5-aaKIsbWSppEuV\/view?usp=sharing\">12a Sess\u00e3o de Julgamento &#8211; Publica\u00e7\u00e3o: 07\/11\/2024<\/a><\/li>\n\n\n\n<li><a href=\"https:\/\/drive.google.com\/file\/d\/17JHOnkFciz23OPERQIvRWpzFvINutBIx\/view?usp=sharing\">13a Sess\u00e3o de Julgamento &#8211; Publica\u00e7\u00e3o: 07\/11\/2024<\/a><\/li>\n\n\n\n<li><a href=\"https:\/\/drive.google.com\/file\/d\/1N2tOfSJsLobf2kNoqMdFXoyhv6ts-HCz\/view?usp=sharing\">14a Sess\u00e3o de Julgamento &#8211; Publica\u00e7\u00e3o: 07\/11\/2024<\/a><\/li>\n\n\n\n<li><a id=\"\" title=\"\" href=\"https:\/\/goias.gov.br\/meioambiente\/wp-content\/uploads\/sites\/33\/2015\/04\/extrato15sessao-04b.pdf\" target=\"\" rel=\"noopener\">15a Sess\u00e3o de Julgamento &#8211; Publica\u00e7\u00e3o: 29\/10\/2018<\/a><\/li>\n\n\n\n<li><a href=\"https:\/\/drive.google.com\/file\/d\/16nd94CxM_4DLQMelOHIbn8nfh-tVQ6Or\/view?usp=sharing\">17a Sess\u00e3o de Julgamento &#8211; Publica\u00e7\u00e3o: 07\/11\/2024<\/a><\/li>\n\n\n\n<li><a href=\"https:\/\/drive.google.com\/file\/d\/1enA_FIE1uGR4xIzX8S-eAiHkUFh6pn-a\/view?usp=sharing\">18a Sess\u00e3o de Julgamento &#8211; Publica\u00e7\u00e3o: 07\/11\/2024<\/a><\/li>\n\n\n\n<li><a href=\"https:\/\/drive.google.com\/file\/d\/1qBa3iTIVnT2D-GDDSFlAIg0Pod5Gv8HV\/view?usp=sharing\">20a Sess\u00e3o de Julgamento &#8211; Publica\u00e7\u00e3o: 07\/11\/2024<\/a><\/li>\n\n\n\n<li><a href=\"https:\/\/drive.google.com\/file\/d\/1vbsC1qMmd3wFNnnN9hysd_vhmVV67el-\/view?usp=sharing\">21a Sess\u00e3o de Julgamento &#8211; Publica\u00e7\u00e3o: 07\/11\/2024<\/a><\/li>\n\n\n\n<li><a href=\"https:\/\/drive.google.com\/file\/d\/1sBwwItxTWfI_Ae9-ZwvflCmA6wuCfATz\/view?usp=sharing\">22a Sess\u00e3o de Julgamento &#8211; Publica\u00e7\u00e3o: 07\/11\/2024<\/a><\/li>\n\n\n\n<li><a href=\"https:\/\/drive.google.com\/file\/d\/16yCNYnQx1GkjBzS7WNogimb0i9VxAcc2\/view?usp=sharing\">23a Sess\u00e3o de Julgamento &#8211; Publica\u00e7\u00e3o: 07\/11\/2024<\/a><\/li>\n\n\n\n<li><a href=\"https:\/\/drive.google.com\/file\/d\/1dJ95GkphQ-0zvEw-ixabtOxhbAcs72Ea\/view?usp=sharing\">24a Sess\u00e3o de Julgamento &#8211; Publica\u00e7\u00e3o: 07\/11\/2024<\/a><\/li>\n\n\n\n<li><a href=\"https:\/\/drive.google.com\/file\/d\/1d1fCKKG3vF-Qb02inlaxlamnucfkqseH\/view?usp=sharing\">25a Sess\u00e3o de Julgamento &#8211; Publica\u00e7\u00e3o: 07\/11\/2024<\/a><\/li>\n\n\n\n<li><a href=\"https:\/\/drive.google.com\/file\/d\/1qQyol6vQFkKTcrR-jGa2bI66AYqA58KT\/view?usp=drive_link\">26a Sess\u00e3o de Julgamento &#8211; Publica\u00e7\u00e3o: 07\/11\/2024<\/a><\/li>\n\n\n\n<li><a href=\"https:\/\/drive.google.com\/file\/d\/1jhlU3OeKU2WNIMETTvGLW7zCO-bi5gE0\/view?usp=sharing\">27a Sess\u00e3o de Julgamento &#8211; Publica\u00e7\u00e3o: 07\/11\/2024<\/a><\/li>\n\n\n\n<li><a href=\"https:\/\/drive.google.com\/file\/d\/1Yke7BApCIPKhyHWAwgjwyBqYwLC-T7Pz\/view?usp=sharing\">28a Sess\u00e3o de Julgamento &#8211; Publica\u00e7\u00e3o: 07\/11\/2024<\/a><\/li>\n\n\n\n<li><a href=\"https:\/\/drive.google.com\/file\/d\/1qBa3iTIVnT2D-GDDSFlAIg0Pod5Gv8HV\/view?usp=sharing\">29a Sess\u00e3o de Julgamento &#8211; Publica\u00e7\u00e3o: 07\/11\/2024<\/a><\/li>\n\n\n\n<li><a href=\"https:\/\/drive.google.com\/file\/d\/1kFpluo4D1ESAjEvgiDthEkmJXW5RkosO\/view?usp=sharing\">30a Sess\u00e3o de Julgamento &#8211; Publica\u00e7\u00e3o: 07\/11\/2024<\/a><\/li>\n\n\n\n<li><a href=\"https:\/\/drive.google.com\/file\/d\/1WY-Zcu60ixKBnZ6aAdMDyW9imZTC781W\/view?usp=sharing\" target=\"_blank\" rel=\"noreferrer noopener nofollow sponsored\">31a Sess\u00e3o de Julgamento &#8211; Publica\u00e7\u00e3o: 07\/11\/2024<\/a><\/li>\n\n\n\n<li><a href=\"https:\/\/drive.google.com\/file\/d\/1C1c96YcM0AlT0zoyX7eL9qNRClnyA945\/view?usp=sharing\">32a Sess\u00e3o de Julgamento &#8211; Publica\u00e7\u00e3o: 07\/11\/2024<\/a><\/li>\n\n\n\n<li><a href=\"https:\/\/drive.google.com\/file\/d\/1Hi17L4yr3K8Cig6s26BTQEYeCKArffal\/view?usp=sharing\" target=\"_blank\" rel=\"noreferrer noopener nofollow sponsored\">33a Sess\u00e3o de Julgamento &#8211; Publica\u00e7\u00e3o: 07\/11\/2024<\/a><\/li>\n\n\n\n<li><a href=\"https:\/\/goias.gov.br\/meioambiente\/wp-content\/uploads\/sites\/33\/2025\/04\/34.pdf\">34a Sess\u00e3o de Julgamento &#8211; Publica\u00e7\u00e3o: 18, 19 e 20\/12\/2025<\/a><\/li>\n\n\n\n<li><a href=\"https:\/\/goias.gov.br\/meioambiente\/wp-content\/uploads\/sites\/33\/2025\/04\/35.pdf\">35a Sess\u00e3o de Julgamento &#8211; Publica\u00e7\u00e3o: 18, 19 e 20\/02\/2025<\/a><\/li>\n\n\n\n<li><a href=\"https:\/\/goias.gov.br\/meioambiente\/wp-content\/uploads\/sites\/33\/2025\/04\/36.pdf\">36a Sess\u00e3o de Julgamento &#8211; Publica\u00e7\u00e3o: 07\/04\/2025<\/a><\/li>\n<\/ul>\n\n\n\n<p><\/p>\n\n\n\n<p><\/p>\n","protected":false},"excerpt":{"rendered":"<p>Da decis\u00e3o proferida pela 1\u00aa Inst\u00e2ncia Julgadora cabe recurso \u00e0 Comiss\u00e3o Julgadora de Recursos, 2\u00aa e \u00faltima Inst\u00e2ncia.<\/p>\n","protected":false},"author":7,"featured_media":0,"comment_status":"closed","ping_status":"open","sticky":false,"template":"","format":"standard","meta":{"footnotes":"","_links_to":"","_links_to_target":""},"categories":[6],"tags":[],"class_list":["post-24270","post","type-post","status-publish","format-standard","hentry","category-infracoes-ambientais"],"rttpg_featured_image_url":null,"rttpg_author":{"display_name":"gustavogoncalves","author_link":"https:\/\/goias.gov.br\/meioambiente\/author\/gustavogoncalves\/"},"rttpg_comment":0,"rttpg_category":"<a href=\"https:\/\/goias.gov.br\/meioambiente\/categoria\/meio-ambiente\/infracoes-ambientais\/\" rel=\"category tag\">Julgamento de Processos<\/a>","rttpg_excerpt":"Da decis\u00e3o proferida pela 1\u00aa Inst\u00e2ncia Julgadora cabe recurso \u00e0 Comiss\u00e3o Julgadora de Recursos, 2\u00aa e \u00faltima Inst\u00e2ncia.","_links":{"self":[{"href":"https:\/\/goias.gov.br\/meioambiente\/wp-json\/wp\/v2\/posts\/24270","targetHints":{"allow":["GET"]}}],"collection":[{"href":"https:\/\/goias.gov.br\/meioambiente\/wp-json\/wp\/v2\/posts"}],"about":[{"href":"https:\/\/goias.gov.br\/meioambiente\/wp-json\/wp\/v2\/types\/post"}],"author":[{"embeddable":true,"href":"https:\/\/goias.gov.br\/meioambiente\/wp-json\/wp\/v2\/users\/7"}],"replies":[{"embeddable":true,"href":"https:\/\/goias.gov.br\/meioambiente\/wp-json\/wp\/v2\/comments?post=24270"}],"version-history":[{"count":2,"href":"https:\/\/goias.gov.br\/meioambiente\/wp-json\/wp\/v2\/posts\/24270\/revisions"}],"predecessor-version":[{"id":316209,"href":"https:\/\/goias.gov.br\/meioambiente\/wp-json\/wp\/v2\/posts\/24270\/revisions\/316209"}],"wp:attachment":[{"href":"https:\/\/goias.gov.br\/meioambiente\/wp-json\/wp\/v2\/media?parent=24270"}],"wp:term":[{"taxonomy":"category","embeddable":true,"href":"https:\/\/goias.gov.br\/meioambiente\/wp-json\/wp\/v2\/categories?post=24270"},{"taxonomy":"post_tag","embeddable":true,"href":"https:\/\/goias.gov.br\/meioambiente\/wp-json\/wp\/v2\/tags?post=24270"}],"curies":[{"name":"wp","href":"https:\/\/api.w.org\/{rel}","templated":true}]}}