

{"id":205509,"date":"2025-10-15T16:11:41","date_gmt":"2025-10-15T19:11:41","guid":{"rendered":"https:\/\/goias.gov.br\/meioambiente\/?p=205509"},"modified":"2025-10-15T16:26:55","modified_gmt":"2025-10-15T19:26:55","slug":"com-aprovacao-nacional-goias-avanca-na-venda-de-creditos-de-carbono","status":"publish","type":"post","link":"https:\/\/goias.gov.br\/meioambiente\/com-aprovacao-nacional-goias-avanca-na-venda-de-creditos-de-carbono\/","title":{"rendered":"Com aprova\u00e7\u00e3o nacional, Goi\u00e1s avan\u00e7a na venda de cr\u00e9ditos de carbono"},"content":{"rendered":"\n<p><em>Aprova\u00e7\u00e3o da Comiss\u00e3o Nacional para REDD+ habilita Goi\u00e1s a acessar pagamentos por resultados ambientais, conforme acordos internacionais de clima<\/em><\/p>\n\n\n\n<p>Goi\u00e1s deu um passo importante, nesta ter\u00e7a-feira (14\/10), rumo \u00e0 participa\u00e7\u00e3o no mercado de cr\u00e9ditos de carbono. A aprova\u00e7\u00e3o da elegibilidade pela Comiss\u00e3o Nacional para REDD+ (CONAREDD+) reconhece os resultados alcan\u00e7ados pelo Estado na redu\u00e7\u00e3o do desmatamento ilegal e nas pol\u00edticas de conserva\u00e7\u00e3o do Cerrado, e o torna apto a acessar pagamentos por resultados ambientais, conforme acordos internacionais de clima.<\/p>\n\n\n\n<p>Cr\u00e9ditos de carbono s\u00e3o certificados que representam a redu\u00e7\u00e3o ou remo\u00e7\u00e3o de gases de efeito estufa da atmosfera. Nesse sistema, quem reduz o desmatamento, recupera \u00e1reas degradadas ou investe em energia limpa pode gerar cr\u00e9ditos e negoci\u00e1-los com pa\u00edses ou empresas que ainda n\u00e3o conseguiram reduzir suas pr\u00f3prias emiss\u00f5es, ajudando a compensar o impacto ambiental e incentivar pr\u00e1ticas mais sustent\u00e1veis.<\/p>\n\n\n\n<p>Nesse contexto, o reconhecimento da CONAREDD+ atesta que Goi\u00e1s caminha pelo desenvolvimento econ\u00f4mico sustent\u00e1vel. J\u00e1 que, a partir da elegibilidade, o Estado poder\u00e1 acessar investimentos internacionais vinculados aos resultados ambientais obtidos, fortalecendo o Cerrado como ativo estrat\u00e9gico para o futuro verde do pa\u00eds.<\/p>\n\n\n\n<p>Atualmente, a Semad estuda a metodologia que far\u00e1 a mensura\u00e7\u00e3o do carbono evitado em Goi\u00e1s. \u00c9 a partir desse c\u00e1lculo, baseado no quanto o Estado conseguiu preservar, que ser\u00e1 poss\u00edvel definir o volume de cr\u00e9ditos de carbono e o valor a ser acessado.<\/p>\n\n\n\n<p>Durante a defesa, a secret\u00e1ria de Meio Ambiente e Desenvolvimento Sustent\u00e1vel, Andrea Vulcanis, destacou os avan\u00e7os obtidos nos \u00faltimos anos com pol\u00edticas integradas de combate ao desmatamento, incentivo \u00e0 preserva\u00e7\u00e3o e fortalecimento da governan\u00e7a ambiental. \u201c\u00c9 o reconhecimento de um modelo que alia produ\u00e7\u00e3o, conserva\u00e7\u00e3o e inclus\u00e3o social\u201d, afirmou.<\/p>\n\n\n\n<p>Nos \u00faltimos anos, Goi\u00e1s reduziu em quase 73% a \u00e1rea queimada e aumentou em mais de 1.000% as a\u00e7\u00f5es de fiscaliza\u00e7\u00e3o ambiental, atingindo praticamente 100% dos alertas de desmatamento fiscalizados. Segundo Vulcanis, os instrumentos que contribu\u00edram para os resultados est\u00e3o a Declara\u00e7\u00e3o Ambiental do Im\u00f3vel (Dai), que reduziu o desmatamento sem licen\u00e7a, e o Programa de Pagamento por Servi\u00e7os Ambientais Cerrado em P\u00e9, que destina milh\u00f5es de reais a produtores e comunidades tradicionais que preservam \u00e1reas nativas.<\/p>\n\n\n\n<p>A secret\u00e1ria tamb\u00e9m ressaltou que Goi\u00e1s implantou o novo Sistema de Cadastro Ambiental Rural (Sigcar), em que todas as an\u00e1lises do cadastro rural ser\u00e3o realizadas no sistema estadual, eliminando a necessidade de processos em separado, e investiu em um plano integrado de preven\u00e7\u00e3o e combate a inc\u00eandios florestais, com resultados expressivos.<\/p>\n\n\n\n<p>\u201cEsses n\u00fameros comprovam o esfor\u00e7o de Goi\u00e1s em alinhar crescimento econ\u00f4mico e conserva\u00e7\u00e3o ambiental. Estamos prontos para transformar resultados ambientais em novas oportunidades de investimento para o Estado\u201d, completou.<\/p>\n\n\n\n<p>Na vis\u00e3o de Vulcanis, o reconhecimento da CONAREDD+ \u00e9 relevante por colocar o Cerrado no centro da agenda global de clima e florestas. Isso porque, o Cerrado \u00e9 o segundo maior bioma do Brasil e ber\u00e7o das \u00e1guas do pa\u00eds. Goi\u00e1s tem cerca de um ter\u00e7o de seu territ\u00f3rio coberto por vegeta\u00e7\u00e3o nativa, o que refor\u00e7a o potencial do Estado em gerar resultados ambientais com impacto real na mitiga\u00e7\u00e3o das mudan\u00e7as clim\u00e1ticas.<\/p>\n\n\n\n<div data-wp-interactive=\"core\/file\" class=\"wp-block-file\"><object data-wp-bind--hidden=\"!state.hasPdfPreview\" hidden class=\"wp-block-file__embed\" data=\"https:\/\/goias.gov.br\/meioambiente\/wp-content\/uploads\/sites\/33\/2025\/10\/2025_10_03_Nota-Informativa-Ajustada.pdf\" type=\"application\/pdf\" style=\"width:100%;height:600px\" aria-label=\"Incorporado de 2025_10_03_Nota Informativa Ajustada.\"><\/object><a id=\"wp-block-file--media-d205f331-4b3e-4337-8a7c-d4e7ff540135\" href=\"https:\/\/goias.gov.br\/meioambiente\/wp-content\/uploads\/sites\/33\/2025\/10\/2025_10_03_Nota-Informativa-Ajustada.pdf\">2025_10_03_Nota Informativa Ajustada<\/a><a href=\"https:\/\/goias.gov.br\/meioambiente\/wp-content\/uploads\/sites\/33\/2025\/10\/2025_10_03_Nota-Informativa-Ajustada.pdf\" class=\"wp-block-file__button wp-element-button\" download aria-describedby=\"wp-block-file--media-d205f331-4b3e-4337-8a7c-d4e7ff540135\">Baixar<\/a><\/div>\n\n\n\n<p><em>Fotos: Semad<\/em><\/p>\n\n\n\n<p><em>Legenda: Goi\u00e1s avan\u00e7a na venda de cr\u00e9ditos de carbono a partir de elegibilidade concedida pela Comiss\u00e3o Nacional para REDD+<\/em><\/p>\n\n\n\n<p><strong>Secretaria Estadual de Meio Ambiente e Desenvolvimento Sustent\u00e1vel &#8211; Governo de Goi\u00e1s<\/strong><\/p>\n","protected":false},"excerpt":{"rendered":"<p>Aprova\u00e7\u00e3o da Comiss\u00e3o Nacional para REDD+ habilita Goi\u00e1s a acessar pagamentos por resultados ambientais, conforme acordos internacionais de clima Goi\u00e1s deu um passo importante, nesta ter\u00e7a-feira (14\/10), rumo \u00e0 participa\u00e7\u00e3o no mercado de cr\u00e9ditos de carbono. A aprova\u00e7\u00e3o da elegibilidade pela Comiss\u00e3o Nacional para REDD+ (CONAREDD+) reconhece os resultados alcan\u00e7ados pelo Estado na redu\u00e7\u00e3o do [&hellip;]<\/p>\n","protected":false},"author":684,"featured_media":205518,"comment_status":"closed","ping_status":"open","sticky":false,"template":"","format":"standard","meta":{"footnotes":"","_links_to":"","_links_to_target":""},"categories":[2],"tags":[498,499,500],"class_list":["post-205509","post","type-post","status-publish","format-standard","has-post-thumbnail","hentry","category-noticias","tag-creditos-de-carbono","tag-mudancas-climaticas","tag-redd"],"rttpg_featured_image_url":{"full":["https:\/\/goias.gov.br\/meioambiente\/wp-content\/uploads\/sites\/33\/2025\/10\/DJI_0848.jpg",4000,2250,false],"landscape":["https:\/\/goias.gov.br\/meioambiente\/wp-content\/uploads\/sites\/33\/2025\/10\/DJI_0848.jpg",4000,2250,false],"portraits":["https:\/\/goias.gov.br\/meioambiente\/wp-content\/uploads\/sites\/33\/2025\/10\/DJI_0848.jpg",4000,2250,false],"thumbnail":["https:\/\/goias.gov.br\/meioambiente\/wp-content\/uploads\/sites\/33\/2025\/10\/DJI_0848-150x150.jpg",150,150,true],"medium":["https:\/\/goias.gov.br\/meioambiente\/wp-content\/uploads\/sites\/33\/2025\/10\/DJI_0848-300x169.jpg",300,169,true],"large":["https:\/\/goias.gov.br\/meioambiente\/wp-content\/uploads\/sites\/33\/2025\/10\/DJI_0848-1024x576.jpg",1024,576,true],"1536x1536":["https:\/\/goias.gov.br\/meioambiente\/wp-content\/uploads\/sites\/33\/2025\/10\/DJI_0848-1536x864.jpg",1536,864,true],"2048x2048":["https:\/\/goias.gov.br\/meioambiente\/wp-content\/uploads\/sites\/33\/2025\/10\/DJI_0848-2048x1152.jpg",2048,1152,true]},"rttpg_author":{"display_name":"","author_link":"https:\/\/goias.gov.br\/meioambiente\/author\/"},"rttpg_comment":0,"rttpg_category":"<a href=\"https:\/\/goias.gov.br\/meioambiente\/categoria\/noticias\/\" rel=\"category tag\">Not\u00edcias<\/a>","rttpg_excerpt":"Aprova\u00e7\u00e3o da Comiss\u00e3o Nacional para REDD+ habilita Goi\u00e1s a acessar pagamentos por resultados ambientais, conforme acordos internacionais de clima Goi\u00e1s deu um passo importante, nesta ter\u00e7a-feira (14\/10), rumo \u00e0 participa\u00e7\u00e3o no mercado de cr\u00e9ditos de carbono. A aprova\u00e7\u00e3o da elegibilidade pela Comiss\u00e3o Nacional para REDD+ (CONAREDD+) reconhece os resultados alcan\u00e7ados pelo Estado na redu\u00e7\u00e3o do&hellip;","_links":{"self":[{"href":"https:\/\/goias.gov.br\/meioambiente\/wp-json\/wp\/v2\/posts\/205509","targetHints":{"allow":["GET"]}}],"collection":[{"href":"https:\/\/goias.gov.br\/meioambiente\/wp-json\/wp\/v2\/posts"}],"about":[{"href":"https:\/\/goias.gov.br\/meioambiente\/wp-json\/wp\/v2\/types\/post"}],"author":[{"embeddable":true,"href":"https:\/\/goias.gov.br\/meioambiente\/wp-json\/wp\/v2\/users\/684"}],"replies":[{"embeddable":true,"href":"https:\/\/goias.gov.br\/meioambiente\/wp-json\/wp\/v2\/comments?post=205509"}],"version-history":[{"count":2,"href":"https:\/\/goias.gov.br\/meioambiente\/wp-json\/wp\/v2\/posts\/205509\/revisions"}],"predecessor-version":[{"id":205559,"href":"https:\/\/goias.gov.br\/meioambiente\/wp-json\/wp\/v2\/posts\/205509\/revisions\/205559"}],"wp:featuredmedia":[{"embeddable":true,"href":"https:\/\/goias.gov.br\/meioambiente\/wp-json\/wp\/v2\/media\/205518"}],"wp:attachment":[{"href":"https:\/\/goias.gov.br\/meioambiente\/wp-json\/wp\/v2\/media?parent=205509"}],"wp:term":[{"taxonomy":"category","embeddable":true,"href":"https:\/\/goias.gov.br\/meioambiente\/wp-json\/wp\/v2\/categories?post=205509"},{"taxonomy":"post_tag","embeddable":true,"href":"https:\/\/goias.gov.br\/meioambiente\/wp-json\/wp\/v2\/tags?post=205509"}],"curies":[{"name":"wp","href":"https:\/\/api.w.org\/{rel}","templated":true}]}}