

{"id":203538,"date":"2025-10-09T16:08:00","date_gmt":"2025-10-09T19:08:00","guid":{"rendered":"https:\/\/goias.gov.br\/meioambiente\/?p=203538"},"modified":"2025-10-13T10:50:52","modified_gmt":"2025-10-13T13:50:52","slug":"o-cerrado-tambem-precisa-ser-reconhecido-e-financiado-defende-vulcanis-na-cop30-cerrados","status":"publish","type":"post","link":"https:\/\/goias.gov.br\/meioambiente\/o-cerrado-tambem-precisa-ser-reconhecido-e-financiado-defende-vulcanis-na-cop30-cerrados\/","title":{"rendered":"\u201cO Cerrado tamb\u00e9m precisa ser reconhecido e financiado\u201d, defende Vulcanis na COP30 Cerrados"},"content":{"rendered":"\n<p><em>Estados articulam proposta de cria\u00e7\u00e3o de fundo internacional para o Cerrado<\/em><\/p>\n\n\n\n<p>Durante a COP30 Cerrados, realizada nesta quinta-feira (9\/10), em Brasilia, a secret\u00e1ria de Meio Ambiente e Desenvolvimento Sustent\u00e1vel de Goi\u00e1s, Andr\u00e9a Vulcanis, defendeu que o Brasil e a comunidade internacional precisam voltar o olhar para al\u00e9m da Amaz\u00f4nia e reconhecer o papel estrat\u00e9gico do Cerrado na agenda clim\u00e1tica global.<\/p>\n\n\n\n<p>A declara\u00e7\u00e3o veio no momento em que os estados do bioma articulam, de forma conjunta, a cria\u00e7\u00e3o de um fundo internacional espec\u00edfico para o Cerrado, proposta que ser\u00e1 levada pelos governos subnacionais \u00e0 pr\u00f3xima Confer\u00eancia das Partes da ONU sobre Mudan\u00e7as Clim\u00e1ticas (COP).<\/p>\n\n\n\n<p>\u201cN\u00e3o podemos mais pensar o Brasil s\u00f3 a partir da Amaz\u00f4nia. O Cerrado tamb\u00e9m precisa ser reconhecido e financiado\u201d, afirmou Vulcanis.<\/p>\n\n\n\n<p>Segundo a secret\u00e1ria, o fundo tem o objetivo de destinar recursos diretos \u00e0s a\u00e7\u00f5es de conserva\u00e7\u00e3o, restaura\u00e7\u00e3o e desenvolvimento sustent\u00e1vel nos territ\u00f3rios do Cerrado, garantindo condi\u00e7\u00f5es justas de financiamento clim\u00e1tico aos estados que t\u00eam contribu\u00eddo efetivamente para a redu\u00e7\u00e3o de emiss\u00f5es.<\/p>\n\n\n\n<p>\u201cOs outros pa\u00edses n\u00e3o podem enxergar o financiamento clim\u00e1tico apenas pela Amaz\u00f4nia. O Cerrado abriga popula\u00e7\u00f5es, atividades produtivas e ecossistemas fundamentais ao equil\u00edbrio h\u00eddrico do pa\u00eds\u201d, argumentou.<\/p>\n\n\n\n<figure class=\"wp-block-image size-large\"><img fetchpriority=\"high\" decoding=\"async\" width=\"1024\" height=\"768\" src=\"https:\/\/goias.gov.br\/meioambiente\/wp-content\/uploads\/sites\/33\/2025\/10\/IMG_1421-1024x768.jpg\" alt=\"\" class=\"wp-image-203552\" srcset=\"https:\/\/goias.gov.br\/meioambiente\/wp-content\/uploads\/sites\/33\/2025\/10\/IMG_1421-1024x768.jpg 1024w, https:\/\/goias.gov.br\/meioambiente\/wp-content\/uploads\/sites\/33\/2025\/10\/IMG_1421-300x225.jpg 300w, https:\/\/goias.gov.br\/meioambiente\/wp-content\/uploads\/sites\/33\/2025\/10\/IMG_1421-768x576.jpg 768w, https:\/\/goias.gov.br\/meioambiente\/wp-content\/uploads\/sites\/33\/2025\/10\/IMG_1421-1536x1152.jpg 1536w, https:\/\/goias.gov.br\/meioambiente\/wp-content\/uploads\/sites\/33\/2025\/10\/IMG_1421-2048x1536.jpg 2048w, https:\/\/goias.gov.br\/meioambiente\/wp-content\/uploads\/sites\/33\/2025\/10\/IMG_1421-600x450.jpg 600w\" sizes=\"(max-width: 1024px) 100vw, 1024px\" \/><\/figure>\n\n\n\n<p>O debate ocorreu no painel \u201cGovernan\u00e7a e Pol\u00edticas P\u00fablicas para a Conserva\u00e7\u00e3o do Cerrado\u201d, que reuniu representantes dos estados que integram o Cons\u00f3rcio Brasil Central \u2014 Goi\u00e1s, Tocantins, Mato Grosso, Mato Grosso do Sul, Maranh\u00e3o, Distrito Federal e Rond\u00f4nia; e foi moderado pelo secret\u00e1rio executivo do cons\u00f3rcio, Jos\u00e9 Eduardo Pereira Filho. A mesa discutiu as estrat\u00e9gias estaduais de conserva\u00e7\u00e3o e desenvolvimento sustent\u00e1vel e destacou o papel do Cerrado na agenda clim\u00e1tica internacional.<\/p>\n\n\n\n<p>A secret\u00e1ria lembrou que, embora a formula\u00e7\u00e3o das pol\u00edticas nacionais esteja concentrada no governo federal, 90% da execu\u00e7\u00e3o das a\u00e7\u00f5es ambientais acontece nos estados, o que torna os governos subnacionais protagonistas da agenda clim\u00e1tica brasileira.<\/p>\n\n\n\n<p>\u201cOs estados foram fundamentais para que as pol\u00edticas de meio ambiente fossem sustentadas nas transi\u00e7\u00f5es pol\u00edticas dos \u00faltimos anos\u201d, afirmou.<\/p>\n\n\n\n<p>Ela ressaltou ainda que o bioma Cerrado historicamente foi deixado \u00e0 margem das pol\u00edticas p\u00fablicas nacionais. \u201cFoi sempre um bioma lateral, tanto que ficou de fora da Constitui\u00e7\u00e3o, enquanto Amaz\u00f4nia e Mata Atl\u00e2ntica foram reconhecidas como patrim\u00f4nio nacional\u201d, disse. Para ela, a realidade atual exige uma nova perspectiva, capaz de integrar produ\u00e7\u00e3o e conserva\u00e7\u00e3o, especialmente em regi\u00f5es com baixo \u00cdndice de Desenvolvimento Humano. \u201cOnde h\u00e1 mais Cerrado, h\u00e1 mais pobreza. O desafio \u00e9 olhar para esse territ\u00f3rio e entender que \u00e9 poss\u00edvel conservar e gerar oportunidades\u201d, pontuou.<\/p>\n\n\n\n<p>Cr\u00edtica ao modelo tradicional de comando e controle, Andr\u00e9a defendeu que a pol\u00edtica punitiva isolada j\u00e1 se mostrou ineficaz. \u201cEssa pol\u00edtica \u00e9 falida. Se executada de forma unilateral, sem apoio de outras a\u00e7\u00f5es, o resultado \u00e9 o agravamento dos problemas ambientais\u201d, afirmou. Em Goi\u00e1s, segundo ela, a estrat\u00e9gia foi integrar licenciamento, fiscaliza\u00e7\u00e3o, regulariza\u00e7\u00e3o e incentivo econ\u00f4mico.<\/p>\n\n\n\n<p>Entre os avan\u00e7os, Andr\u00e9a destacou a redu\u00e7\u00e3o do tempo m\u00e9dio de licenciamento ambiental, que caiu de sete anos para 80 dias, com processos 100% digitalizados e georreferenciados.<\/p>\n\n\n\n<figure class=\"wp-block-image size-large\"><img decoding=\"async\" width=\"1024\" height=\"768\" src=\"https:\/\/goias.gov.br\/meioambiente\/wp-content\/uploads\/sites\/33\/2025\/10\/IMG_1422-1024x768.jpg\" alt=\"\" class=\"wp-image-203551\" srcset=\"https:\/\/goias.gov.br\/meioambiente\/wp-content\/uploads\/sites\/33\/2025\/10\/IMG_1422-1024x768.jpg 1024w, https:\/\/goias.gov.br\/meioambiente\/wp-content\/uploads\/sites\/33\/2025\/10\/IMG_1422-300x225.jpg 300w, https:\/\/goias.gov.br\/meioambiente\/wp-content\/uploads\/sites\/33\/2025\/10\/IMG_1422-768x576.jpg 768w, https:\/\/goias.gov.br\/meioambiente\/wp-content\/uploads\/sites\/33\/2025\/10\/IMG_1422-1536x1152.jpg 1536w, https:\/\/goias.gov.br\/meioambiente\/wp-content\/uploads\/sites\/33\/2025\/10\/IMG_1422-2048x1536.jpg 2048w, https:\/\/goias.gov.br\/meioambiente\/wp-content\/uploads\/sites\/33\/2025\/10\/IMG_1422-600x450.jpg 600w\" sizes=\"(max-width: 1024px) 100vw, 1024px\" \/><\/figure>\n\n\n\n<p>A secret\u00e1ria tamb\u00e9m apresentou dados que colocam Goi\u00e1s entre os estados com maior redu\u00e7\u00e3o de desmatamento no pa\u00eds. \u201cReduzimos o desmatamento em 72% em 2024. Os n\u00fameros n\u00e3o mentem. Quando o licenciamento funciona, a degrada\u00e7\u00e3o cai\u201d, afirmou. O resultado foi impulsionado pela Lei n\u00ba 21.231\/2022, que instituiu a compensa\u00e7\u00e3o florestal obrigat\u00f3ria. \u201cQuem desmata sem licen\u00e7a, mas em \u00e1rea pass\u00edvel de regulariza\u00e7\u00e3o, precisa compensar dois hectares para cada um desmatado\u201d, explicou.<\/p>\n\n\n\n<p>Ela tamb\u00e9m destacou a implanta\u00e7\u00e3o do SIGCAR, sistema estadual do Cadastro Ambiental Rural que substitui a plataforma federal, e o Sistema Veredas, que garante transpar\u00eancia sobre disponibilidade e qualidade da \u00e1gua. \u201cSem informa\u00e7\u00e3o, ningu\u00e9m faz gest\u00e3o. Hoje o estado tem dados precisos sobre seus recursos h\u00eddricos, o que permite decis\u00f5es mais sustent\u00e1veis\u201d, pontuou.<\/p>\n\n\n\n<p>Al\u00e9m de a\u00e7\u00f5es de controle e inova\u00e7\u00e3o, Andr\u00e9a citou programas de mitiga\u00e7\u00e3o e adapta\u00e7\u00e3o clim\u00e1tica, como o Plano ABC+ Goi\u00e1s, o Goi\u00e1s Resiliente e o F\u00f3rum Goiano de Mudan\u00e7as Clim\u00e1ticas. \u201cN\u00e3o adianta plantar, cercar ou embargar se n\u00e3o mudarmos a cabe\u00e7a das pessoas. \u00c9 preciso envolver a mente de quem vive o territ\u00f3rio\u201d, afirmou, ao mencionar tamb\u00e9m o programa Juntos pelo Araguaia, que alia restaura\u00e7\u00e3o e educa\u00e7\u00e3o ambiental.<\/p>\n\n\n\n<p><em>Foto: Semad<\/em><\/p>\n\n\n\n<p><strong>Secretaria de Estado de Meio Ambiente e Desenvolvimento Sustent\u00e1vel &#8211; Governo de Goi\u00e1s<\/strong><\/p>\n","protected":false},"excerpt":{"rendered":"<p>Estados articulam proposta de cria\u00e7\u00e3o de fundo internacional para o Cerrado Durante a COP30 Cerrados, realizada nesta quinta-feira (9\/10), em Brasilia, a secret\u00e1ria de Meio Ambiente e Desenvolvimento Sustent\u00e1vel de Goi\u00e1s, Andr\u00e9a Vulcanis, defendeu que o Brasil e a comunidade internacional precisam voltar o olhar para al\u00e9m da Amaz\u00f4nia e reconhecer o papel estrat\u00e9gico do [&hellip;]<\/p>\n","protected":false},"author":684,"featured_media":203553,"comment_status":"closed","ping_status":"open","sticky":false,"template":"","format":"standard","meta":{"footnotes":"","_links_to":"","_links_to_target":""},"categories":[2],"tags":[38,55],"class_list":["post-203538","post","type-post","status-publish","format-standard","has-post-thumbnail","hentry","category-noticias","tag-meio-ambiente","tag-semad"],"rttpg_featured_image_url":{"full":["https:\/\/goias.gov.br\/meioambiente\/wp-content\/uploads\/sites\/33\/2025\/10\/IMG_1416.jpg",4011,3008,false],"landscape":["https:\/\/goias.gov.br\/meioambiente\/wp-content\/uploads\/sites\/33\/2025\/10\/IMG_1416.jpg",4011,3008,false],"portraits":["https:\/\/goias.gov.br\/meioambiente\/wp-content\/uploads\/sites\/33\/2025\/10\/IMG_1416.jpg",4011,3008,false],"thumbnail":["https:\/\/goias.gov.br\/meioambiente\/wp-content\/uploads\/sites\/33\/2025\/10\/IMG_1416-150x150.jpg",150,150,true],"medium":["https:\/\/goias.gov.br\/meioambiente\/wp-content\/uploads\/sites\/33\/2025\/10\/IMG_1416-300x225.jpg",300,225,true],"large":["https:\/\/goias.gov.br\/meioambiente\/wp-content\/uploads\/sites\/33\/2025\/10\/IMG_1416-1024x768.jpg",1024,768,true],"1536x1536":["https:\/\/goias.gov.br\/meioambiente\/wp-content\/uploads\/sites\/33\/2025\/10\/IMG_1416-1536x1152.jpg",1536,1152,true],"2048x2048":["https:\/\/goias.gov.br\/meioambiente\/wp-content\/uploads\/sites\/33\/2025\/10\/IMG_1416-2048x1536.jpg",2048,1536,true]},"rttpg_author":{"display_name":"","author_link":"https:\/\/goias.gov.br\/meioambiente\/author\/"},"rttpg_comment":0,"rttpg_category":"<a href=\"https:\/\/goias.gov.br\/meioambiente\/categoria\/noticias\/\" rel=\"category tag\">Not\u00edcias<\/a>","rttpg_excerpt":"Estados articulam proposta de cria\u00e7\u00e3o de fundo internacional para o Cerrado Durante a COP30 Cerrados, realizada nesta quinta-feira (9\/10), em Brasilia, a secret\u00e1ria de Meio Ambiente e Desenvolvimento Sustent\u00e1vel de Goi\u00e1s, Andr\u00e9a Vulcanis, defendeu que o Brasil e a comunidade internacional precisam voltar o olhar para al\u00e9m da Amaz\u00f4nia e reconhecer o papel estrat\u00e9gico do&hellip;","_links":{"self":[{"href":"https:\/\/goias.gov.br\/meioambiente\/wp-json\/wp\/v2\/posts\/203538","targetHints":{"allow":["GET"]}}],"collection":[{"href":"https:\/\/goias.gov.br\/meioambiente\/wp-json\/wp\/v2\/posts"}],"about":[{"href":"https:\/\/goias.gov.br\/meioambiente\/wp-json\/wp\/v2\/types\/post"}],"author":[{"embeddable":true,"href":"https:\/\/goias.gov.br\/meioambiente\/wp-json\/wp\/v2\/users\/684"}],"replies":[{"embeddable":true,"href":"https:\/\/goias.gov.br\/meioambiente\/wp-json\/wp\/v2\/comments?post=203538"}],"version-history":[{"count":1,"href":"https:\/\/goias.gov.br\/meioambiente\/wp-json\/wp\/v2\/posts\/203538\/revisions"}],"predecessor-version":[{"id":203560,"href":"https:\/\/goias.gov.br\/meioambiente\/wp-json\/wp\/v2\/posts\/203538\/revisions\/203560"}],"wp:featuredmedia":[{"embeddable":true,"href":"https:\/\/goias.gov.br\/meioambiente\/wp-json\/wp\/v2\/media\/203553"}],"wp:attachment":[{"href":"https:\/\/goias.gov.br\/meioambiente\/wp-json\/wp\/v2\/media?parent=203538"}],"wp:term":[{"taxonomy":"category","embeddable":true,"href":"https:\/\/goias.gov.br\/meioambiente\/wp-json\/wp\/v2\/categories?post=203538"},{"taxonomy":"post_tag","embeddable":true,"href":"https:\/\/goias.gov.br\/meioambiente\/wp-json\/wp\/v2\/tags?post=203538"}],"curies":[{"name":"wp","href":"https:\/\/api.w.org\/{rel}","templated":true}]}}