

{"id":156265,"date":"2025-08-25T09:05:57","date_gmt":"2025-08-25T12:05:57","guid":{"rendered":"https:\/\/goias.gov.br\/meioambiente\/?p=156265"},"modified":"2025-08-25T09:08:19","modified_gmt":"2025-08-25T12:08:19","slug":"semad-reforca-combate-a-incendio-nas-proximidades-do-parque-de-terra-ronca","status":"publish","type":"post","link":"https:\/\/goias.gov.br\/meioambiente\/semad-reforca-combate-a-incendio-nas-proximidades-do-parque-de-terra-ronca\/","title":{"rendered":"Semad refor\u00e7a combate a inc\u00eandio nas proximidades do Parque de Terra Ronca"},"content":{"rendered":"\n<p><em>Inc\u00eandio consumiu quase 25 mil hectares no munic\u00edpio de S\u00e3o Domingos<\/em><\/p>\n\n\n\n<p>A Secretaria de Estado de Meio Ambiente e Desenvolvimento Sustent\u00e1vel (Semad) destacou um efetivo de 15 brigadistas sob o seu comando para auxiliar o Corpo de Bombeiros no combate a um inc\u00eandio que teve in\u00edcio no dia 20 de agosto no munic\u00edpio de S\u00e3o Domingos, nas proximidades do Parque Estadual de Terra Ronca (Peter).<\/p>\n\n\n\n<p>Esse efetivo \u00e9 composto por tr\u00eas brigadistas contratados junto \u00e0 Alian\u00e7a da Terra e 12 bombeiros cedidos por meio de conv\u00eanio para atuar no Peter, na Esta\u00e7\u00e3o Ecol\u00f3gica de Nova Roma e no Parque Estadual \u00c1guas do Para\u00edso (Peap), que s\u00e3o tr\u00eas das 25 unidades de conserva\u00e7\u00e3o que a Semad administra. Al\u00e9m dos coordenadores de parque, que s\u00e3o servidores da Semad.<\/p>\n\n\n\n<p>Estima-se que o fogo tenha consumido pelo menos 24,6 mil hectares. Al\u00e9m do efetivo, a Semad cedeu \u00e0 linha frente quatro viaturas, kits picapes, sopradores, mochilas costais e outros equipamentos.<\/p>\n\n\n\n<figure class=\"wp-block-image size-large\"><img fetchpriority=\"high\" decoding=\"async\" width=\"1024\" height=\"768\" src=\"https:\/\/goias.gov.br\/meioambiente\/wp-content\/uploads\/sites\/33\/2025\/08\/Semad-reforca-combate-a-incendio-nas-proximidades-do-Parque-de-Terra-Ronca2-1024x768.jpeg\" alt=\"\" class=\"wp-image-156277\" srcset=\"https:\/\/goias.gov.br\/meioambiente\/wp-content\/uploads\/sites\/33\/2025\/08\/Semad-reforca-combate-a-incendio-nas-proximidades-do-Parque-de-Terra-Ronca2-1024x768.jpeg 1024w, https:\/\/goias.gov.br\/meioambiente\/wp-content\/uploads\/sites\/33\/2025\/08\/Semad-reforca-combate-a-incendio-nas-proximidades-do-Parque-de-Terra-Ronca2-300x225.jpeg 300w, https:\/\/goias.gov.br\/meioambiente\/wp-content\/uploads\/sites\/33\/2025\/08\/Semad-reforca-combate-a-incendio-nas-proximidades-do-Parque-de-Terra-Ronca2-768x576.jpeg 768w, https:\/\/goias.gov.br\/meioambiente\/wp-content\/uploads\/sites\/33\/2025\/08\/Semad-reforca-combate-a-incendio-nas-proximidades-do-Parque-de-Terra-Ronca2-640x480.jpeg 640w, https:\/\/goias.gov.br\/meioambiente\/wp-content\/uploads\/sites\/33\/2025\/08\/Semad-reforca-combate-a-incendio-nas-proximidades-do-Parque-de-Terra-Ronca2-600x450.jpeg 600w, https:\/\/goias.gov.br\/meioambiente\/wp-content\/uploads\/sites\/33\/2025\/08\/Semad-reforca-combate-a-incendio-nas-proximidades-do-Parque-de-Terra-Ronca2.jpeg 1280w\" sizes=\"(max-width: 1024px) 100vw, 1024px\" \/><\/figure>\n\n\n\n<p><strong>Secretaria de Estado de Meio Ambiente e Desenvolvimento Sustent\u00e1vel<\/strong><\/p>\n","protected":false},"excerpt":{"rendered":"<p>Inc\u00eandio consumiu quase 25 mil hectares no munic\u00edpio de S\u00e3o Domingos A Secretaria de Estado de Meio Ambiente e Desenvolvimento Sustent\u00e1vel (Semad) destacou um efetivo de 15 brigadistas sob o seu comando para auxiliar o Corpo de Bombeiros no combate a um inc\u00eandio que teve in\u00edcio no dia 20 de agosto no munic\u00edpio de S\u00e3o [&hellip;]<\/p>\n","protected":false},"author":684,"featured_media":156272,"comment_status":"closed","ping_status":"open","sticky":false,"template":"","format":"standard","meta":{"footnotes":"","_links_to":"","_links_to_target":""},"categories":[2],"tags":[72,284,55],"class_list":["post-156265","post","type-post","status-publish","format-standard","has-post-thumbnail","hentry","category-noticias","tag-incendios","tag-parque-estadual-de-terra-ronca-peter","tag-semad"],"rttpg_featured_image_url":{"full":["https:\/\/goias.gov.br\/meioambiente\/wp-content\/uploads\/sites\/33\/2025\/08\/Semad-reforca-combate-a-incendio-nas-proximidades-do-Parque-de-Terra-Ronca4.jpeg",1280,960,false],"landscape":["https:\/\/goias.gov.br\/meioambiente\/wp-content\/uploads\/sites\/33\/2025\/08\/Semad-reforca-combate-a-incendio-nas-proximidades-do-Parque-de-Terra-Ronca4.jpeg",1280,960,false],"portraits":["https:\/\/goias.gov.br\/meioambiente\/wp-content\/uploads\/sites\/33\/2025\/08\/Semad-reforca-combate-a-incendio-nas-proximidades-do-Parque-de-Terra-Ronca4.jpeg",1280,960,false],"thumbnail":["https:\/\/goias.gov.br\/meioambiente\/wp-content\/uploads\/sites\/33\/2025\/08\/Semad-reforca-combate-a-incendio-nas-proximidades-do-Parque-de-Terra-Ronca4-150x150.jpeg",150,150,true],"medium":["https:\/\/goias.gov.br\/meioambiente\/wp-content\/uploads\/sites\/33\/2025\/08\/Semad-reforca-combate-a-incendio-nas-proximidades-do-Parque-de-Terra-Ronca4-300x225.jpeg",300,225,true],"large":["https:\/\/goias.gov.br\/meioambiente\/wp-content\/uploads\/sites\/33\/2025\/08\/Semad-reforca-combate-a-incendio-nas-proximidades-do-Parque-de-Terra-Ronca4-1024x768.jpeg",1024,768,true],"1536x1536":["https:\/\/goias.gov.br\/meioambiente\/wp-content\/uploads\/sites\/33\/2025\/08\/Semad-reforca-combate-a-incendio-nas-proximidades-do-Parque-de-Terra-Ronca4.jpeg",1280,960,false],"2048x2048":["https:\/\/goias.gov.br\/meioambiente\/wp-content\/uploads\/sites\/33\/2025\/08\/Semad-reforca-combate-a-incendio-nas-proximidades-do-Parque-de-Terra-Ronca4.jpeg",1280,960,false]},"rttpg_author":{"display_name":"","author_link":"https:\/\/goias.gov.br\/meioambiente\/author\/"},"rttpg_comment":0,"rttpg_category":"<a href=\"https:\/\/goias.gov.br\/meioambiente\/categoria\/noticias\/\" rel=\"category tag\">Not\u00edcias<\/a>","rttpg_excerpt":"Inc\u00eandio consumiu quase 25 mil hectares no munic\u00edpio de S\u00e3o Domingos A Secretaria de Estado de Meio Ambiente e Desenvolvimento Sustent\u00e1vel (Semad) destacou um efetivo de 15 brigadistas sob o seu comando para auxiliar o Corpo de Bombeiros no combate a um inc\u00eandio que teve in\u00edcio no dia 20 de agosto no munic\u00edpio de S\u00e3o&hellip;","_links":{"self":[{"href":"https:\/\/goias.gov.br\/meioambiente\/wp-json\/wp\/v2\/posts\/156265","targetHints":{"allow":["GET"]}}],"collection":[{"href":"https:\/\/goias.gov.br\/meioambiente\/wp-json\/wp\/v2\/posts"}],"about":[{"href":"https:\/\/goias.gov.br\/meioambiente\/wp-json\/wp\/v2\/types\/post"}],"author":[{"embeddable":true,"href":"https:\/\/goias.gov.br\/meioambiente\/wp-json\/wp\/v2\/users\/684"}],"replies":[{"embeddable":true,"href":"https:\/\/goias.gov.br\/meioambiente\/wp-json\/wp\/v2\/comments?post=156265"}],"version-history":[{"count":2,"href":"https:\/\/goias.gov.br\/meioambiente\/wp-json\/wp\/v2\/posts\/156265\/revisions"}],"predecessor-version":[{"id":156280,"href":"https:\/\/goias.gov.br\/meioambiente\/wp-json\/wp\/v2\/posts\/156265\/revisions\/156280"}],"wp:featuredmedia":[{"embeddable":true,"href":"https:\/\/goias.gov.br\/meioambiente\/wp-json\/wp\/v2\/media\/156272"}],"wp:attachment":[{"href":"https:\/\/goias.gov.br\/meioambiente\/wp-json\/wp\/v2\/media?parent=156265"}],"wp:term":[{"taxonomy":"category","embeddable":true,"href":"https:\/\/goias.gov.br\/meioambiente\/wp-json\/wp\/v2\/categories?post=156265"},{"taxonomy":"post_tag","embeddable":true,"href":"https:\/\/goias.gov.br\/meioambiente\/wp-json\/wp\/v2\/tags?post=156265"}],"curies":[{"name":"wp","href":"https:\/\/api.w.org\/{rel}","templated":true}]}}