

{"id":202437,"date":"2024-12-05T18:21:38","date_gmt":"2024-12-05T21:21:38","guid":{"rendered":"https:\/\/goias.gov.br\/ligo\/?p=202437"},"modified":"2025-08-04T14:15:34","modified_gmt":"2025-08-04T17:15:34","slug":"programa-cidadao-tech-60","status":"publish","type":"post","link":"https:\/\/goias.gov.br\/ligo\/programa-cidadao-tech-60\/","title":{"rendered":"Programa Cidad\u00e3o Tech 60+ recebe pr\u00eamio nacional de pol\u00edticas p\u00fablicas"},"content":{"rendered":"\n<p>O Goi\u00e1s Social, por meio da Secretaria de Ci\u00eancia, Tecnologia e Inova\u00e7\u00e3o (Secti), conquistou o Pr\u00eamio Lideran\u00e7a P\u00fablica do Centro de Lideran\u00e7a P\u00fablica (CLP) na categoria Iniciativa de Impacto. O pr\u00eamio nacional busca reconhecer iniciativas e boas pr\u00e1ticas de l\u00edderes p\u00fablicos da rede do CLP, aumentando a visibilidade de bons exemplos na gest\u00e3o p\u00fablica. Goi\u00e1s venceu com o programa Cidad\u00e3o Tech 60+, iniciativa de inclus\u00e3o digital de idosos em situa\u00e7\u00e3o de vulnerabilidade social.<\/p>\n\n\n<div class=\"wp-block-image\">\n<figure class=\"alignright size-full is-resized\"><img fetchpriority=\"high\" decoding=\"async\" width=\"1024\" height=\"683\" src=\"https:\/\/goias.gov.br\/ligo\/wp-content\/uploads\/sites\/61\/2024\/12\/WhatsApp-Image-2024-11-29-at-13.52.14-1024x683-1.jpeg\" alt=\"\" class=\"wp-image-202441\" style=\"width:462px;height:auto\" srcset=\"https:\/\/goias.gov.br\/ligo\/wp-content\/uploads\/sites\/61\/2024\/12\/WhatsApp-Image-2024-11-29-at-13.52.14-1024x683-1.jpeg 1024w, https:\/\/goias.gov.br\/ligo\/wp-content\/uploads\/sites\/61\/2024\/12\/WhatsApp-Image-2024-11-29-at-13.52.14-1024x683-1-300x200.jpeg 300w, https:\/\/goias.gov.br\/ligo\/wp-content\/uploads\/sites\/61\/2024\/12\/WhatsApp-Image-2024-11-29-at-13.52.14-1024x683-1-768x512.jpeg 768w\" sizes=\"(max-width: 1024px) 100vw, 1024px\" \/><\/figure>\n<\/div>\n\n\n<p>O programa faz parte da estrat\u00e9gia de transforma\u00e7\u00e3o digital do Governo de Goi\u00e1s e tem o objetivo de promover a cidadania digital no estado, oportunizando o letramento digital e o uso seguro de tecnologias digitais para a popula\u00e7\u00e3o com mais de 60 anos de idade. Atualmente, h\u00e1 turmas em Goi\u00e2nia, Senador Canedo, Catal\u00e3o, Mineiros e Santo Ant\u00f4nio do Descoberto, promovidas pela Secti, em parceria com a Secretaria de Desenvolvimento Social (Seds) e a Organiza\u00e7\u00e3o das Volunt\u00e1rias de Goi\u00e1s (OVG).<\/p>\n\n\n\n<p>O Cidad\u00e3o Tech 60+ competiu com iniciativas de Minas Gerais, Rio de Janeiro e Esp\u00edrito Santo e ficou com o pr\u00eamio. Para a primeira-dama e coordenadora do Goi\u00e1s Social, Gracinha Caiado, o programa inovador \u00e9 mais uma prova do sucesso da pol\u00edtica de combate \u00e0 pobreza no Estado. \u201cIniciativas como essa mostram que nosso trabalho na \u00e1rea social \u00e9 muito amplo. O Cidad\u00e3o Tech 60+ \u00e9 um exemplo de como podemos unir tecnologia, educa\u00e7\u00e3o e inclus\u00e3o social para transformar vidas\u201d, disse.<\/p>\n\n\n<div class=\"wp-block-image\">\n<figure class=\"alignleft size-full is-resized\"><img decoding=\"async\" width=\"1024\" height=\"683\" src=\"https:\/\/goias.gov.br\/ligo\/wp-content\/uploads\/sites\/61\/2024\/12\/WhatsApp-Image-2024-11-29-at-13.52.15-1024x683-1.jpeg\" alt=\"\" class=\"wp-image-202442\" style=\"width:475px;height:auto\" srcset=\"https:\/\/goias.gov.br\/ligo\/wp-content\/uploads\/sites\/61\/2024\/12\/WhatsApp-Image-2024-11-29-at-13.52.15-1024x683-1.jpeg 1024w, https:\/\/goias.gov.br\/ligo\/wp-content\/uploads\/sites\/61\/2024\/12\/WhatsApp-Image-2024-11-29-at-13.52.15-1024x683-1-300x200.jpeg 300w, https:\/\/goias.gov.br\/ligo\/wp-content\/uploads\/sites\/61\/2024\/12\/WhatsApp-Image-2024-11-29-at-13.52.15-1024x683-1-768x512.jpeg 768w\" sizes=\"(max-width: 1024px) 100vw, 1024px\" \/><\/figure>\n<\/div>\n\n\n<p>O secret\u00e1rio de Ci\u00eancia, Tecnologia e Inova\u00e7\u00e3o, Jos\u00e9 Frederico Lyra Netto, destaca a relev\u00e2ncia do pr\u00eamio. \u201cO reconhecimento por uma institui\u00e7\u00e3o t\u00e3o renomada como o CLP \u00e9 um grande marco para Goi\u00e1s. Mais do que uma premia\u00e7\u00e3o, este pr\u00eamio formaliza a import\u00e2ncia do Cidad\u00e3o Tech como uma pol\u00edtica p\u00fablica necess\u00e1ria e urgente, evidenciando o compromisso do nosso estado em combater a exclus\u00e3o digital e transformar a vida de comunidades que, at\u00e9 agora, estavam invis\u00edveis na sociedade digital\u201d.<\/p>\n\n\n\n<p>A superintendente de Transforma\u00e7\u00e3o Digital da Secti, V\u00e2nia Bareicha, recebeu o pr\u00eamio em nome do Governo de Goi\u00e1s durante cerim\u00f4nia realizada em S\u00e3o Paulo. Ela enfatiza a import\u00e2ncia do reconhecimento, que n\u00e3o apenas exalta as boas pr\u00e1ticas de gest\u00e3o p\u00fablica, mas tamb\u00e9m coloca em evid\u00eancia uma quest\u00e3o social urgente no Brasil: a exclus\u00e3o digital. \u201cO Cidad\u00e3o Tech 60+ \u00e9 uma resposta \u00e0 necessidade de inclus\u00e3o digital em nosso estado, garantindo que ningu\u00e9m fique para tr\u00e1s,\u201d declara a superintendente.<\/p>\n\n\n\n<h2 class=\"wp-block-heading\"><strong>Pr\u00eamios<\/strong><\/h2>\n\n\n\n<p>Este n\u00e3o \u00e9 o primeiro pr\u00eamio nacional que o Goi\u00e1s Social ganhou neste semestre. No fim de outubro, o maior programa social do pa\u00eds venceu o pr\u00eamio Enap de Inova\u00e7\u00e3o no Setor P\u00fablico com o programa Sukatech, iniciativa de recondicionamento de computadores e inclus\u00e3o digital da Secretaria de Ci\u00eancia, Tecnologia e Inova\u00e7\u00e3o, que ficou em 1\u00ba lugar na categoria Inova\u00e7\u00e3o em Servi\u00e7os ou Pol\u00edticas P\u00fablicas.<\/p>\n\n\n\n<p>O Pr\u00eamio Enap, reconhecido nacionalmente, valoriza h\u00e1 quase tr\u00eas d\u00e9cadas equipes de servidores que atuam de forma inovadora para o bem p\u00fablico. Al\u00e9m do seu reconhecimento, o programa Sukatech ainda ser\u00e1 incorporado ao banco de solu\u00e7\u00f5es inovadoras da Enap, servindo de inspira\u00e7\u00e3o para servidores e gestores p\u00fablicos em todo o Brasil.<\/p>\n\n\n\n<figure class=\"wp-block-image size-full\"><img decoding=\"async\" width=\"940\" height=\"626\" src=\"https:\/\/goias.gov.br\/ligo\/wp-content\/uploads\/sites\/61\/2024\/12\/formatura-idosos-foto-romullo-carvalho-scaled-cidadao-tech-60.jpg\" alt=\"\" class=\"wp-image-202440\" srcset=\"https:\/\/goias.gov.br\/ligo\/wp-content\/uploads\/sites\/61\/2024\/12\/formatura-idosos-foto-romullo-carvalho-scaled-cidadao-tech-60.jpg 940w, https:\/\/goias.gov.br\/ligo\/wp-content\/uploads\/sites\/61\/2024\/12\/formatura-idosos-foto-romullo-carvalho-scaled-cidadao-tech-60-300x200.jpg 300w, https:\/\/goias.gov.br\/ligo\/wp-content\/uploads\/sites\/61\/2024\/12\/formatura-idosos-foto-romullo-carvalho-scaled-cidadao-tech-60-768x511.jpg 768w\" sizes=\"(max-width: 940px) 100vw, 940px\" \/><\/figure>\n\n\n\n<p>Fotos: Andr\u00e9 Bianchi e J\u00fanior Guimar\u00e3es<\/p>\n\n\n\n<p>Legenda: Goi\u00e1s conquistou pr\u00eamio com o programa Cidad\u00e3o Tech 60+, iniciativa de inclus\u00e3o digital de idosos em situa\u00e7\u00e3o de vulnerabilidade social<\/p>\n\n\n\n<p><strong>Secretaria de Ci\u00eancia, Tecnologia e Inova\u00e7\u00e3o \u2014 Governo de Goi\u00e1s<\/strong><\/p>\n\n\n\n<p>Fonte: <a href=\"https:\/\/goias.gov.br\/inovacao\/programa-cidadao-tech-60-recebe-premio-nacional-de-politicas-publicas\/\">https:\/\/goias.gov.br\/inovacao\/programa-cidadao-tech-60-recebe-premio-nacional-de-politicas-publicas\/<\/a><\/p>\n\n\n\n<p>&nbsp;<\/p>\n","protected":false},"excerpt":{"rendered":"<p>O Goi\u00e1s Social, por meio da Secretaria de Ci\u00eancia, Tecnologia e Inova\u00e7\u00e3o (Secti), conquistou o Pr\u00eamio Lideran\u00e7a P\u00fablica do Centro de Lideran\u00e7a P\u00fablica (CLP) na categoria Iniciativa de Impacto. O pr\u00eamio nacional busca reconhecer iniciativas e boas pr\u00e1ticas de l\u00edderes p\u00fablicos da rede do CLP, aumentando a visibilidade de bons exemplos na gest\u00e3o p\u00fablica. Goi\u00e1s venceu com o programa Cidad\u00e3o Tech 60+, iniciativa de inclus\u00e3o digital de idosos em situa\u00e7\u00e3o de vulnerabilidade social. O programa faz parte da estrat\u00e9gia de transforma\u00e7\u00e3o digital do Governo de Goi\u00e1s e tem o objetivo de promover a cidadania digital no estado, oportunizando o letramento digital e o uso seguro de tecnologias digitais para a popula\u00e7\u00e3o com mais de 60 anos de idade. Atualmente, h\u00e1 turmas em Goi\u00e2nia, Senador Canedo, Catal\u00e3o, Mineiros e Santo Ant\u00f4nio do Descoberto, promovidas pela Secti, em parceria com a Secretaria de Desenvolvimento Social (Seds) e a Organiza\u00e7\u00e3o das Volunt\u00e1rias de Goi\u00e1s (OVG). O Cidad\u00e3o Tech 60+ competiu com iniciativas de Minas Gerais, Rio de Janeiro e Esp\u00edrito Santo e ficou com o pr\u00eamio. Para a primeira-dama e coordenadora do Goi\u00e1s Social, Gracinha Caiado, o programa inovador \u00e9 mais uma prova do sucesso da pol\u00edtica de combate \u00e0 pobreza no Estado. \u201cIniciativas como essa mostram que nosso trabalho na \u00e1rea social \u00e9 muito amplo. O Cidad\u00e3o Tech 60+ \u00e9 um exemplo de como podemos unir tecnologia, educa\u00e7\u00e3o e inclus\u00e3o social para transformar vidas\u201d, disse. O secret\u00e1rio de Ci\u00eancia, Tecnologia e Inova\u00e7\u00e3o, Jos\u00e9 Frederico Lyra Netto, destaca a relev\u00e2ncia do pr\u00eamio. \u201cO reconhecimento por uma institui\u00e7\u00e3o t\u00e3o renomada como o CLP \u00e9 um grande marco para Goi\u00e1s. Mais do que uma premia\u00e7\u00e3o, este pr\u00eamio formaliza a import\u00e2ncia do Cidad\u00e3o Tech como uma pol\u00edtica p\u00fablica necess\u00e1ria e urgente, evidenciando o compromisso do nosso estado em combater a exclus\u00e3o digital e transformar a vida de comunidades que, at\u00e9 agora, estavam invis\u00edveis na sociedade digital\u201d. A superintendente de Transforma\u00e7\u00e3o Digital da Secti, V\u00e2nia Bareicha, recebeu o pr\u00eamio em nome do Governo de Goi\u00e1s durante cerim\u00f4nia realizada em S\u00e3o Paulo. Ela enfatiza a import\u00e2ncia do reconhecimento, que n\u00e3o apenas exalta as boas pr\u00e1ticas de gest\u00e3o p\u00fablica, mas tamb\u00e9m coloca em evid\u00eancia uma quest\u00e3o social urgente no Brasil: a exclus\u00e3o digital. \u201cO Cidad\u00e3o Tech 60+ \u00e9 uma resposta \u00e0 necessidade de inclus\u00e3o digital em nosso estado, garantindo que ningu\u00e9m fique para tr\u00e1s,\u201d declara a superintendente. Pr\u00eamios Este n\u00e3o \u00e9 o primeiro pr\u00eamio nacional que o Goi\u00e1s Social ganhou neste semestre. No fim de outubro, o maior programa social do pa\u00eds venceu o pr\u00eamio Enap de Inova\u00e7\u00e3o no Setor P\u00fablico com o programa Sukatech, iniciativa de recondicionamento de computadores e inclus\u00e3o digital da Secretaria de Ci\u00eancia, Tecnologia e Inova\u00e7\u00e3o, que ficou em 1\u00ba lugar na categoria Inova\u00e7\u00e3o em Servi\u00e7os ou Pol\u00edticas P\u00fablicas. O Pr\u00eamio Enap, reconhecido nacionalmente, valoriza h\u00e1 quase tr\u00eas d\u00e9cadas equipes de servidores que atuam de forma inovadora para o bem p\u00fablico. Al\u00e9m do seu reconhecimento, o programa Sukatech ainda ser\u00e1 incorporado ao banco de solu\u00e7\u00f5es inovadoras da Enap, servindo de inspira\u00e7\u00e3o para servidores e gestores p\u00fablicos em todo o Brasil. Fotos: Andr\u00e9 Bianchi e J\u00fanior Guimar\u00e3es Legenda: Goi\u00e1s conquistou pr\u00eamio com o programa Cidad\u00e3o Tech 60+, iniciativa de inclus\u00e3o digital de idosos em situa\u00e7\u00e3o de vulnerabilidade social Secretaria de Ci\u00eancia, Tecnologia e Inova\u00e7\u00e3o \u2014 Governo de Goi\u00e1s Fonte: https:\/\/goias.gov.br\/inovacao\/programa-cidadao-tech-60-recebe-premio-nacional-de-politicas-publicas\/ &nbsp;<\/p>\n","protected":false},"author":713,"featured_media":202439,"comment_status":"open","ping_status":"open","sticky":false,"template":"","format":"standard","meta":{"footnotes":"","_links_to":"","_links_to_target":""},"categories":[3,24],"tags":[17],"class_list":["post-202437","post","type-post","status-publish","format-standard","has-post-thumbnail","hentry","category-noticias","category-ultimas-noticias","tag-inovacao"],"rttpg_featured_image_url":{"full":["https:\/\/goias.gov.br\/ligo\/wp-content\/uploads\/sites\/61\/2024\/12\/capa.jpeg",1200,600,false],"landscape":["https:\/\/goias.gov.br\/ligo\/wp-content\/uploads\/sites\/61\/2024\/12\/capa.jpeg",1200,600,false],"portraits":["https:\/\/goias.gov.br\/ligo\/wp-content\/uploads\/sites\/61\/2024\/12\/capa.jpeg",1200,600,false],"thumbnail":["https:\/\/goias.gov.br\/ligo\/wp-content\/uploads\/sites\/61\/2024\/12\/capa-150x150.jpeg",150,150,true],"medium":["https:\/\/goias.gov.br\/ligo\/wp-content\/uploads\/sites\/61\/2024\/12\/capa-300x150.jpeg",300,150,true],"large":["https:\/\/goias.gov.br\/ligo\/wp-content\/uploads\/sites\/61\/2024\/12\/capa-1024x512.jpeg",1024,512,true],"1536x1536":["https:\/\/goias.gov.br\/ligo\/wp-content\/uploads\/sites\/61\/2024\/12\/capa.jpeg",1200,600,false],"2048x2048":["https:\/\/goias.gov.br\/ligo\/wp-content\/uploads\/sites\/61\/2024\/12\/capa.jpeg",1200,600,false]},"rttpg_author":{"display_name":"C\u00e9sar Augusto","author_link":"https:\/\/goias.gov.br\/ligo\/author\/cesarpacheco\/"},"rttpg_comment":0,"rttpg_category":"<a href=\"https:\/\/goias.gov.br\/ligo\/categoria\/noticias\/\" rel=\"category tag\">Not\u00edcias<\/a> <a href=\"https:\/\/goias.gov.br\/ligo\/categoria\/noticias\/ultimas-noticias\/\" rel=\"category tag\">\u00daltimas Not\u00edcias<\/a>","rttpg_excerpt":"O Goi\u00e1s Social, por meio da Secretaria de Ci\u00eancia, Tecnologia e Inova\u00e7\u00e3o (Secti), conquistou o Pr\u00eamio Lideran\u00e7a P\u00fablica do Centro de Lideran\u00e7a P\u00fablica (CLP) na categoria Iniciativa de Impacto. O pr\u00eamio nacional busca reconhecer iniciativas e boas pr\u00e1ticas de l\u00edderes p\u00fablicos da rede do CLP, aumentando a visibilidade de bons exemplos na gest\u00e3o p\u00fablica. Goi\u00e1s&hellip;","_links":{"self":[{"href":"https:\/\/goias.gov.br\/ligo\/wp-json\/wp\/v2\/posts\/202437","targetHints":{"allow":["GET"]}}],"collection":[{"href":"https:\/\/goias.gov.br\/ligo\/wp-json\/wp\/v2\/posts"}],"about":[{"href":"https:\/\/goias.gov.br\/ligo\/wp-json\/wp\/v2\/types\/post"}],"author":[{"embeddable":true,"href":"https:\/\/goias.gov.br\/ligo\/wp-json\/wp\/v2\/users\/713"}],"replies":[{"embeddable":true,"href":"https:\/\/goias.gov.br\/ligo\/wp-json\/wp\/v2\/comments?post=202437"}],"version-history":[{"count":2,"href":"https:\/\/goias.gov.br\/ligo\/wp-json\/wp\/v2\/posts\/202437\/revisions"}],"predecessor-version":[{"id":205063,"href":"https:\/\/goias.gov.br\/ligo\/wp-json\/wp\/v2\/posts\/202437\/revisions\/205063"}],"wp:featuredmedia":[{"embeddable":true,"href":"https:\/\/goias.gov.br\/ligo\/wp-json\/wp\/v2\/media\/202439"}],"wp:attachment":[{"href":"https:\/\/goias.gov.br\/ligo\/wp-json\/wp\/v2\/media?parent=202437"}],"wp:term":[{"taxonomy":"category","embeddable":true,"href":"https:\/\/goias.gov.br\/ligo\/wp-json\/wp\/v2\/categories?post=202437"},{"taxonomy":"post_tag","embeddable":true,"href":"https:\/\/goias.gov.br\/ligo\/wp-json\/wp\/v2\/tags?post=202437"}],"curies":[{"name":"wp","href":"https:\/\/api.w.org\/{rel}","templated":true}]}}