

{"id":202364,"date":"2024-11-26T11:00:39","date_gmt":"2024-11-26T14:00:39","guid":{"rendered":"https:\/\/goias.gov.br\/ligo\/?p=202364"},"modified":"2025-08-04T14:38:38","modified_gmt":"2025-08-04T17:38:38","slug":"ia-e-energias-renovaveis-cpgoias4","status":"publish","type":"post","link":"https:\/\/goias.gov.br\/ligo\/ia-e-energias-renovaveis-cpgoias4\/","title":{"rendered":"5\u00aa edi\u00e7\u00e3o do Etos.IA Provoca\u00e7\u00f5es discute intelig\u00eancia artificial e energias renov\u00e1veis na Campus Party Goi\u00e1s 4"},"content":{"rendered":"\n<p>As conex\u00f5es entre Intelig\u00eancia Artificial, energias renov\u00e1veis e os desafios tecnol\u00f3gicos do Brasil estar\u00e3o no centro do debate da 5\u00aa edi\u00e7\u00e3o do Etos.IA Provoca\u00e7\u00f5es. O evento ser\u00e1 realizado nos dias 29 e 30 de novembro, no Passeio das \u00c1guas Shopping, em Goi\u00e2nia (GO), durante a CPGoi\u00e1s4. O Etos.IA tamb\u00e9m ser\u00e1 transmitido ao vivo no canal da Campus Party Brasil, no YouTube.<\/p>\n\n\n\n<p>Com a participa\u00e7\u00e3o de renomados especialistas e l\u00edderes p\u00fablicos, ser\u00e3o realizados dois pain\u00e9is que integram a programa\u00e7\u00e3o do F\u00f3rum Internacional do Marco Regulat\u00f3rio da IA, promovido pela Campus Party. Entre os temas abordados est\u00e3o a intera\u00e7\u00e3o entre IA e energia limpa, al\u00e9m dos desafios que o Brasil enfrenta para avan\u00e7ar no desenvolvimento de tecnologias emergentes. O evento tamb\u00e9m contar\u00e1 com a presen\u00e7a de representantes da sociedade civil, proporcionando um espa\u00e7o de debate amplo e enriquecedor.<\/p>\n\n\n\n<h2 class=\"wp-block-heading\">1\u00ba Painel<\/h2>\n\n\n\n<p>O primeiro painel, no dia 29 de novembro, \u00e0s 14h10, discutir\u00e1 o tema \u201cO Brasil pode ser protagonista no desenvolvimento de energias renov\u00e1veis?\u201d. Entre os painelistas est\u00e3o, Adriano da Rocha Lima, Secret\u00e1rio-Geral de Governo do Estado de Goi\u00e1s, com vasta experi\u00eancia em TI, gest\u00e3o de grandes projetos e transforma\u00e7\u00f5es empresariais de alto n\u00edvel. O professor doutor, Ronaldo Lemos, advogado e especialista em Direito, co-autor do Marco Civil da Internet e do Plano Nacional de IoT, apresentador do \u201cExpresso Futuro\u201d e atuante em conselhos globais. E o assessor especial do Minist\u00e9rio da Fazenda, Igor Marchesini, fundador do Movimento Empresa J\u00fanior (MEJ) e membro do Instituto de Engenheiros El\u00e9tricos e Eletr\u00f4nicos (IEEE).<\/p>\n\n\n\n<h2 class=\"wp-block-heading\">2\u00ba Painel<\/h2>\n\n\n\n<p>J\u00e1 o segundo painel, no dia 30 de novembro, das 16h00 \u00e0s 17h00, abordar\u00e1 \u201cO Brasil pode evoluir de consumidor a desenvolvedor de tecnologias?\u201d. Entre os painelistas, novamente o secret\u00e1rio-geral de Governo do Estado de Goi\u00e1s, Adriano da Rocha Lima, trazendo sua experi\u00eancia em gest\u00e3o p\u00fablica e digital. O comunicador e educador, Marcelo Tas, profissional com carreira de destaque em programas de TV como \u201cCQC\u201d e \u201cRa-Tim-Bum\u201d, al\u00e9m de sua colabora\u00e7\u00e3o no Museu do Amanh\u00e3 e no Telecurso. Heloisy P. Rodrigues, pioneira em Intelig\u00eancia Artificial e co-fundadora da MaCall. Anderson da Silva Soares, professor de IA na UFG, especializado em projetos inovadores nos setores de sa\u00fade e energia. E Jos\u00e9 Frederico Lyra Netto, Secret\u00e1rio de Ci\u00eancia, Tecnologia e Inova\u00e7\u00e3o de Goi\u00e1s, mestre em Pol\u00edticas P\u00fablicas e vasta experi\u00eancia em gest\u00e3o p\u00fablica e consultoria.<\/p>\n\n\n\n<h2 class=\"wp-block-heading\">Proposta<\/h2>\n\n\n<div class=\"wp-block-image\">\n<figure class=\"alignleft size-large is-resized\"><img fetchpriority=\"high\" decoding=\"async\" width=\"1024\" height=\"819\" src=\"https:\/\/goias.gov.br\/ligo\/wp-content\/uploads\/sites\/61\/2024\/12\/corpo1_2-1024x819.jpg\" alt=\"\" class=\"wp-image-202388\" style=\"width:516px;height:auto\" srcset=\"https:\/\/goias.gov.br\/ligo\/wp-content\/uploads\/sites\/61\/2024\/12\/corpo1_2-1024x819.jpg 1024w, https:\/\/goias.gov.br\/ligo\/wp-content\/uploads\/sites\/61\/2024\/12\/corpo1_2-300x240.jpg 300w, https:\/\/goias.gov.br\/ligo\/wp-content\/uploads\/sites\/61\/2024\/12\/corpo1_2-768x614.jpg 768w, https:\/\/goias.gov.br\/ligo\/wp-content\/uploads\/sites\/61\/2024\/12\/corpo1_2-1536x1229.jpg 1536w, https:\/\/goias.gov.br\/ligo\/wp-content\/uploads\/sites\/61\/2024\/12\/corpo1_2-2048x1638.jpg 2048w\" sizes=\"(max-width: 1024px) 100vw, 1024px\" \/><\/figure>\n<\/div>\n\n\n<p>De acordo com o Secret\u00e1rio-Geral de Governo, Adriano da Rocha Lima, a proposta do evento \u00e9 provocar reflex\u00f5es e discutir solu\u00e7\u00f5es concretas sobre como o Brasil pode se posicionar como um l\u00edder global na interse\u00e7\u00e3o entre IA e energia renov\u00e1vel. \u201cO formato dos pain\u00e9is permite uma troca rica de ideias e a constru\u00e7\u00e3o de um debate construtivo sobre os principais desafios e oportunidades do Brasil\u201d, afirma Adriano.<\/p>\n\n\n\n<p>A 5\u00aa edi\u00e7\u00e3o do Etos.IA Provoca\u00e7\u00f5es \u00e9 promovida pelo Governo de Goi\u00e1s, em parceria com a Universidade Federal de Goi\u00e1s (UFG), com apoio institucional da Unesco Brasil e do Grupo Jaime C\u00e2mara e patroc\u00ednio da Saneago. O Evento faz parte da programa\u00e7\u00e3o da Campus Party Goi\u00e1s, um dos maiores encontros de tecnologia e inova\u00e7\u00e3o do Brasil, que em 2024 realiza sua 4\u00aa edi\u00e7\u00e3o presencial. <\/p>\n\n\n\n<p>Fonte: <a href=\"https:\/\/goias.gov.br\/governo\/5a-edicao-do-etos-ia-provocacoes-discute-inteligencia-artificial-e-energias-renovaveis-na-campus-party-goias-4\">https:\/\/goias.gov.br\/governo\/5a-edicao-do-etos-ia-provocacoes-discute-inteligencia-artificial-e-energias-renovaveis-na-campus-party-goias-4<\/a><\/p>\n\n\n\n<p><\/p>\n","protected":false},"excerpt":{"rendered":"<p>As conex\u00f5es entre Intelig\u00eancia Artificial, energias renov\u00e1veis e os desafios tecnol\u00f3gicos do Brasil estar\u00e3o no centro do debate da 5\u00aa edi\u00e7\u00e3o do Etos.IA Provoca\u00e7\u00f5es. O evento ser\u00e1 realizado nos dias 29 e 30 de novembro, no Passeio das \u00c1guas Shopping, em Goi\u00e2nia (GO), durante a CPGoi\u00e1s4. O Etos.IA tamb\u00e9m ser\u00e1 transmitido ao vivo no canal da Campus Party Brasil, no YouTube. Com a participa\u00e7\u00e3o de renomados especialistas e l\u00edderes p\u00fablicos, ser\u00e3o realizados dois pain\u00e9is que integram a programa\u00e7\u00e3o do F\u00f3rum Internacional do Marco Regulat\u00f3rio da IA, promovido pela Campus Party. Entre os temas abordados est\u00e3o a intera\u00e7\u00e3o entre IA e energia limpa, al\u00e9m dos desafios que o Brasil enfrenta para avan\u00e7ar no desenvolvimento de tecnologias emergentes. O evento tamb\u00e9m contar\u00e1 com a presen\u00e7a de representantes da sociedade civil, proporcionando um espa\u00e7o de debate amplo e enriquecedor. 1\u00ba Painel O primeiro painel, no dia 29 de novembro, \u00e0s 14h10, discutir\u00e1 o tema \u201cO Brasil pode ser protagonista no desenvolvimento de energias renov\u00e1veis?\u201d. Entre os painelistas est\u00e3o, Adriano da Rocha Lima, Secret\u00e1rio-Geral de Governo do Estado de Goi\u00e1s, com vasta experi\u00eancia em TI, gest\u00e3o de grandes projetos e transforma\u00e7\u00f5es empresariais de alto n\u00edvel. O professor doutor, Ronaldo Lemos, advogado e especialista em Direito, co-autor do Marco Civil da Internet e do Plano Nacional de IoT, apresentador do \u201cExpresso Futuro\u201d e atuante em conselhos globais. E o assessor especial do Minist\u00e9rio da Fazenda, Igor Marchesini, fundador do Movimento Empresa J\u00fanior (MEJ) e membro do Instituto de Engenheiros El\u00e9tricos e Eletr\u00f4nicos (IEEE). 2\u00ba Painel J\u00e1 o segundo painel, no dia 30 de novembro, das 16h00 \u00e0s 17h00, abordar\u00e1 \u201cO Brasil pode evoluir de consumidor a desenvolvedor de tecnologias?\u201d. Entre os painelistas, novamente o secret\u00e1rio-geral de Governo do Estado de Goi\u00e1s, Adriano da Rocha Lima, trazendo sua experi\u00eancia em gest\u00e3o p\u00fablica e digital. O comunicador e educador, Marcelo Tas, profissional com carreira de destaque em programas de TV como \u201cCQC\u201d e \u201cRa-Tim-Bum\u201d, al\u00e9m de sua colabora\u00e7\u00e3o no Museu do Amanh\u00e3 e no Telecurso. Heloisy P. Rodrigues, pioneira em Intelig\u00eancia Artificial e co-fundadora da MaCall. Anderson da Silva Soares, professor de IA na UFG, especializado em projetos inovadores nos setores de sa\u00fade e energia. E Jos\u00e9 Frederico Lyra Netto, Secret\u00e1rio de Ci\u00eancia, Tecnologia e Inova\u00e7\u00e3o de Goi\u00e1s, mestre em Pol\u00edticas P\u00fablicas e vasta experi\u00eancia em gest\u00e3o p\u00fablica e consultoria. Proposta De acordo com o Secret\u00e1rio-Geral de Governo, Adriano da Rocha Lima, a proposta do evento \u00e9 provocar reflex\u00f5es e discutir solu\u00e7\u00f5es concretas sobre como o Brasil pode se posicionar como um l\u00edder global na interse\u00e7\u00e3o entre IA e energia renov\u00e1vel. \u201cO formato dos pain\u00e9is permite uma troca rica de ideias e a constru\u00e7\u00e3o de um debate construtivo sobre os principais desafios e oportunidades do Brasil\u201d, afirma Adriano. A 5\u00aa edi\u00e7\u00e3o do Etos.IA Provoca\u00e7\u00f5es \u00e9 promovida pelo Governo de Goi\u00e1s, em parceria com a Universidade Federal de Goi\u00e1s (UFG), com apoio institucional da Unesco Brasil e do Grupo Jaime C\u00e2mara e patroc\u00ednio da Saneago. O Evento faz parte da programa\u00e7\u00e3o da Campus Party Goi\u00e1s, um dos maiores encontros de tecnologia e inova\u00e7\u00e3o do Brasil, que em 2024 realiza sua 4\u00aa edi\u00e7\u00e3o presencial. Fonte: https:\/\/goias.gov.br\/governo\/5a-edicao-do-etos-ia-provocacoes-discute-inteligencia-artificial-e-energias-renovaveis-na-campus-party-goias-4<\/p>\n","protected":false},"author":713,"featured_media":202380,"comment_status":"open","ping_status":"open","sticky":false,"template":"","format":"standard","meta":{"footnotes":"","_links_to":"","_links_to_target":""},"categories":[3,24],"tags":[45],"class_list":["post-202364","post","type-post","status-publish","format-standard","has-post-thumbnail","hentry","category-noticias","category-ultimas-noticias","tag-cpgoias4"],"rttpg_featured_image_url":{"full":["https:\/\/goias.gov.br\/ligo\/wp-content\/uploads\/sites\/61\/2024\/11\/Capa-image2_1.png",774,387,false],"landscape":["https:\/\/goias.gov.br\/ligo\/wp-content\/uploads\/sites\/61\/2024\/11\/Capa-image2_1.png",774,387,false],"portraits":["https:\/\/goias.gov.br\/ligo\/wp-content\/uploads\/sites\/61\/2024\/11\/Capa-image2_1.png",774,387,false],"thumbnail":["https:\/\/goias.gov.br\/ligo\/wp-content\/uploads\/sites\/61\/2024\/11\/Capa-image2_1-150x150.png",150,150,true],"medium":["https:\/\/goias.gov.br\/ligo\/wp-content\/uploads\/sites\/61\/2024\/11\/Capa-image2_1-300x150.png",300,150,true],"large":["https:\/\/goias.gov.br\/ligo\/wp-content\/uploads\/sites\/61\/2024\/11\/Capa-image2_1.png",774,387,false],"1536x1536":["https:\/\/goias.gov.br\/ligo\/wp-content\/uploads\/sites\/61\/2024\/11\/Capa-image2_1.png",774,387,false],"2048x2048":["https:\/\/goias.gov.br\/ligo\/wp-content\/uploads\/sites\/61\/2024\/11\/Capa-image2_1.png",774,387,false]},"rttpg_author":{"display_name":"C\u00e9sar Augusto","author_link":"https:\/\/goias.gov.br\/ligo\/author\/cesarpacheco\/"},"rttpg_comment":0,"rttpg_category":"<a href=\"https:\/\/goias.gov.br\/ligo\/categoria\/noticias\/\" rel=\"category tag\">Not\u00edcias<\/a> <a href=\"https:\/\/goias.gov.br\/ligo\/categoria\/noticias\/ultimas-noticias\/\" rel=\"category tag\">\u00daltimas Not\u00edcias<\/a>","rttpg_excerpt":"As conex\u00f5es entre Intelig\u00eancia Artificial, energias renov\u00e1veis e os desafios tecnol\u00f3gicos do Brasil estar\u00e3o no centro do debate da 5\u00aa edi\u00e7\u00e3o do Etos.IA Provoca\u00e7\u00f5es. O evento ser\u00e1 realizado nos dias 29 e 30 de novembro, no Passeio das \u00c1guas Shopping, em Goi\u00e2nia (GO), durante a CPGoi\u00e1s4. O Etos.IA tamb\u00e9m ser\u00e1 transmitido ao vivo no canal&hellip;","_links":{"self":[{"href":"https:\/\/goias.gov.br\/ligo\/wp-json\/wp\/v2\/posts\/202364","targetHints":{"allow":["GET"]}}],"collection":[{"href":"https:\/\/goias.gov.br\/ligo\/wp-json\/wp\/v2\/posts"}],"about":[{"href":"https:\/\/goias.gov.br\/ligo\/wp-json\/wp\/v2\/types\/post"}],"author":[{"embeddable":true,"href":"https:\/\/goias.gov.br\/ligo\/wp-json\/wp\/v2\/users\/713"}],"replies":[{"embeddable":true,"href":"https:\/\/goias.gov.br\/ligo\/wp-json\/wp\/v2\/comments?post=202364"}],"version-history":[{"count":2,"href":"https:\/\/goias.gov.br\/ligo\/wp-json\/wp\/v2\/posts\/202364\/revisions"}],"predecessor-version":[{"id":205069,"href":"https:\/\/goias.gov.br\/ligo\/wp-json\/wp\/v2\/posts\/202364\/revisions\/205069"}],"wp:featuredmedia":[{"embeddable":true,"href":"https:\/\/goias.gov.br\/ligo\/wp-json\/wp\/v2\/media\/202380"}],"wp:attachment":[{"href":"https:\/\/goias.gov.br\/ligo\/wp-json\/wp\/v2\/media?parent=202364"}],"wp:term":[{"taxonomy":"category","embeddable":true,"href":"https:\/\/goias.gov.br\/ligo\/wp-json\/wp\/v2\/categories?post=202364"},{"taxonomy":"post_tag","embeddable":true,"href":"https:\/\/goias.gov.br\/ligo\/wp-json\/wp\/v2\/tags?post=202364"}],"curies":[{"name":"wp","href":"https:\/\/api.w.org\/{rel}","templated":true}]}}