

{"id":202264,"date":"2024-11-30T15:44:40","date_gmt":"2024-11-30T18:44:40","guid":{"rendered":"https:\/\/goias.gov.br\/ligo\/?p=202264"},"modified":"2025-08-04T14:38:18","modified_gmt":"2025-08-04T17:38:18","slug":"marco-regulatorio-da-ia-na-cpgoias4","status":"publish","type":"post","link":"https:\/\/goias.gov.br\/ligo\/marco-regulatorio-da-ia-na-cpgoias4\/","title":{"rendered":"Marco Regulat\u00f3rio da IA, na CPGOI\u00c1S4"},"content":{"rendered":"\n<p>O segundo dia da 5\u00aa edi\u00e7\u00e3o do Etos.IA Provoca\u00e7\u00f5es reuniu especialistas, na tarde deste s\u00e1bado (30\/11), no Shopping Passeio das \u00c1guas, para debater sobre tecnologia. A programa\u00e7\u00e3o, que integra o F\u00f3rum Internacional do Marco Regulat\u00f3rio da IA, dentro da Campus Party Goi\u00e1s 4, contou com o painel intitulado \u201cO Brasil pode evoluir de consumidor a desenvolvedor de tecnologias?\u201d, com media\u00e7\u00e3o do comunicador e educador, Marcelo Tas.<\/p>\n\n\n\n<p>Os painelistas convidados para o debate foram o Secret\u00e1rio-Geral de Governo, Adriano da Rocha Lima, o Secret\u00e1rio de Ci\u00eancia e Tecnologia, Jos\u00e9 Frederico Lyra Netto, ambos do Governo de Goi\u00e1s, o professor do Centro de Excel\u00eancia em Intelig\u00eancia Artificial (CEIA) da Universidade Federal de Goi\u00e1s (UFG), Anderson da Silva Soares, e a 1\u00aa Mulher da Am\u00e9rica Latina formada em Intelig\u00eancia Artificial pela UFG, Heloisy P. Rodrigues.<\/p>\n\n\n\n<figure class=\"wp-block-pullquote has-text-align-center\"><blockquote><p><em><mark style=\"background-color:rgba(0, 0, 0, 0)\" class=\"has-inline-color has-cyan-bluish-gray-color\">\u201c<strong>\u00c9 muito importante discutirmos, cada vez mais, sobre a tecnologia, porque ela avan\u00e7a numa velocidade que a sociedade precisa acompanhar, participar, saber o que fazer com ela\u201d, destacou Marcelo Tas ao falar sobre a relev\u00e2ncia da tem\u00e1tica dentro da Campus Party<\/strong>. <\/mark><\/em><\/p><\/blockquote><\/figure>\n\n\n\n<p>Ao contextualizar sobre o panorama do cen\u00e1rio tecnol\u00f3gico em nosso pa\u00eds, o titular da Secretaria-Geral de Governo (SGG), Adriano da Rocha Lima, destacou novamente sobre a import\u00e2ncia de um marco regulat\u00f3rio espec\u00edfico para o Brasil.<\/p>\n\n\n\n<figure class=\"wp-block-pullquote\"><blockquote><p><em><strong><mark style=\"background-color:rgba(0, 0, 0, 0)\" class=\"has-inline-color has-cyan-bluish-gray-color\">\u201cApesar da globaliza\u00e7\u00e3o no mundo digital, \u00e9 errado achar que a solu\u00e7\u00e3o ou a nossa participa\u00e7\u00e3o dentro da intelig\u00eancia artificial (IA) seja igual a outros pa\u00edses. N\u00e3o adianta fazer uma tradu\u00e7\u00e3o do que foi discutido na Europa, por exemplo, como se aquilo fosse aplic\u00e1vel como regra brasileira. Se avan\u00e7armos dessa forma, o protagonismo do Brasil na IA ser\u00e1 inviabilizado\u201d, salientou Adriano.<\/mark><\/strong><\/em><\/p><\/blockquote><\/figure>\n\n\n\n<p>Ao ser questionado pelo mediador sobre as dificuldades e oportunidades referentes \u00e0 infraestrutura tecnol\u00f3gica e avan\u00e7o brasileiro na intelig\u00eancia artificial, Adriano da Rocha Lima ressaltou que existem muitos talentos e dados para operacionalizar, mas o que falta \u00e9 a capacidade computacional de processamento no pa\u00eds.<\/p>\n\n\n\n<figure class=\"wp-block-pullquote\"><blockquote><p><em><strong><mark style=\"background-color:rgba(0, 0, 0, 0)\" class=\"has-inline-color has-cyan-bluish-gray-color\">\u201cN\u00e3o basta apenas ter servidor, \u00e9 preciso ter energia dispon\u00edvel para alimentar a IA. E no Brasil, por meio da nossa matriz energ\u00e9tica limpa e a disponibilidade de biog\u00e1s e biometano, n\u00f3s temos a oportunidade de exportar energia, trazendo o processamento de IA para o nosso pa\u00eds e usando a energia limpa gerada aqui\u201d destacou o secret\u00e1rio.<\/mark><\/strong><\/em><\/p><\/blockquote><\/figure>\n\n\n\n<p>Jos\u00e9 Frederico salientou sobre a oportunidade que a Campus Party proporciona na discuss\u00e3o da IA junto com a popula\u00e7\u00e3o.<\/p>\n\n\n\n<figure class=\"wp-block-pullquote\"><blockquote><p><em><strong><mark style=\"background-color:rgba(0, 0, 0, 0)\" class=\"has-inline-color has-cyan-bluish-gray-color\">\u201cA discuss\u00e3o da IA, a tomada de decis\u00f5es e a defini\u00e7\u00e3o de regras deve ser feita junto com a popula\u00e7\u00e3o. E a fun\u00e7\u00e3o da Campus Party \u00e9 justamente popularizar a tecnologia, expandir a discuss\u00e3o para al\u00e9m do governo e especialistas\u201d destacou.<\/mark><\/strong><\/em><\/p><\/blockquote><\/figure>\n\n\n\n<p>O Secret\u00e1rio de ci\u00eancia e tecnologia tamb\u00e9m enfatizou os investimentos do estado como o apoio ao CEIA\/UFG e uma s\u00e9rie de iniciativas que v\u00e3o desde laborat\u00f3rios para crian\u00e7as, Escolas do Futuro e inclus\u00e3o digital para idosos, que est\u00e3o tornando Goi\u00e1s em uma refer\u00eancia nacional em tecnologia e inova\u00e7\u00e3o.<\/p>\n\n\n\n<p>Durante o encontro, t\u00f3picos como investimentos em pesquisa e desenvolvimento, o papel das startups e os obst\u00e1culos do pa\u00eds, como a falta de incentivos \u00e0 inova\u00e7\u00e3o, gargalos educacionais e a pouca integra\u00e7\u00e3o entre academia, governo e setor privado, tamb\u00e9m foram abordados.<\/p>\n\n\n\n<p>Anderson da Silva e Heloisy Rodrigues pontuaram que entre os principais desafios para se produzir tecnologia no pa\u00eds destaca-se o investimento em pesquisa e inova\u00e7\u00e3o, mas que em Goi\u00e1s o cen\u00e1rio \u00e9 diferente.<\/p>\n\n\n\n<figure class=\"wp-block-pullquote\"><blockquote><p><em><strong><mark style=\"background-color:rgba(0, 0, 0, 0)\" class=\"has-inline-color has-cyan-bluish-gray-color\">\u201cO nosso estado \u00e9 refer\u00eancia e tem apoiado muitas iniciativas. Eu recebo esse apoio no meu dia a dia. Eu acabei de sair da gradua\u00e7\u00e3o e empreendo no instituto de inform\u00e1tica, dentro da UFG, e tenho recebido apoio do Governo de Goi\u00e1s na nossa startup e vejo que Goi\u00e1s \u00e9 um estado que fomenta a inova\u00e7\u00e3o\u201d, pontuou Heloisy.<\/mark><\/strong><\/em><\/p><\/blockquote><\/figure>\n\n\n\n<p>O professor Anderson destacou a import\u00e2ncia da parceria entre Governo de Goi\u00e1s e a UFG para o avan\u00e7o do estado.<\/p>\n\n\n\n<figure class=\"wp-block-pullquote\"><blockquote><p><em><strong><mark style=\"background-color:rgba(0, 0, 0, 0)\" class=\"has-inline-color has-cyan-bluish-gray-color\">\u201cNos \u00faltimos anos, al\u00e9m da cria\u00e7\u00e3o do primeiro bacharelado de IA do Brasil, criamos tamb\u00e9m o maior e melhor centro de pesquisa e inova\u00e7\u00e3o, que \u00e9 o Centro de Excel\u00eancia em Intelig\u00eancia Artificial (CEIA).E hoje o CEIA apoia mais de 60 empresas e conta com mais de 700 pesquisadores contratados\u201d, salientou.<\/mark><\/strong><\/em><\/p><\/blockquote><\/figure>\n\n\n\n<h2 class=\"wp-block-heading\">Etos.IA Provoca\u00e7\u00f5es<\/h2>\n\n\n\n<p>A 5\u00aa edi\u00e7\u00e3o do Etos.IA Provoca\u00e7\u00f5es foi promovida pelo Governo de Goi\u00e1s, em parceria com a Universidade Federal de Goi\u00e1s (UFG). O evenotu contou com o apoio institucional da Unesco Brasil e do Grupo Jaime C\u00e2mara, al\u00e9m do patroc\u00ednio da Saneago. Nesta edi\u00e7\u00e3o, o Etos.IA Provoca\u00e7\u00f5es integrou a programa\u00e7\u00e3o da Campus Party Goi\u00e1s 4, um dos maiores encontros de tecnologia e inova\u00e7\u00e3o do Brasil.<\/p>\n\n\n\n<p><\/p>\n","protected":false},"excerpt":{"rendered":"<p>O segundo dia da 5\u00aa edi\u00e7\u00e3o do Etos.IA Provoca\u00e7\u00f5es reuniu especialistas, na tarde deste s\u00e1bado (30\/11), no Shopping Passeio das \u00c1guas, para debater sobre tecnologia. A programa\u00e7\u00e3o, que integra o F\u00f3rum Internacional do Marco Regulat\u00f3rio da IA, dentro da Campus Party Goi\u00e1s 4, contou com o painel intitulado \u201cO Brasil pode evoluir de consumidor a desenvolvedor de tecnologias?\u201d, com media\u00e7\u00e3o do comunicador e educador, Marcelo Tas. Os painelistas convidados para o debate foram o Secret\u00e1rio-Geral de Governo, Adriano da Rocha Lima, o Secret\u00e1rio de Ci\u00eancia e Tecnologia, Jos\u00e9 Frederico Lyra Netto, ambos do Governo de Goi\u00e1s, o professor do Centro de Excel\u00eancia em Intelig\u00eancia Artificial (CEIA) da Universidade Federal de Goi\u00e1s (UFG), Anderson da Silva Soares, e a 1\u00aa Mulher da Am\u00e9rica Latina formada em Intelig\u00eancia Artificial pela UFG, Heloisy P. Rodrigues. \u201c\u00c9 muito importante discutirmos, cada vez mais, sobre a tecnologia, porque ela avan\u00e7a numa velocidade que a sociedade precisa acompanhar, participar, saber o que fazer com ela\u201d, destacou Marcelo Tas ao falar sobre a relev\u00e2ncia da tem\u00e1tica dentro da Campus Party. Ao contextualizar sobre o panorama do cen\u00e1rio tecnol\u00f3gico em nosso pa\u00eds, o titular da Secretaria-Geral de Governo (SGG), Adriano da Rocha Lima, destacou novamente sobre a import\u00e2ncia de um marco regulat\u00f3rio espec\u00edfico para o Brasil. \u201cApesar da globaliza\u00e7\u00e3o no mundo digital, \u00e9 errado achar que a solu\u00e7\u00e3o ou a nossa participa\u00e7\u00e3o dentro da intelig\u00eancia artificial (IA) seja igual a outros pa\u00edses. N\u00e3o adianta fazer uma tradu\u00e7\u00e3o do que foi discutido na Europa, por exemplo, como se aquilo fosse aplic\u00e1vel como regra brasileira. Se avan\u00e7armos dessa forma, o protagonismo do Brasil na IA ser\u00e1 inviabilizado\u201d, salientou Adriano. Ao ser questionado pelo mediador sobre as dificuldades e oportunidades referentes \u00e0 infraestrutura tecnol\u00f3gica e avan\u00e7o brasileiro na intelig\u00eancia artificial, Adriano da Rocha Lima ressaltou que existem muitos talentos e dados para operacionalizar, mas o que falta \u00e9 a capacidade computacional de processamento no pa\u00eds. \u201cN\u00e3o basta apenas ter servidor, \u00e9 preciso ter energia dispon\u00edvel para alimentar a IA. E no Brasil, por meio da nossa matriz energ\u00e9tica limpa e a disponibilidade de biog\u00e1s e biometano, n\u00f3s temos a oportunidade de exportar energia, trazendo o processamento de IA para o nosso pa\u00eds e usando a energia limpa gerada aqui\u201d destacou o secret\u00e1rio. Jos\u00e9 Frederico salientou sobre a oportunidade que a Campus Party proporciona na discuss\u00e3o da IA junto com a popula\u00e7\u00e3o. \u201cA discuss\u00e3o da IA, a tomada de decis\u00f5es e a defini\u00e7\u00e3o de regras deve ser feita junto com a popula\u00e7\u00e3o. E a fun\u00e7\u00e3o da Campus Party \u00e9 justamente popularizar a tecnologia, expandir a discuss\u00e3o para al\u00e9m do governo e especialistas\u201d destacou. O Secret\u00e1rio de ci\u00eancia e tecnologia tamb\u00e9m enfatizou os investimentos do estado como o apoio ao CEIA\/UFG e uma s\u00e9rie de iniciativas que v\u00e3o desde laborat\u00f3rios para crian\u00e7as, Escolas do Futuro e inclus\u00e3o digital para idosos, que est\u00e3o tornando Goi\u00e1s em uma refer\u00eancia nacional em tecnologia e inova\u00e7\u00e3o. Durante o encontro, t\u00f3picos como investimentos em pesquisa e desenvolvimento, o papel das startups e os obst\u00e1culos do pa\u00eds, como a falta de incentivos \u00e0 inova\u00e7\u00e3o, gargalos educacionais e a pouca integra\u00e7\u00e3o entre academia, governo e setor privado, tamb\u00e9m foram abordados. Anderson da Silva e Heloisy Rodrigues pontuaram que entre os principais desafios para se produzir tecnologia no pa\u00eds destaca-se o investimento em pesquisa e inova\u00e7\u00e3o, mas que em Goi\u00e1s o cen\u00e1rio \u00e9 diferente. \u201cO nosso estado \u00e9 refer\u00eancia e tem apoiado muitas iniciativas. Eu recebo esse apoio no meu dia a dia. Eu acabei de sair da gradua\u00e7\u00e3o e empreendo no instituto de inform\u00e1tica, dentro da UFG, e tenho recebido apoio do Governo de Goi\u00e1s na nossa startup e vejo que Goi\u00e1s \u00e9 um estado que fomenta a inova\u00e7\u00e3o\u201d, pontuou Heloisy. O professor Anderson destacou a import\u00e2ncia da parceria entre Governo de Goi\u00e1s e a UFG para o avan\u00e7o do estado. \u201cNos \u00faltimos anos, al\u00e9m da cria\u00e7\u00e3o do primeiro bacharelado de IA do Brasil, criamos tamb\u00e9m o maior e melhor centro de pesquisa e inova\u00e7\u00e3o, que \u00e9 o Centro de Excel\u00eancia em Intelig\u00eancia Artificial (CEIA).E hoje o CEIA apoia mais de 60 empresas e conta com mais de 700 pesquisadores contratados\u201d, salientou. Etos.IA Provoca\u00e7\u00f5es A 5\u00aa edi\u00e7\u00e3o do Etos.IA Provoca\u00e7\u00f5es foi promovida pelo Governo de Goi\u00e1s, em parceria com a Universidade Federal de Goi\u00e1s (UFG). O evenotu contou com o apoio institucional da Unesco Brasil e do Grupo Jaime C\u00e2mara, al\u00e9m do patroc\u00ednio da Saneago. Nesta edi\u00e7\u00e3o, o Etos.IA Provoca\u00e7\u00f5es integrou a programa\u00e7\u00e3o da Campus Party Goi\u00e1s 4, um dos maiores encontros de tecnologia e inova\u00e7\u00e3o do Brasil.<\/p>\n","protected":false},"author":713,"featured_media":202336,"comment_status":"open","ping_status":"open","sticky":false,"template":"","format":"standard","meta":{"footnotes":"","_links_to":"","_links_to_target":""},"categories":[3,24],"tags":[45],"class_list":["post-202264","post","type-post","status-publish","format-standard","has-post-thumbnail","hentry","category-noticias","category-ultimas-noticias","tag-cpgoias4"],"rttpg_featured_image_url":{"full":["https:\/\/goias.gov.br\/ligo\/wp-content\/uploads\/sites\/61\/2024\/12\/capa-new-teste_marco_r_2_1200X600.jpg",1200,600,false],"landscape":["https:\/\/goias.gov.br\/ligo\/wp-content\/uploads\/sites\/61\/2024\/12\/capa-new-teste_marco_r_2_1200X600.jpg",1200,600,false],"portraits":["https:\/\/goias.gov.br\/ligo\/wp-content\/uploads\/sites\/61\/2024\/12\/capa-new-teste_marco_r_2_1200X600.jpg",1200,600,false],"thumbnail":["https:\/\/goias.gov.br\/ligo\/wp-content\/uploads\/sites\/61\/2024\/12\/capa-new-teste_marco_r_2_1200X600-150x150.jpg",150,150,true],"medium":["https:\/\/goias.gov.br\/ligo\/wp-content\/uploads\/sites\/61\/2024\/12\/capa-new-teste_marco_r_2_1200X600-300x150.jpg",300,150,true],"large":["https:\/\/goias.gov.br\/ligo\/wp-content\/uploads\/sites\/61\/2024\/12\/capa-new-teste_marco_r_2_1200X600-1024x512.jpg",1024,512,true],"1536x1536":["https:\/\/goias.gov.br\/ligo\/wp-content\/uploads\/sites\/61\/2024\/12\/capa-new-teste_marco_r_2_1200X600.jpg",1200,600,false],"2048x2048":["https:\/\/goias.gov.br\/ligo\/wp-content\/uploads\/sites\/61\/2024\/12\/capa-new-teste_marco_r_2_1200X600.jpg",1200,600,false]},"rttpg_author":{"display_name":"C\u00e9sar Augusto","author_link":"https:\/\/goias.gov.br\/ligo\/author\/cesarpacheco\/"},"rttpg_comment":0,"rttpg_category":"<a href=\"https:\/\/goias.gov.br\/ligo\/categoria\/noticias\/\" rel=\"category tag\">Not\u00edcias<\/a> <a href=\"https:\/\/goias.gov.br\/ligo\/categoria\/noticias\/ultimas-noticias\/\" rel=\"category tag\">\u00daltimas Not\u00edcias<\/a>","rttpg_excerpt":"O segundo dia da 5\u00aa edi\u00e7\u00e3o do Etos.IA Provoca\u00e7\u00f5es reuniu especialistas, na tarde deste s\u00e1bado (30\/11), no Shopping Passeio das \u00c1guas, para debater sobre tecnologia. A programa\u00e7\u00e3o, que integra o F\u00f3rum Internacional do Marco Regulat\u00f3rio da IA, dentro da Campus Party Goi\u00e1s 4, contou com o painel intitulado \u201cO Brasil pode evoluir de consumidor a&hellip;","_links":{"self":[{"href":"https:\/\/goias.gov.br\/ligo\/wp-json\/wp\/v2\/posts\/202264","targetHints":{"allow":["GET"]}}],"collection":[{"href":"https:\/\/goias.gov.br\/ligo\/wp-json\/wp\/v2\/posts"}],"about":[{"href":"https:\/\/goias.gov.br\/ligo\/wp-json\/wp\/v2\/types\/post"}],"author":[{"embeddable":true,"href":"https:\/\/goias.gov.br\/ligo\/wp-json\/wp\/v2\/users\/713"}],"replies":[{"embeddable":true,"href":"https:\/\/goias.gov.br\/ligo\/wp-json\/wp\/v2\/comments?post=202264"}],"version-history":[{"count":2,"href":"https:\/\/goias.gov.br\/ligo\/wp-json\/wp\/v2\/posts\/202264\/revisions"}],"predecessor-version":[{"id":205065,"href":"https:\/\/goias.gov.br\/ligo\/wp-json\/wp\/v2\/posts\/202264\/revisions\/205065"}],"wp:featuredmedia":[{"embeddable":true,"href":"https:\/\/goias.gov.br\/ligo\/wp-json\/wp\/v2\/media\/202336"}],"wp:attachment":[{"href":"https:\/\/goias.gov.br\/ligo\/wp-json\/wp\/v2\/media?parent=202264"}],"wp:term":[{"taxonomy":"category","embeddable":true,"href":"https:\/\/goias.gov.br\/ligo\/wp-json\/wp\/v2\/categories?post=202264"},{"taxonomy":"post_tag","embeddable":true,"href":"https:\/\/goias.gov.br\/ligo\/wp-json\/wp\/v2\/tags?post=202264"}],"curies":[{"name":"wp","href":"https:\/\/api.w.org\/{rel}","templated":true}]}}