

{"id":9618,"date":"2025-02-13T16:22:50","date_gmt":"2025-02-13T19:22:50","guid":{"rendered":"https:\/\/goias.gov.br\/juceg\/?p=9618"},"modified":"2025-02-13T16:22:50","modified_gmt":"2025-02-13T19:22:50","slug":"juceg-se-reune-com-seplan-goiania-para-tratar-da-redesim","status":"publish","type":"post","link":"https:\/\/goias.gov.br\/juceg\/juceg-se-reune-com-seplan-goiania-para-tratar-da-redesim\/","title":{"rendered":"Juceg se reune com Seplan Goi\u00e2nia para tratar da RedeSim"},"content":{"rendered":"<p><img fetchpriority=\"high\" decoding=\"async\" class=\"alignnone size-full wp-image-9622\" src=\"https:\/\/goias.gov.br\/juceg\/wp-content\/uploads\/sites\/42\/2025\/02\/13.02-Juceg-e-Seplan-Goiania-se-reunem-para-agilizar-sistema-1.jpg\" alt=\"\" width=\"1080\" height=\"1350\" srcset=\"https:\/\/goias.gov.br\/juceg\/wp-content\/uploads\/sites\/42\/2025\/02\/13.02-Juceg-e-Seplan-Goiania-se-reunem-para-agilizar-sistema-1.jpg 1080w, https:\/\/goias.gov.br\/juceg\/wp-content\/uploads\/sites\/42\/2025\/02\/13.02-Juceg-e-Seplan-Goiania-se-reunem-para-agilizar-sistema-1-240x300.jpg 240w, https:\/\/goias.gov.br\/juceg\/wp-content\/uploads\/sites\/42\/2025\/02\/13.02-Juceg-e-Seplan-Goiania-se-reunem-para-agilizar-sistema-1-819x1024.jpg 819w, https:\/\/goias.gov.br\/juceg\/wp-content\/uploads\/sites\/42\/2025\/02\/13.02-Juceg-e-Seplan-Goiania-se-reunem-para-agilizar-sistema-1-768x960.jpg 768w\" sizes=\"(max-width: 1080px) 100vw, 1080px\" \/><\/p>\n<p>A Juceg, liderada pelo presidente Euclides Barbo Siqueira, fez uma visita t\u00e9cnica para a Secret\u00e1ria Municipal de Planejamento e Urbanismo Estrat\u00e9gico de Goi\u00e2nia, Ana Carolina Nunes de Souza Almeida. A pauta foi a apresenta\u00e7\u00e3o e detalhamento de como funciona a RedeSim &#8211; Rede Nacional para a Simplifica\u00e7\u00e3o do Registro e da Legaliza\u00e7\u00e3o de Empresas e Neg\u00f3cios, da qual a prefeitura faz parte.<\/p>\n<p>A Redesim \u00e9 uma rede de sistemas que reune, em um \u00fanico ambiente virtual, todos os entes necess\u00e1rios para registrar e legalizar uma empresa. Est\u00e3o l\u00e1 os \u00f3rg\u00e3os de registro (Juntas Comerciais, Cart\u00f3rios de Registro Civil de Pessoas Jur\u00eddicas e OAB), as administra\u00e7\u00f5es tribut\u00e1rias no \u00e2mbito federal, estadual e municipal e os \u00f3rg\u00e3os licenciadores, em especial o Corpo de Bombeiros, a Vigil\u00e2ncia Sanit\u00e1ria e o Meio Ambiente.<\/p>\n<p><img decoding=\"async\" class=\"alignnone size-full wp-image-9620\" src=\"https:\/\/goias.gov.br\/juceg\/wp-content\/uploads\/sites\/42\/2025\/02\/13.02-Juceg-e-Seplan-Goiania-se-reunem-para-agilizar-sistema-3.jpg\" alt=\"\" width=\"1080\" height=\"1350\" srcset=\"https:\/\/goias.gov.br\/juceg\/wp-content\/uploads\/sites\/42\/2025\/02\/13.02-Juceg-e-Seplan-Goiania-se-reunem-para-agilizar-sistema-3.jpg 1080w, https:\/\/goias.gov.br\/juceg\/wp-content\/uploads\/sites\/42\/2025\/02\/13.02-Juceg-e-Seplan-Goiania-se-reunem-para-agilizar-sistema-3-240x300.jpg 240w, https:\/\/goias.gov.br\/juceg\/wp-content\/uploads\/sites\/42\/2025\/02\/13.02-Juceg-e-Seplan-Goiania-se-reunem-para-agilizar-sistema-3-819x1024.jpg 819w, https:\/\/goias.gov.br\/juceg\/wp-content\/uploads\/sites\/42\/2025\/02\/13.02-Juceg-e-Seplan-Goiania-se-reunem-para-agilizar-sistema-3-768x960.jpg 768w\" sizes=\"(max-width: 1080px) 100vw, 1080px\" \/><\/p>\n<p>\u201cEssa reuni\u00e3o foi de alinhamento com a nova secret\u00e1ria de Planejamento de Goi\u00e2nia, tendo em vista que algumas licen\u00e7as para abertura de empresas, como a de uso de solo, passam pela pasta. O trabalho em conjunto, da Juceg com a Secretaria, visa dar mais celeridade ao empres\u00e1rio\u201d, pondera o presidente da Junta, Euclides Barbo Siqueira.<\/p>\n<p><img decoding=\"async\" class=\"alignnone size-full wp-image-9621\" src=\"https:\/\/goias.gov.br\/juceg\/wp-content\/uploads\/sites\/42\/2025\/02\/13.02-Juceg-e-Seplan-Goiania-se-reunem-para-agilizar-sistema-2.jpg\" alt=\"\" width=\"1080\" height=\"1350\" srcset=\"https:\/\/goias.gov.br\/juceg\/wp-content\/uploads\/sites\/42\/2025\/02\/13.02-Juceg-e-Seplan-Goiania-se-reunem-para-agilizar-sistema-2.jpg 1080w, https:\/\/goias.gov.br\/juceg\/wp-content\/uploads\/sites\/42\/2025\/02\/13.02-Juceg-e-Seplan-Goiania-se-reunem-para-agilizar-sistema-2-240x300.jpg 240w, https:\/\/goias.gov.br\/juceg\/wp-content\/uploads\/sites\/42\/2025\/02\/13.02-Juceg-e-Seplan-Goiania-se-reunem-para-agilizar-sistema-2-819x1024.jpg 819w, https:\/\/goias.gov.br\/juceg\/wp-content\/uploads\/sites\/42\/2025\/02\/13.02-Juceg-e-Seplan-Goiania-se-reunem-para-agilizar-sistema-2-768x960.jpg 768w\" sizes=\"(max-width: 1080px) 100vw, 1080px\" \/><br \/>\nRepresentaram a Junta o vice-presidente, Francisco Lopes; a chefe de Gabinete Mariana Motta, o diretor da RedeSim, S\u00e9rgio Floriano e o gerente da Redesim, Jos\u00e9 Oscar Estev\u00e3o. A chefe de gabinete da pasta, Janamaina Costa Bezerra de Azevedo e o\u00a0 analista de pol\u00edticas p\u00fablicas do Sebrae Goi\u00e1s, Allan M\u00e1ximo, tamb\u00e9m participaram da reuni\u00e3o.<br \/>\n<img loading=\"lazy\" decoding=\"async\" class=\"alignnone size-full wp-image-9619\" src=\"https:\/\/goias.gov.br\/juceg\/wp-content\/uploads\/sites\/42\/2025\/02\/13.02-Juceg-e-Seplan-Goiania-se-reunem-para-agilizar-sistema-4.jpg\" alt=\"\" width=\"1080\" height=\"1350\" srcset=\"https:\/\/goias.gov.br\/juceg\/wp-content\/uploads\/sites\/42\/2025\/02\/13.02-Juceg-e-Seplan-Goiania-se-reunem-para-agilizar-sistema-4.jpg 1080w, https:\/\/goias.gov.br\/juceg\/wp-content\/uploads\/sites\/42\/2025\/02\/13.02-Juceg-e-Seplan-Goiania-se-reunem-para-agilizar-sistema-4-240x300.jpg 240w, https:\/\/goias.gov.br\/juceg\/wp-content\/uploads\/sites\/42\/2025\/02\/13.02-Juceg-e-Seplan-Goiania-se-reunem-para-agilizar-sistema-4-819x1024.jpg 819w, https:\/\/goias.gov.br\/juceg\/wp-content\/uploads\/sites\/42\/2025\/02\/13.02-Juceg-e-Seplan-Goiania-se-reunem-para-agilizar-sistema-4-768x960.jpg 768w\" sizes=\"(max-width: 1080px) 100vw, 1080px\" \/><br \/>\nJos\u00e9 Oscar fez toda a parte de explica\u00e7\u00e3o t\u00e9cnica de como funciona a Redesim e, ao final, Allan M\u00e1ximo falou de um importante projeto, que conta com o apoio da Juceg, que mapeia e desburocratiza processos de aberturas de empresas. A secret\u00e1ria se colocou \u00e0 disposi\u00e7\u00e3o para solucionar os entraves e melhorar, cada vez mais, a participa\u00e7\u00e3o da Prefeitura de Goi\u00e2nia na rede.<\/p>\n<p>Unidade de Comunica\u00e7\u00e3o<br \/>\nJunta Comercial de Goi\u00e1s<\/p>\n","protected":false},"excerpt":{"rendered":"<p>A Juceg, liderada pelo presidente Euclides Barbo Siqueira, fez uma visita t\u00e9cnica para a Secret\u00e1ria Municipal de Planejamento e Urbanismo Estrat\u00e9gico de Goi\u00e2nia, Ana Carolina Nunes de Souza Almeida. A pauta foi a apresenta\u00e7\u00e3o e detalhamento de como funciona a RedeSim &#8211; Rede Nacional para a Simplifica\u00e7\u00e3o do Registro e da Legaliza\u00e7\u00e3o de Empresas e [&hellip;]<\/p>\n","protected":false},"author":374,"featured_media":9622,"comment_status":"closed","ping_status":"open","sticky":false,"template":"","format":"standard","meta":{"footnotes":""},"categories":[3],"tags":[],"class_list":["post-9618","post","type-post","status-publish","format-standard","has-post-thumbnail","hentry","category-noticias"],"rttpg_featured_image_url":{"full":["https:\/\/goias.gov.br\/juceg\/wp-content\/uploads\/sites\/42\/2025\/02\/13.02-Juceg-e-Seplan-Goiania-se-reunem-para-agilizar-sistema-1.jpg",1080,1350,false],"landscape":["https:\/\/goias.gov.br\/juceg\/wp-content\/uploads\/sites\/42\/2025\/02\/13.02-Juceg-e-Seplan-Goiania-se-reunem-para-agilizar-sistema-1.jpg",1080,1350,false],"portraits":["https:\/\/goias.gov.br\/juceg\/wp-content\/uploads\/sites\/42\/2025\/02\/13.02-Juceg-e-Seplan-Goiania-se-reunem-para-agilizar-sistema-1.jpg",1080,1350,false],"thumbnail":["https:\/\/goias.gov.br\/juceg\/wp-content\/uploads\/sites\/42\/2025\/02\/13.02-Juceg-e-Seplan-Goiania-se-reunem-para-agilizar-sistema-1-150x150.jpg",150,150,true],"medium":["https:\/\/goias.gov.br\/juceg\/wp-content\/uploads\/sites\/42\/2025\/02\/13.02-Juceg-e-Seplan-Goiania-se-reunem-para-agilizar-sistema-1-240x300.jpg",240,300,true],"large":["https:\/\/goias.gov.br\/juceg\/wp-content\/uploads\/sites\/42\/2025\/02\/13.02-Juceg-e-Seplan-Goiania-se-reunem-para-agilizar-sistema-1-819x1024.jpg",819,1024,true],"1536x1536":["https:\/\/goias.gov.br\/juceg\/wp-content\/uploads\/sites\/42\/2025\/02\/13.02-Juceg-e-Seplan-Goiania-se-reunem-para-agilizar-sistema-1.jpg",1080,1350,false],"2048x2048":["https:\/\/goias.gov.br\/juceg\/wp-content\/uploads\/sites\/42\/2025\/02\/13.02-Juceg-e-Seplan-Goiania-se-reunem-para-agilizar-sistema-1.jpg",1080,1350,false]},"rttpg_author":{"display_name":"joaoacarvalho","author_link":"https:\/\/goias.gov.br\/juceg\/author\/joaoacarvalho\/"},"rttpg_comment":0,"rttpg_category":"<a href=\"https:\/\/goias.gov.br\/juceg\/categoria\/noticias\/\" rel=\"category tag\">Not\u00edcias<\/a>","rttpg_excerpt":"A Juceg, liderada pelo presidente Euclides Barbo Siqueira, fez uma visita t\u00e9cnica para a Secret\u00e1ria Municipal de Planejamento e Urbanismo Estrat\u00e9gico de Goi\u00e2nia, Ana Carolina Nunes de Souza Almeida. A pauta foi a apresenta\u00e7\u00e3o e detalhamento de como funciona a RedeSim &#8211; Rede Nacional para a Simplifica\u00e7\u00e3o do Registro e da Legaliza\u00e7\u00e3o de Empresas e&hellip;","_links":{"self":[{"href":"https:\/\/goias.gov.br\/juceg\/wp-json\/wp\/v2\/posts\/9618","targetHints":{"allow":["GET"]}}],"collection":[{"href":"https:\/\/goias.gov.br\/juceg\/wp-json\/wp\/v2\/posts"}],"about":[{"href":"https:\/\/goias.gov.br\/juceg\/wp-json\/wp\/v2\/types\/post"}],"author":[{"embeddable":true,"href":"https:\/\/goias.gov.br\/juceg\/wp-json\/wp\/v2\/users\/374"}],"replies":[{"embeddable":true,"href":"https:\/\/goias.gov.br\/juceg\/wp-json\/wp\/v2\/comments?post=9618"}],"version-history":[{"count":1,"href":"https:\/\/goias.gov.br\/juceg\/wp-json\/wp\/v2\/posts\/9618\/revisions"}],"predecessor-version":[{"id":9623,"href":"https:\/\/goias.gov.br\/juceg\/wp-json\/wp\/v2\/posts\/9618\/revisions\/9623"}],"wp:featuredmedia":[{"embeddable":true,"href":"https:\/\/goias.gov.br\/juceg\/wp-json\/wp\/v2\/media\/9622"}],"wp:attachment":[{"href":"https:\/\/goias.gov.br\/juceg\/wp-json\/wp\/v2\/media?parent=9618"}],"wp:term":[{"taxonomy":"category","embeddable":true,"href":"https:\/\/goias.gov.br\/juceg\/wp-json\/wp\/v2\/categories?post=9618"},{"taxonomy":"post_tag","embeddable":true,"href":"https:\/\/goias.gov.br\/juceg\/wp-json\/wp\/v2\/tags?post=9618"}],"curies":[{"name":"wp","href":"https:\/\/api.w.org\/{rel}","templated":true}]}}