

{"id":9605,"date":"2025-02-12T07:00:00","date_gmt":"2025-02-12T10:00:00","guid":{"rendered":"https:\/\/goias.gov.br\/juceg\/?p=9605"},"modified":"2025-02-12T09:03:38","modified_gmt":"2025-02-12T12:03:38","slug":"feliz-aniversario","status":"publish","type":"post","link":"https:\/\/goias.gov.br\/juceg\/feliz-aniversario\/","title":{"rendered":"Feliz Anivers\u00e1rio!"},"content":{"rendered":"\n<figure class=\"wp-block-image size-large\"><img fetchpriority=\"high\" decoding=\"async\" width=\"819\" height=\"1024\" src=\"https:\/\/goias.gov.br\/juceg\/wp-content\/uploads\/sites\/42\/2025\/02\/12.02-presidente-euclides-2-819x1024.jpg\" alt=\"\" class=\"wp-image-9607\" srcset=\"https:\/\/goias.gov.br\/juceg\/wp-content\/uploads\/sites\/42\/2025\/02\/12.02-presidente-euclides-2-819x1024.jpg 819w, https:\/\/goias.gov.br\/juceg\/wp-content\/uploads\/sites\/42\/2025\/02\/12.02-presidente-euclides-2-240x300.jpg 240w, https:\/\/goias.gov.br\/juceg\/wp-content\/uploads\/sites\/42\/2025\/02\/12.02-presidente-euclides-2-768x960.jpg 768w, https:\/\/goias.gov.br\/juceg\/wp-content\/uploads\/sites\/42\/2025\/02\/12.02-presidente-euclides-2.jpg 1080w\" sizes=\"(max-width: 819px) 100vw, 819px\" \/><\/figure>\n\n\n\n<p>Hoje \u00e9 anivers\u00e1rio do nosso presidente Euclides Barbo Siqueira!<\/p>\n\n\n\n<p>\u00c9 atleticano de cora\u00e7\u00e3o mas recentemente ganhou novos amores: Leon e Alice, netinhos que nasceram em 2024.<\/p>\n\n\n\n<p>Gosta de viajar e curtir a vida ao lado da esposa Viviane.<\/p>\n\n\n\n<p>Empres\u00e1rio da \u00e1rea de educa\u00e7\u00e3o, \u00e9 vogal indicado pela Acieg e presidente da Junta Comercial de Goi\u00e1s desde 2019.<\/p>\n\n\n\n<p>Parab\u00e9ns e muitos anos de vida \u00e9 o que deseja o time JUCEG!<\/p>\n","protected":false},"excerpt":{"rendered":"<p>Hoje \u00e9 anivers\u00e1rio do nosso presidente Euclides Barbo Siqueira! \u00c9 atleticano de cora\u00e7\u00e3o mas recentemente ganhou novos amores: Leon e Alice, netinhos que nasceram em 2024. Gosta de viajar e curtir a vida ao lado da esposa Viviane. Empres\u00e1rio da \u00e1rea de educa\u00e7\u00e3o, \u00e9 vogal indicado pela Acieg e presidente da Junta Comercial de Goi\u00e1s [&hellip;]<\/p>\n","protected":false},"author":374,"featured_media":9604,"comment_status":"closed","ping_status":"open","sticky":false,"template":"","format":"standard","meta":{"footnotes":""},"categories":[3],"tags":[],"class_list":["post-9605","post","type-post","status-publish","format-standard","has-post-thumbnail","hentry","category-noticias"],"rttpg_featured_image_url":{"full":["https:\/\/goias.gov.br\/juceg\/wp-content\/uploads\/sites\/42\/2025\/02\/12.02-presidente-euclides-1.jpg",1080,1350,false],"landscape":["https:\/\/goias.gov.br\/juceg\/wp-content\/uploads\/sites\/42\/2025\/02\/12.02-presidente-euclides-1.jpg",1080,1350,false],"portraits":["https:\/\/goias.gov.br\/juceg\/wp-content\/uploads\/sites\/42\/2025\/02\/12.02-presidente-euclides-1.jpg",1080,1350,false],"thumbnail":["https:\/\/goias.gov.br\/juceg\/wp-content\/uploads\/sites\/42\/2025\/02\/12.02-presidente-euclides-1-150x150.jpg",150,150,true],"medium":["https:\/\/goias.gov.br\/juceg\/wp-content\/uploads\/sites\/42\/2025\/02\/12.02-presidente-euclides-1-240x300.jpg",240,300,true],"large":["https:\/\/goias.gov.br\/juceg\/wp-content\/uploads\/sites\/42\/2025\/02\/12.02-presidente-euclides-1-819x1024.jpg",819,1024,true],"1536x1536":["https:\/\/goias.gov.br\/juceg\/wp-content\/uploads\/sites\/42\/2025\/02\/12.02-presidente-euclides-1.jpg",1080,1350,false],"2048x2048":["https:\/\/goias.gov.br\/juceg\/wp-content\/uploads\/sites\/42\/2025\/02\/12.02-presidente-euclides-1.jpg",1080,1350,false]},"rttpg_author":{"display_name":"joaoacarvalho","author_link":"https:\/\/goias.gov.br\/juceg\/author\/joaoacarvalho\/"},"rttpg_comment":0,"rttpg_category":"<a href=\"https:\/\/goias.gov.br\/juceg\/categoria\/noticias\/\" rel=\"category tag\">Not\u00edcias<\/a>","rttpg_excerpt":"Hoje \u00e9 anivers\u00e1rio do nosso presidente Euclides Barbo Siqueira! \u00c9 atleticano de cora\u00e7\u00e3o mas recentemente ganhou novos amores: Leon e Alice, netinhos que nasceram em 2024. Gosta de viajar e curtir a vida ao lado da esposa Viviane. Empres\u00e1rio da \u00e1rea de educa\u00e7\u00e3o, \u00e9 vogal indicado pela Acieg e presidente da Junta Comercial de Goi\u00e1s&hellip;","_links":{"self":[{"href":"https:\/\/goias.gov.br\/juceg\/wp-json\/wp\/v2\/posts\/9605","targetHints":{"allow":["GET"]}}],"collection":[{"href":"https:\/\/goias.gov.br\/juceg\/wp-json\/wp\/v2\/posts"}],"about":[{"href":"https:\/\/goias.gov.br\/juceg\/wp-json\/wp\/v2\/types\/post"}],"author":[{"embeddable":true,"href":"https:\/\/goias.gov.br\/juceg\/wp-json\/wp\/v2\/users\/374"}],"replies":[{"embeddable":true,"href":"https:\/\/goias.gov.br\/juceg\/wp-json\/wp\/v2\/comments?post=9605"}],"version-history":[{"count":2,"href":"https:\/\/goias.gov.br\/juceg\/wp-json\/wp\/v2\/posts\/9605\/revisions"}],"predecessor-version":[{"id":9608,"href":"https:\/\/goias.gov.br\/juceg\/wp-json\/wp\/v2\/posts\/9605\/revisions\/9608"}],"wp:featuredmedia":[{"embeddable":true,"href":"https:\/\/goias.gov.br\/juceg\/wp-json\/wp\/v2\/media\/9604"}],"wp:attachment":[{"href":"https:\/\/goias.gov.br\/juceg\/wp-json\/wp\/v2\/media?parent=9605"}],"wp:term":[{"taxonomy":"category","embeddable":true,"href":"https:\/\/goias.gov.br\/juceg\/wp-json\/wp\/v2\/categories?post=9605"},{"taxonomy":"post_tag","embeddable":true,"href":"https:\/\/goias.gov.br\/juceg\/wp-json\/wp\/v2\/tags?post=9605"}],"curies":[{"name":"wp","href":"https:\/\/api.w.org\/{rel}","templated":true}]}}