

{"id":9111,"date":"2025-01-24T14:12:05","date_gmt":"2025-01-24T17:12:05","guid":{"rendered":"https:\/\/goias.gov.br\/juceg\/?p=9111"},"modified":"2025-01-24T14:12:05","modified_gmt":"2025-01-24T17:12:05","slug":"vice-presidente-da-juceg-toma-posse-na-agocicon","status":"publish","type":"post","link":"https:\/\/goias.gov.br\/juceg\/vice-presidente-da-juceg-toma-posse-na-agocicon\/","title":{"rendered":"Vice-presidente da Juceg toma posse na AGOCICON"},"content":{"rendered":"\n<figure class=\"wp-block-image size-large\"><img fetchpriority=\"high\" decoding=\"async\" width=\"819\" height=\"1024\" src=\"https:\/\/goias.gov.br\/juceg\/wp-content\/uploads\/sites\/42\/2025\/01\/24.01-Vice-presidente-da-Juceg-assume-diretoria-na-AGOCICON-2-819x1024.png\" alt=\"\" class=\"wp-image-9112\" srcset=\"https:\/\/goias.gov.br\/juceg\/wp-content\/uploads\/sites\/42\/2025\/01\/24.01-Vice-presidente-da-Juceg-assume-diretoria-na-AGOCICON-2-819x1024.png 819w, https:\/\/goias.gov.br\/juceg\/wp-content\/uploads\/sites\/42\/2025\/01\/24.01-Vice-presidente-da-Juceg-assume-diretoria-na-AGOCICON-2-240x300.png 240w, https:\/\/goias.gov.br\/juceg\/wp-content\/uploads\/sites\/42\/2025\/01\/24.01-Vice-presidente-da-Juceg-assume-diretoria-na-AGOCICON-2-768x960.png 768w, https:\/\/goias.gov.br\/juceg\/wp-content\/uploads\/sites\/42\/2025\/01\/24.01-Vice-presidente-da-Juceg-assume-diretoria-na-AGOCICON-2.png 1080w\" sizes=\"(max-width: 819px) 100vw, 819px\" \/><\/figure>\n\n\n\n<p>Foi empossado, como diretor da Academia Goiana de Ci\u00eancias Cont\u00e1beis (AGOCICON), o vice-presidente da Juceg e contador, Francisco Canind\u00e9 Lopes. A solenidade aconteceu, na \u00faltima quinta, 23, na sede do Conselho Regional de Contabilidade de Goi\u00e1s (CRCGO) e o mandato da nova diretoria \u00e9 para o bi\u00eanio 2025\/2026.<\/p>\n\n\n\n<figure class=\"wp-block-image size-large\"><img decoding=\"async\" width=\"819\" height=\"1024\" src=\"https:\/\/goias.gov.br\/juceg\/wp-content\/uploads\/sites\/42\/2025\/01\/24.01-Vice-presidente-da-Juceg-assume-diretoria-na-AGOCICON-1-819x1024.png\" alt=\"\" class=\"wp-image-9113\" srcset=\"https:\/\/goias.gov.br\/juceg\/wp-content\/uploads\/sites\/42\/2025\/01\/24.01-Vice-presidente-da-Juceg-assume-diretoria-na-AGOCICON-1-819x1024.png 819w, https:\/\/goias.gov.br\/juceg\/wp-content\/uploads\/sites\/42\/2025\/01\/24.01-Vice-presidente-da-Juceg-assume-diretoria-na-AGOCICON-1-240x300.png 240w, https:\/\/goias.gov.br\/juceg\/wp-content\/uploads\/sites\/42\/2025\/01\/24.01-Vice-presidente-da-Juceg-assume-diretoria-na-AGOCICON-1-768x960.png 768w, https:\/\/goias.gov.br\/juceg\/wp-content\/uploads\/sites\/42\/2025\/01\/24.01-Vice-presidente-da-Juceg-assume-diretoria-na-AGOCICON-1.png 1080w\" sizes=\"(max-width: 819px) 100vw, 819px\" \/><\/figure>\n\n\n\n<p>Francisco Lopes \u00e9 nome atuante em prol dos contadores de Goi\u00e1s. Al\u00e9m de representar a entidade no conselho de vogais da Juceg, \u00e9 tamb\u00e9m conselheiro do CRCGO e agora diretor da AGOCICON.<\/p>\n\n\n\n<p>Desejamos sucesso em mais essa empreitada!<\/p>\n","protected":false},"excerpt":{"rendered":"<p>Foi empossado, como diretor da Academia Goiana de Ci\u00eancias Cont\u00e1beis (AGOCICON), o vice-presidente da Juceg e contador, Francisco Canind\u00e9 Lopes. A solenidade aconteceu, na \u00faltima quinta, 23, na sede do Conselho Regional de Contabilidade de Goi\u00e1s (CRCGO) e o mandato da nova diretoria \u00e9 para o bi\u00eanio 2025\/2026. Francisco Lopes \u00e9 nome atuante em prol [&hellip;]<\/p>\n","protected":false},"author":374,"featured_media":9112,"comment_status":"closed","ping_status":"open","sticky":false,"template":"","format":"standard","meta":{"footnotes":""},"categories":[3],"tags":[],"class_list":["post-9111","post","type-post","status-publish","format-standard","has-post-thumbnail","hentry","category-noticias"],"rttpg_featured_image_url":{"full":["https:\/\/goias.gov.br\/juceg\/wp-content\/uploads\/sites\/42\/2025\/01\/24.01-Vice-presidente-da-Juceg-assume-diretoria-na-AGOCICON-2.png",1080,1350,false],"landscape":["https:\/\/goias.gov.br\/juceg\/wp-content\/uploads\/sites\/42\/2025\/01\/24.01-Vice-presidente-da-Juceg-assume-diretoria-na-AGOCICON-2.png",1080,1350,false],"portraits":["https:\/\/goias.gov.br\/juceg\/wp-content\/uploads\/sites\/42\/2025\/01\/24.01-Vice-presidente-da-Juceg-assume-diretoria-na-AGOCICON-2.png",1080,1350,false],"thumbnail":["https:\/\/goias.gov.br\/juceg\/wp-content\/uploads\/sites\/42\/2025\/01\/24.01-Vice-presidente-da-Juceg-assume-diretoria-na-AGOCICON-2-150x150.png",150,150,true],"medium":["https:\/\/goias.gov.br\/juceg\/wp-content\/uploads\/sites\/42\/2025\/01\/24.01-Vice-presidente-da-Juceg-assume-diretoria-na-AGOCICON-2-240x300.png",240,300,true],"large":["https:\/\/goias.gov.br\/juceg\/wp-content\/uploads\/sites\/42\/2025\/01\/24.01-Vice-presidente-da-Juceg-assume-diretoria-na-AGOCICON-2-819x1024.png",819,1024,true],"1536x1536":["https:\/\/goias.gov.br\/juceg\/wp-content\/uploads\/sites\/42\/2025\/01\/24.01-Vice-presidente-da-Juceg-assume-diretoria-na-AGOCICON-2.png",1080,1350,false],"2048x2048":["https:\/\/goias.gov.br\/juceg\/wp-content\/uploads\/sites\/42\/2025\/01\/24.01-Vice-presidente-da-Juceg-assume-diretoria-na-AGOCICON-2.png",1080,1350,false]},"rttpg_author":{"display_name":"joaoacarvalho","author_link":"https:\/\/goias.gov.br\/juceg\/author\/joaoacarvalho\/"},"rttpg_comment":0,"rttpg_category":"<a href=\"https:\/\/goias.gov.br\/juceg\/categoria\/noticias\/\" rel=\"category tag\">Not\u00edcias<\/a>","rttpg_excerpt":"Foi empossado, como diretor da Academia Goiana de Ci\u00eancias Cont\u00e1beis (AGOCICON), o vice-presidente da Juceg e contador, Francisco Canind\u00e9 Lopes. A solenidade aconteceu, na \u00faltima quinta, 23, na sede do Conselho Regional de Contabilidade de Goi\u00e1s (CRCGO) e o mandato da nova diretoria \u00e9 para o bi\u00eanio 2025\/2026. Francisco Lopes \u00e9 nome atuante em prol&hellip;","_links":{"self":[{"href":"https:\/\/goias.gov.br\/juceg\/wp-json\/wp\/v2\/posts\/9111","targetHints":{"allow":["GET"]}}],"collection":[{"href":"https:\/\/goias.gov.br\/juceg\/wp-json\/wp\/v2\/posts"}],"about":[{"href":"https:\/\/goias.gov.br\/juceg\/wp-json\/wp\/v2\/types\/post"}],"author":[{"embeddable":true,"href":"https:\/\/goias.gov.br\/juceg\/wp-json\/wp\/v2\/users\/374"}],"replies":[{"embeddable":true,"href":"https:\/\/goias.gov.br\/juceg\/wp-json\/wp\/v2\/comments?post=9111"}],"version-history":[{"count":1,"href":"https:\/\/goias.gov.br\/juceg\/wp-json\/wp\/v2\/posts\/9111\/revisions"}],"predecessor-version":[{"id":9114,"href":"https:\/\/goias.gov.br\/juceg\/wp-json\/wp\/v2\/posts\/9111\/revisions\/9114"}],"wp:featuredmedia":[{"embeddable":true,"href":"https:\/\/goias.gov.br\/juceg\/wp-json\/wp\/v2\/media\/9112"}],"wp:attachment":[{"href":"https:\/\/goias.gov.br\/juceg\/wp-json\/wp\/v2\/media?parent=9111"}],"wp:term":[{"taxonomy":"category","embeddable":true,"href":"https:\/\/goias.gov.br\/juceg\/wp-json\/wp\/v2\/categories?post=9111"},{"taxonomy":"post_tag","embeddable":true,"href":"https:\/\/goias.gov.br\/juceg\/wp-json\/wp\/v2\/tags?post=9111"}],"curies":[{"name":"wp","href":"https:\/\/api.w.org\/{rel}","templated":true}]}}