

{"id":545,"date":"2020-01-31T17:14:02","date_gmt":"2020-01-31T20:14:02","guid":{"rendered":"https:\/\/siteshom.goias.gov.br\/juceg\/atencao-usuario-novos-atos-e-eventos-disponiveis-no-portal-do-empreendedor\/"},"modified":"2020-01-31T17:14:02","modified_gmt":"2020-01-31T20:14:02","slug":"atencao-usuario-novos-atos-e-eventos-disponiveis-no-portal-do-empreendedor","status":"publish","type":"post","link":"https:\/\/goias.gov.br\/juceg\/atencao-usuario-novos-atos-e-eventos-disponiveis-no-portal-do-empreendedor\/","title":{"rendered":"Aten\u00e7\u00e3o Usu\u00e1rio: Novos Atos e Eventos dispon\u00edveis no Portal do Empreendedor"},"content":{"rendered":"<p><img fetchpriority=\"high\" decoding=\"async\" class=\" size-full wp-image-544\" alt=\"\" height=\"183\" id=\"\" src=\"https:\/\/goias.gov.br\/juceg\/wp-content\/uploads\/sites\/42\/2020\/01\/WhatsAppImage2020-02-03at11.15.10-c60.jpeg\" title=\"\" width=\"427\" srcset=\"https:\/\/goias.gov.br\/juceg\/wp-content\/uploads\/sites\/42\/2020\/01\/WhatsAppImage2020-02-03at11.15.10-c60.jpeg 1280w, https:\/\/goias.gov.br\/juceg\/wp-content\/uploads\/sites\/42\/2020\/01\/WhatsAppImage2020-02-03at11.15.10-c60-300x129.jpeg 300w, https:\/\/goias.gov.br\/juceg\/wp-content\/uploads\/sites\/42\/2020\/01\/WhatsAppImage2020-02-03at11.15.10-c60-1024x439.jpeg 1024w, https:\/\/goias.gov.br\/juceg\/wp-content\/uploads\/sites\/42\/2020\/01\/WhatsAppImage2020-02-03at11.15.10-c60-768x329.jpeg 768w\" sizes=\"(max-width: 427px) 100vw, 427px\" \/><\/p>\n<p style=\"text-align: justify;\">Senhores Usu&aacute;rios, a partir de 28\/01\/2020 foram disponibilizados no Portal do Empreendedor Goiano os seguintes atos e eventos:<\/p>\n<p style=\"text-align: justify;\"><strong>Ato: 210- COMUNICA&Ccedil;&Atilde;O DE PARALISA&Ccedil;&Atilde;O TEMPOR&Aacute;RIA DE ATIVIDADES <\/strong><\/p>\n<p style=\"text-align: justify;\">Evento: 210 &#8211; COMUNICADO DE PARALISA&Ccedil;&Atilde;O TEMPOR&Aacute;RIA DE ATIVIDADE &ndash; SEDE 221 &#8211; COMUNICADO DE PARALISA&Ccedil;&Atilde;O TEMPOR&Aacute;RIA DE ATIVIDADE-FILIAL NOMENCLATURA DO EVENTO NO PORTAL: INTERRUP&Ccedil;&Atilde;O TEMPOR&Aacute;RIA DE ATIVIDADES.<\/p>\n<p style=\"text-align: justify;\"><strong>Ato: 211 &#8211; COMUNICA&Ccedil;&Atilde;O DE REIN&Iacute;CIO DE ATIVIDADES PARALISADAS TEMPORARIAMENTE <\/strong><\/p>\n<p style=\"text-align: justify;\">Evento: 211 &#8211; COMUNICADO DE REIN&Iacute;CIO DE ATIVIDADES PARALISADAS TEMPORARIAMENTE &ndash;<\/p>\n<p style=\"text-align: justify;\">SEDE 222 &#8211; COMUNICADO DE REIN&Iacute;CIO DE ATIVIDADES PARALISADAS TEMPORARIAMENTE &ndash; FILIAL NOMENCLATURA DO EVENTO NO PORTAL: REIN&Iacute;CIO DE ATIVIDADES INTERROMPIDAS TEMPORARIAMENTE.<\/p>\n<p style=\"text-align: justify;\"><strong>Os eventos encontram-se dispon&iacute;veis a todas as naturezas jur&iacute;dicas atendidas pelo portal e n&atilde;o podem ser combinados com outros eventos. <\/strong><\/p>\n<p style=\"text-align: justify;\">Ressaltamos que os processos das naturezas jur&iacute;dicas <strong>LTDA, EIRELI e Empres&aacute;rio Individual<\/strong>, dever&atilde;o se adequar ao tr&acirc;mite eletr&ocirc;nico, conforme cronograma de obrigatoriedade. Os processos que iniciaram a sua tramita&ccedil;&atilde;o de forma manual, em data anterior a 01\/02\/2020, dever&atilde;o ter o seu andamento preservado at&eacute; a conclus&atilde;o, sem a obrigatoriedade de tramita&ccedil;&atilde;o eletr&ocirc;nica.<\/p>\n","protected":false},"excerpt":{"rendered":"<p>Senhores Usu&aacute;rios, a partir de 28\/01\/2020 foram disponibilizados no Portal do Empreendedor Goiano os seguintes atos e eventos: Ato: 210- COMUNICA&Ccedil;&Atilde;O DE PARALISA&Ccedil;&Atilde;O TEMPOR&Aacute;RIA DE ATIVIDADES Evento: 210 &#8211; COMUNICADO DE PARALISA&Ccedil;&Atilde;O TEMPOR&Aacute;RIA DE ATIVIDADE &ndash; SEDE 221 &#8211; COMUNICADO DE PARALISA&Ccedil;&Atilde;O TEMPOR&Aacute;RIA DE ATIVIDADE-FILIAL NOMENCLATURA DO EVENTO NO PORTAL: INTERRUP&Ccedil;&Atilde;O TEMPOR&Aacute;RIA DE ATIVIDADES. Ato: [&hellip;]<\/p>\n","protected":false},"author":1,"featured_media":544,"comment_status":"closed","ping_status":"open","sticky":false,"template":"","format":"standard","meta":{"footnotes":""},"categories":[3],"tags":[],"class_list":["post-545","post","type-post","status-publish","format-standard","has-post-thumbnail","hentry","category-noticias"],"rttpg_featured_image_url":{"full":["https:\/\/goias.gov.br\/juceg\/wp-content\/uploads\/sites\/42\/2020\/01\/WhatsAppImage2020-02-03at11.15.10-c60.jpeg",1280,549,false],"landscape":["https:\/\/goias.gov.br\/juceg\/wp-content\/uploads\/sites\/42\/2020\/01\/WhatsAppImage2020-02-03at11.15.10-c60.jpeg",1280,549,false],"portraits":["https:\/\/goias.gov.br\/juceg\/wp-content\/uploads\/sites\/42\/2020\/01\/WhatsAppImage2020-02-03at11.15.10-c60.jpeg",1280,549,false],"thumbnail":["https:\/\/goias.gov.br\/juceg\/wp-content\/uploads\/sites\/42\/2020\/01\/WhatsAppImage2020-02-03at11.15.10-c60-150x150.jpeg",150,150,true],"medium":["https:\/\/goias.gov.br\/juceg\/wp-content\/uploads\/sites\/42\/2020\/01\/WhatsAppImage2020-02-03at11.15.10-c60-300x129.jpeg",300,129,true],"large":["https:\/\/goias.gov.br\/juceg\/wp-content\/uploads\/sites\/42\/2020\/01\/WhatsAppImage2020-02-03at11.15.10-c60-1024x439.jpeg",1024,439,true],"1536x1536":["https:\/\/goias.gov.br\/juceg\/wp-content\/uploads\/sites\/42\/2020\/01\/WhatsAppImage2020-02-03at11.15.10-c60.jpeg",1280,549,false],"2048x2048":["https:\/\/goias.gov.br\/juceg\/wp-content\/uploads\/sites\/42\/2020\/01\/WhatsAppImage2020-02-03at11.15.10-c60.jpeg",1280,549,false]},"rttpg_author":{"display_name":"wagner.viana","author_link":"https:\/\/goias.gov.br\/juceg\/author\/wagner-viana\/"},"rttpg_comment":0,"rttpg_category":"<a href=\"https:\/\/goias.gov.br\/juceg\/categoria\/noticias\/\" rel=\"category tag\">Not\u00edcias<\/a>","rttpg_excerpt":"Senhores Usu&aacute;rios, a partir de 28\/01\/2020 foram disponibilizados no Portal do Empreendedor Goiano os seguintes atos e eventos: Ato: 210- COMUNICA&Ccedil;&Atilde;O DE PARALISA&Ccedil;&Atilde;O TEMPOR&Aacute;RIA DE ATIVIDADES Evento: 210 &#8211; COMUNICADO DE PARALISA&Ccedil;&Atilde;O TEMPOR&Aacute;RIA DE ATIVIDADE &ndash; SEDE 221 &#8211; COMUNICADO DE PARALISA&Ccedil;&Atilde;O TEMPOR&Aacute;RIA DE ATIVIDADE-FILIAL NOMENCLATURA DO EVENTO NO PORTAL: INTERRUP&Ccedil;&Atilde;O TEMPOR&Aacute;RIA DE ATIVIDADES. Ato:&hellip;","_links":{"self":[{"href":"https:\/\/goias.gov.br\/juceg\/wp-json\/wp\/v2\/posts\/545","targetHints":{"allow":["GET"]}}],"collection":[{"href":"https:\/\/goias.gov.br\/juceg\/wp-json\/wp\/v2\/posts"}],"about":[{"href":"https:\/\/goias.gov.br\/juceg\/wp-json\/wp\/v2\/types\/post"}],"author":[{"embeddable":true,"href":"https:\/\/goias.gov.br\/juceg\/wp-json\/wp\/v2\/users\/1"}],"replies":[{"embeddable":true,"href":"https:\/\/goias.gov.br\/juceg\/wp-json\/wp\/v2\/comments?post=545"}],"version-history":[{"count":0,"href":"https:\/\/goias.gov.br\/juceg\/wp-json\/wp\/v2\/posts\/545\/revisions"}],"wp:featuredmedia":[{"embeddable":true,"href":"https:\/\/goias.gov.br\/juceg\/wp-json\/wp\/v2\/media\/544"}],"wp:attachment":[{"href":"https:\/\/goias.gov.br\/juceg\/wp-json\/wp\/v2\/media?parent=545"}],"wp:term":[{"taxonomy":"category","embeddable":true,"href":"https:\/\/goias.gov.br\/juceg\/wp-json\/wp\/v2\/categories?post=545"},{"taxonomy":"post_tag","embeddable":true,"href":"https:\/\/goias.gov.br\/juceg\/wp-json\/wp\/v2\/tags?post=545"}],"curies":[{"name":"wp","href":"https:\/\/api.w.org\/{rel}","templated":true}]}}