

{"id":4533,"date":"2024-06-27T08:21:20","date_gmt":"2024-06-27T11:21:20","guid":{"rendered":"https:\/\/goias.gov.br\/juceg\/?p=4533"},"modified":"2024-06-27T08:21:20","modified_gmt":"2024-06-27T11:21:20","slug":"dia-internacional-das-micro-pequenas-e-medias-empresas","status":"publish","type":"post","link":"https:\/\/goias.gov.br\/juceg\/dia-internacional-das-micro-pequenas-e-medias-empresas\/","title":{"rendered":"Dia Internacional das Micro, Pequenas e M\u00e9dias Empresas"},"content":{"rendered":"<p><img fetchpriority=\"high\" decoding=\"async\" class=\"alignnone size-full wp-image-4534\" src=\"https:\/\/goias.gov.br\/juceg\/wp-content\/uploads\/sites\/42\/2024\/06\/26_06-dia-das-micro.png\" alt=\"\" width=\"1080\" height=\"1080\" \/><\/p>\n<p class=\"_ap3a _aaco _aacu _aacx _aad7 _aade\" dir=\"auto\">Neste 27 de junho, a ONU celebra o Dia Internacional das Micro, Pequenas e M\u00e9dias Empresas. Juntas, elas s\u00e3o respons\u00e1veis por 99% dos neg\u00f3cios e 54% das vagas de emprego no pa\u00eds.<\/p>\n<p>Fazendo a grande roda da economia girar, essa parcela empresarial corresponde a 30% do PIB brasileiro. S\u00e3o milhares de neg\u00f3cios administrados por mulheres, jovens, homens em busca de um ideal: empreender e ter sucesso.<\/p>\n<p>A Juceg se orgulha de fazer parte desse cen\u00e1rio t\u00e3o promissor, sobretudo, desburocratizando a abertura de novos neg\u00f3cios e facilitando a vida de quem quer empreender em Goi\u00e1s. Por aqui, j\u00e1 somamos mais de um milh\u00e3o de empresas ativas.<\/p>\n","protected":false},"excerpt":{"rendered":"<p>Neste 27 de junho, a ONU celebra o Dia Internacional das Micro, Pequenas e M\u00e9dias Empresas. Juntas, elas s\u00e3o respons\u00e1veis por 99% dos neg\u00f3cios e 54% das vagas de emprego no pa\u00eds. Fazendo a grande roda da economia girar, essa parcela empresarial corresponde a 30% do PIB brasileiro. S\u00e3o milhares de neg\u00f3cios administrados por mulheres, [&hellip;]<\/p>\n","protected":false},"author":374,"featured_media":4534,"comment_status":"closed","ping_status":"open","sticky":false,"template":"","format":"standard","meta":{"footnotes":""},"categories":[3],"tags":[],"class_list":["post-4533","post","type-post","status-publish","format-standard","has-post-thumbnail","hentry","category-noticias"],"rttpg_featured_image_url":{"full":["https:\/\/goias.gov.br\/juceg\/wp-content\/uploads\/sites\/42\/2024\/06\/26_06-dia-das-micro.png",1080,1080,false],"landscape":["https:\/\/goias.gov.br\/juceg\/wp-content\/uploads\/sites\/42\/2024\/06\/26_06-dia-das-micro.png",1080,1080,false],"portraits":["https:\/\/goias.gov.br\/juceg\/wp-content\/uploads\/sites\/42\/2024\/06\/26_06-dia-das-micro.png",1080,1080,false],"thumbnail":["https:\/\/goias.gov.br\/juceg\/wp-content\/uploads\/sites\/42\/2024\/06\/26_06-dia-das-micro.png",150,150,false],"medium":["https:\/\/goias.gov.br\/juceg\/wp-content\/uploads\/sites\/42\/2024\/06\/26_06-dia-das-micro.png",300,300,false],"large":["https:\/\/goias.gov.br\/juceg\/wp-content\/uploads\/sites\/42\/2024\/06\/26_06-dia-das-micro.png",1024,1024,false],"1536x1536":["https:\/\/goias.gov.br\/juceg\/wp-content\/uploads\/sites\/42\/2024\/06\/26_06-dia-das-micro.png",1080,1080,false],"2048x2048":["https:\/\/goias.gov.br\/juceg\/wp-content\/uploads\/sites\/42\/2024\/06\/26_06-dia-das-micro.png",1080,1080,false]},"rttpg_author":{"display_name":"joaoacarvalho","author_link":"https:\/\/goias.gov.br\/juceg\/author\/joaoacarvalho\/"},"rttpg_comment":0,"rttpg_category":"<a href=\"https:\/\/goias.gov.br\/juceg\/categoria\/noticias\/\" rel=\"category tag\">Not\u00edcias<\/a>","rttpg_excerpt":"Neste 27 de junho, a ONU celebra o Dia Internacional das Micro, Pequenas e M\u00e9dias Empresas. Juntas, elas s\u00e3o respons\u00e1veis por 99% dos neg\u00f3cios e 54% das vagas de emprego no pa\u00eds. Fazendo a grande roda da economia girar, essa parcela empresarial corresponde a 30% do PIB brasileiro. S\u00e3o milhares de neg\u00f3cios administrados por mulheres,&hellip;","_links":{"self":[{"href":"https:\/\/goias.gov.br\/juceg\/wp-json\/wp\/v2\/posts\/4533","targetHints":{"allow":["GET"]}}],"collection":[{"href":"https:\/\/goias.gov.br\/juceg\/wp-json\/wp\/v2\/posts"}],"about":[{"href":"https:\/\/goias.gov.br\/juceg\/wp-json\/wp\/v2\/types\/post"}],"author":[{"embeddable":true,"href":"https:\/\/goias.gov.br\/juceg\/wp-json\/wp\/v2\/users\/374"}],"replies":[{"embeddable":true,"href":"https:\/\/goias.gov.br\/juceg\/wp-json\/wp\/v2\/comments?post=4533"}],"version-history":[{"count":1,"href":"https:\/\/goias.gov.br\/juceg\/wp-json\/wp\/v2\/posts\/4533\/revisions"}],"predecessor-version":[{"id":4535,"href":"https:\/\/goias.gov.br\/juceg\/wp-json\/wp\/v2\/posts\/4533\/revisions\/4535"}],"wp:featuredmedia":[{"embeddable":true,"href":"https:\/\/goias.gov.br\/juceg\/wp-json\/wp\/v2\/media\/4534"}],"wp:attachment":[{"href":"https:\/\/goias.gov.br\/juceg\/wp-json\/wp\/v2\/media?parent=4533"}],"wp:term":[{"taxonomy":"category","embeddable":true,"href":"https:\/\/goias.gov.br\/juceg\/wp-json\/wp\/v2\/categories?post=4533"},{"taxonomy":"post_tag","embeddable":true,"href":"https:\/\/goias.gov.br\/juceg\/wp-json\/wp\/v2\/tags?post=4533"}],"curies":[{"name":"wp","href":"https:\/\/api.w.org\/{rel}","templated":true}]}}