

{"id":33698,"date":"2026-04-17T13:08:58","date_gmt":"2026-04-17T16:08:58","guid":{"rendered":"https:\/\/goias.gov.br\/juceg\/?p=33698"},"modified":"2026-04-17T13:08:58","modified_gmt":"2026-04-17T16:08:58","slug":"feriado-de-tiradentes","status":"publish","type":"post","link":"https:\/\/goias.gov.br\/juceg\/feriado-de-tiradentes\/","title":{"rendered":"Feriado de Tiradentes"},"content":{"rendered":"\n<figure class=\"wp-block-image size-large\"><img fetchpriority=\"high\" decoding=\"async\" width=\"819\" height=\"1024\" src=\"https:\/\/goias.gov.br\/juceg\/wp-content\/uploads\/sites\/42\/2026\/04\/20.04-feriado-tiradentes-feed-819x1024.jpg\" alt=\"\" class=\"wp-image-33701\" srcset=\"https:\/\/goias.gov.br\/juceg\/wp-content\/uploads\/sites\/42\/2026\/04\/20.04-feriado-tiradentes-feed-819x1024.jpg 819w, https:\/\/goias.gov.br\/juceg\/wp-content\/uploads\/sites\/42\/2026\/04\/20.04-feriado-tiradentes-feed-240x300.jpg 240w, https:\/\/goias.gov.br\/juceg\/wp-content\/uploads\/sites\/42\/2026\/04\/20.04-feriado-tiradentes-feed-768x960.jpg 768w, https:\/\/goias.gov.br\/juceg\/wp-content\/uploads\/sites\/42\/2026\/04\/20.04-feriado-tiradentes-feed.jpg 1080w\" sizes=\"(max-width: 819px) 100vw, 819px\" \/><\/figure>\n\n\n\n<p>O Governo de Goi\u00e1s decretou ponto facultativo nas reparti\u00e7\u00f5es p\u00fablicas estaduais no dia 20 de abril de 2026 (segunda-feira), v\u00e9spera do feriado nacional de Tiradentes (21 de abril).<br><br>A medida vale para o Poder Executivo e n\u00e3o afeta servi\u00e7os essenciais como sa\u00fade e seguran\u00e7a.<\/p>\n","protected":false},"excerpt":{"rendered":"<p>O Governo de Goi\u00e1s decretou ponto facultativo nas reparti\u00e7\u00f5es p\u00fablicas estaduais no dia 20 de abril de 2026 (segunda-feira), v\u00e9spera do feriado nacional de Tiradentes (21 de abril). A medida vale para o Poder Executivo e n\u00e3o afeta servi\u00e7os essenciais como sa\u00fade e seguran\u00e7a.<\/p>\n","protected":false},"author":374,"featured_media":33701,"comment_status":"closed","ping_status":"open","sticky":false,"template":"","format":"standard","meta":{"footnotes":""},"categories":[3],"tags":[],"class_list":["post-33698","post","type-post","status-publish","format-standard","has-post-thumbnail","hentry","category-noticias"],"rttpg_featured_image_url":{"full":["https:\/\/goias.gov.br\/juceg\/wp-content\/uploads\/sites\/42\/2026\/04\/20.04-feriado-tiradentes-feed.jpg",1080,1350,false],"landscape":["https:\/\/goias.gov.br\/juceg\/wp-content\/uploads\/sites\/42\/2026\/04\/20.04-feriado-tiradentes-feed.jpg",1080,1350,false],"portraits":["https:\/\/goias.gov.br\/juceg\/wp-content\/uploads\/sites\/42\/2026\/04\/20.04-feriado-tiradentes-feed.jpg",1080,1350,false],"thumbnail":["https:\/\/goias.gov.br\/juceg\/wp-content\/uploads\/sites\/42\/2026\/04\/20.04-feriado-tiradentes-feed-150x150.jpg",150,150,true],"medium":["https:\/\/goias.gov.br\/juceg\/wp-content\/uploads\/sites\/42\/2026\/04\/20.04-feriado-tiradentes-feed-240x300.jpg",240,300,true],"large":["https:\/\/goias.gov.br\/juceg\/wp-content\/uploads\/sites\/42\/2026\/04\/20.04-feriado-tiradentes-feed-819x1024.jpg",819,1024,true],"1536x1536":["https:\/\/goias.gov.br\/juceg\/wp-content\/uploads\/sites\/42\/2026\/04\/20.04-feriado-tiradentes-feed.jpg",1080,1350,false],"2048x2048":["https:\/\/goias.gov.br\/juceg\/wp-content\/uploads\/sites\/42\/2026\/04\/20.04-feriado-tiradentes-feed.jpg",1080,1350,false]},"rttpg_author":{"display_name":"joaoacarvalho","author_link":"https:\/\/goias.gov.br\/juceg\/author\/joaoacarvalho\/"},"rttpg_comment":0,"rttpg_category":"<a href=\"https:\/\/goias.gov.br\/juceg\/categoria\/noticias\/\" rel=\"category tag\">Not\u00edcias<\/a>","rttpg_excerpt":"O Governo de Goi\u00e1s decretou ponto facultativo nas reparti\u00e7\u00f5es p\u00fablicas estaduais no dia 20 de abril de 2026 (segunda-feira), v\u00e9spera do feriado nacional de Tiradentes (21 de abril). A medida vale para o Poder Executivo e n\u00e3o afeta servi\u00e7os essenciais como sa\u00fade e seguran\u00e7a.","_links":{"self":[{"href":"https:\/\/goias.gov.br\/juceg\/wp-json\/wp\/v2\/posts\/33698","targetHints":{"allow":["GET"]}}],"collection":[{"href":"https:\/\/goias.gov.br\/juceg\/wp-json\/wp\/v2\/posts"}],"about":[{"href":"https:\/\/goias.gov.br\/juceg\/wp-json\/wp\/v2\/types\/post"}],"author":[{"embeddable":true,"href":"https:\/\/goias.gov.br\/juceg\/wp-json\/wp\/v2\/users\/374"}],"replies":[{"embeddable":true,"href":"https:\/\/goias.gov.br\/juceg\/wp-json\/wp\/v2\/comments?post=33698"}],"version-history":[{"count":1,"href":"https:\/\/goias.gov.br\/juceg\/wp-json\/wp\/v2\/posts\/33698\/revisions"}],"predecessor-version":[{"id":33708,"href":"https:\/\/goias.gov.br\/juceg\/wp-json\/wp\/v2\/posts\/33698\/revisions\/33708"}],"wp:featuredmedia":[{"embeddable":true,"href":"https:\/\/goias.gov.br\/juceg\/wp-json\/wp\/v2\/media\/33701"}],"wp:attachment":[{"href":"https:\/\/goias.gov.br\/juceg\/wp-json\/wp\/v2\/media?parent=33698"}],"wp:term":[{"taxonomy":"category","embeddable":true,"href":"https:\/\/goias.gov.br\/juceg\/wp-json\/wp\/v2\/categories?post=33698"},{"taxonomy":"post_tag","embeddable":true,"href":"https:\/\/goias.gov.br\/juceg\/wp-json\/wp\/v2\/tags?post=33698"}],"curies":[{"name":"wp","href":"https:\/\/api.w.org\/{rel}","templated":true}]}}