

{"id":32920,"date":"2026-04-07T14:22:28","date_gmt":"2026-04-07T17:22:28","guid":{"rendered":"https:\/\/goias.gov.br\/juceg\/?p=32920"},"modified":"2026-04-07T14:22:28","modified_gmt":"2026-04-07T17:22:28","slug":"alunos-de-direito-da-puc-goias-acompanham-sessao-plenaria-da-juceg","status":"publish","type":"post","link":"https:\/\/goias.gov.br\/juceg\/alunos-de-direito-da-puc-goias-acompanham-sessao-plenaria-da-juceg\/","title":{"rendered":"Alunos de Direito da PUC Goi\u00e1s acompanham Sess\u00e3o Plen\u00e1ria da Juceg"},"content":{"rendered":"\n<figure class=\"wp-block-image size-large\"><img fetchpriority=\"high\" decoding=\"async\" width=\"819\" height=\"1024\" src=\"https:\/\/goias.gov.br\/juceg\/wp-content\/uploads\/sites\/42\/2026\/04\/07.04-Alunos-de-Direito-da-PUC-Goias-acompanham-Sessao-Plenaria-da-Juceg-CAPA-819x1024.jpg\" alt=\"\" class=\"wp-image-32927\" srcset=\"https:\/\/goias.gov.br\/juceg\/wp-content\/uploads\/sites\/42\/2026\/04\/07.04-Alunos-de-Direito-da-PUC-Goias-acompanham-Sessao-Plenaria-da-Juceg-CAPA-819x1024.jpg 819w, https:\/\/goias.gov.br\/juceg\/wp-content\/uploads\/sites\/42\/2026\/04\/07.04-Alunos-de-Direito-da-PUC-Goias-acompanham-Sessao-Plenaria-da-Juceg-CAPA-240x300.jpg 240w, https:\/\/goias.gov.br\/juceg\/wp-content\/uploads\/sites\/42\/2026\/04\/07.04-Alunos-de-Direito-da-PUC-Goias-acompanham-Sessao-Plenaria-da-Juceg-CAPA-768x960.jpg 768w, https:\/\/goias.gov.br\/juceg\/wp-content\/uploads\/sites\/42\/2026\/04\/07.04-Alunos-de-Direito-da-PUC-Goias-acompanham-Sessao-Plenaria-da-Juceg-CAPA.jpg 1080w\" sizes=\"(max-width: 819px) 100vw, 819px\" \/><\/figure>\n\n\n\n<p>Cerca de 20 alunos do 9\u00ba per\u00edodo curso de Direito da Pontif\u00edcia Universidade Cat\u00f3lica de Goi\u00e1s (PUC) acompanharam, na manh\u00e3 desta ter\u00e7a-feira (07), a 7\u00aa Sess\u00e3o Plen\u00e1ria de 2026 da Junta Comercial do Estado de Goi\u00e1s (Juceg). A visita integra a grade da disciplina de Pr\u00e1tica Empresarial.<\/p>\n\n\n\n<p>Os discentes, que foram recebidos pelos membros do vocalato da Juceg, estavam acompanhados da professora Larissa Bareato, para quem a experi\u00eancia agrega valor \u00e0 forma\u00e7\u00e3o dos novos advogados. &#8220;Vemos um mercado de trabalho cada vez mais especializado e, por isso, tamb\u00e9m queremos ver nossos alunos mais preparados&#8221;, pontuou.<\/p>\n\n\n\n<p>De acordo com a professora, a disciplina de Pr\u00e1tica Empresarial \u00e9 uma conquista recente dos docentes junto \u00e0 reitoria da institui\u00e7\u00e3o. &#8220;Foi uma conquista muito grande para o nosso curso, que enriquece sobremaneira o n\u00edvel da gradua\u00e7\u00e3o e os profissionais que v\u00e3o atuar no ramo do Direito Empresarial&#8221;, acrescentou Larissa.<\/p>\n","protected":false},"excerpt":{"rendered":"<p>Cerca de 20 alunos do 9\u00ba per\u00edodo curso de Direito da Pontif\u00edcia Universidade Cat\u00f3lica de Goi\u00e1s (PUC) acompanharam, na manh\u00e3 desta ter\u00e7a-feira (07), a 7\u00aa Sess\u00e3o Plen\u00e1ria de 2026 da Junta Comercial do Estado de Goi\u00e1s (Juceg). A visita integra a grade da disciplina de Pr\u00e1tica Empresarial. Os discentes, que foram recebidos pelos membros do [&hellip;]<\/p>\n","protected":false},"author":374,"featured_media":32927,"comment_status":"closed","ping_status":"open","sticky":false,"template":"","format":"standard","meta":{"footnotes":""},"categories":[3],"tags":[],"class_list":["post-32920","post","type-post","status-publish","format-standard","has-post-thumbnail","hentry","category-noticias"],"rttpg_featured_image_url":{"full":["https:\/\/goias.gov.br\/juceg\/wp-content\/uploads\/sites\/42\/2026\/04\/07.04-Alunos-de-Direito-da-PUC-Goias-acompanham-Sessao-Plenaria-da-Juceg-CAPA.jpg",1080,1350,false],"landscape":["https:\/\/goias.gov.br\/juceg\/wp-content\/uploads\/sites\/42\/2026\/04\/07.04-Alunos-de-Direito-da-PUC-Goias-acompanham-Sessao-Plenaria-da-Juceg-CAPA.jpg",1080,1350,false],"portraits":["https:\/\/goias.gov.br\/juceg\/wp-content\/uploads\/sites\/42\/2026\/04\/07.04-Alunos-de-Direito-da-PUC-Goias-acompanham-Sessao-Plenaria-da-Juceg-CAPA.jpg",1080,1350,false],"thumbnail":["https:\/\/goias.gov.br\/juceg\/wp-content\/uploads\/sites\/42\/2026\/04\/07.04-Alunos-de-Direito-da-PUC-Goias-acompanham-Sessao-Plenaria-da-Juceg-CAPA-150x150.jpg",150,150,true],"medium":["https:\/\/goias.gov.br\/juceg\/wp-content\/uploads\/sites\/42\/2026\/04\/07.04-Alunos-de-Direito-da-PUC-Goias-acompanham-Sessao-Plenaria-da-Juceg-CAPA-240x300.jpg",240,300,true],"large":["https:\/\/goias.gov.br\/juceg\/wp-content\/uploads\/sites\/42\/2026\/04\/07.04-Alunos-de-Direito-da-PUC-Goias-acompanham-Sessao-Plenaria-da-Juceg-CAPA-819x1024.jpg",819,1024,true],"1536x1536":["https:\/\/goias.gov.br\/juceg\/wp-content\/uploads\/sites\/42\/2026\/04\/07.04-Alunos-de-Direito-da-PUC-Goias-acompanham-Sessao-Plenaria-da-Juceg-CAPA.jpg",1080,1350,false],"2048x2048":["https:\/\/goias.gov.br\/juceg\/wp-content\/uploads\/sites\/42\/2026\/04\/07.04-Alunos-de-Direito-da-PUC-Goias-acompanham-Sessao-Plenaria-da-Juceg-CAPA.jpg",1080,1350,false]},"rttpg_author":{"display_name":"joaoacarvalho","author_link":"https:\/\/goias.gov.br\/juceg\/author\/joaoacarvalho\/"},"rttpg_comment":0,"rttpg_category":"<a href=\"https:\/\/goias.gov.br\/juceg\/categoria\/noticias\/\" rel=\"category tag\">Not\u00edcias<\/a>","rttpg_excerpt":"Cerca de 20 alunos do 9\u00ba per\u00edodo curso de Direito da Pontif\u00edcia Universidade Cat\u00f3lica de Goi\u00e1s (PUC) acompanharam, na manh\u00e3 desta ter\u00e7a-feira (07), a 7\u00aa Sess\u00e3o Plen\u00e1ria de 2026 da Junta Comercial do Estado de Goi\u00e1s (Juceg). A visita integra a grade da disciplina de Pr\u00e1tica Empresarial. Os discentes, que foram recebidos pelos membros do&hellip;","_links":{"self":[{"href":"https:\/\/goias.gov.br\/juceg\/wp-json\/wp\/v2\/posts\/32920","targetHints":{"allow":["GET"]}}],"collection":[{"href":"https:\/\/goias.gov.br\/juceg\/wp-json\/wp\/v2\/posts"}],"about":[{"href":"https:\/\/goias.gov.br\/juceg\/wp-json\/wp\/v2\/types\/post"}],"author":[{"embeddable":true,"href":"https:\/\/goias.gov.br\/juceg\/wp-json\/wp\/v2\/users\/374"}],"replies":[{"embeddable":true,"href":"https:\/\/goias.gov.br\/juceg\/wp-json\/wp\/v2\/comments?post=32920"}],"version-history":[{"count":1,"href":"https:\/\/goias.gov.br\/juceg\/wp-json\/wp\/v2\/posts\/32920\/revisions"}],"predecessor-version":[{"id":32936,"href":"https:\/\/goias.gov.br\/juceg\/wp-json\/wp\/v2\/posts\/32920\/revisions\/32936"}],"wp:featuredmedia":[{"embeddable":true,"href":"https:\/\/goias.gov.br\/juceg\/wp-json\/wp\/v2\/media\/32927"}],"wp:attachment":[{"href":"https:\/\/goias.gov.br\/juceg\/wp-json\/wp\/v2\/media?parent=32920"}],"wp:term":[{"taxonomy":"category","embeddable":true,"href":"https:\/\/goias.gov.br\/juceg\/wp-json\/wp\/v2\/categories?post=32920"},{"taxonomy":"post_tag","embeddable":true,"href":"https:\/\/goias.gov.br\/juceg\/wp-json\/wp\/v2\/tags?post=32920"}],"curies":[{"name":"wp","href":"https:\/\/api.w.org\/{rel}","templated":true}]}}