

{"id":19741,"date":"2025-10-21T07:30:00","date_gmt":"2025-10-21T10:30:00","guid":{"rendered":"https:\/\/goias.gov.br\/juceg\/?p=19741"},"modified":"2025-10-20T15:12:43","modified_gmt":"2025-10-20T18:12:43","slug":"feliz-aniversario-caldas-novas","status":"publish","type":"post","link":"https:\/\/goias.gov.br\/juceg\/feliz-aniversario-caldas-novas\/","title":{"rendered":"Feliz Anivers\u00e1rio, Caldas Novas!"},"content":{"rendered":"\n<figure class=\"wp-block-image size-large is-style-default\"><img fetchpriority=\"high\" decoding=\"async\" width=\"819\" height=\"1024\" src=\"https:\/\/goias.gov.br\/juceg\/wp-content\/uploads\/sites\/42\/2025\/10\/21.10-aniversario-Caldas-Novas-feed-819x1024.jpg\" alt=\"\" class=\"wp-image-19742\" srcset=\"https:\/\/goias.gov.br\/juceg\/wp-content\/uploads\/sites\/42\/2025\/10\/21.10-aniversario-Caldas-Novas-feed-819x1024.jpg 819w, https:\/\/goias.gov.br\/juceg\/wp-content\/uploads\/sites\/42\/2025\/10\/21.10-aniversario-Caldas-Novas-feed-240x300.jpg 240w, https:\/\/goias.gov.br\/juceg\/wp-content\/uploads\/sites\/42\/2025\/10\/21.10-aniversario-Caldas-Novas-feed-768x960.jpg 768w, https:\/\/goias.gov.br\/juceg\/wp-content\/uploads\/sites\/42\/2025\/10\/21.10-aniversario-Caldas-Novas-feed.jpg 1080w\" sizes=\"(max-width: 819px) 100vw, 819px\" \/><\/figure>\n\n\n\n<p>Caldas Novas aparece como o d\u00e9cimo munic\u00edpio goiano em n\u00famero de empresas ativas, com 21.198, de acordo com dados da Junta Comercial de Goi\u00e1s, relativos ao m\u00eas de setembro. A cidade completa 114 anos nesta ter\u00e7a-feira (21) e se consolida como um dos destinos mais procurados do pa\u00eds, movimentando a economia local e fortalecendo o turismo goiano.<\/p>\n","protected":false},"excerpt":{"rendered":"<p>Caldas Novas aparece como o d\u00e9cimo munic\u00edpio goiano em n\u00famero de empresas ativas, com 21.198, de acordo com dados da Junta Comercial de Goi\u00e1s, relativos ao m\u00eas de setembro. A cidade completa 114 anos nesta ter\u00e7a-feira (21) e se consolida como um dos destinos mais procurados do pa\u00eds, movimentando a economia local e fortalecendo o [&hellip;]<\/p>\n","protected":false},"author":374,"featured_media":19742,"comment_status":"closed","ping_status":"open","sticky":false,"template":"","format":"standard","meta":{"footnotes":""},"categories":[3],"tags":[],"class_list":["post-19741","post","type-post","status-publish","format-standard","has-post-thumbnail","hentry","category-noticias"],"rttpg_featured_image_url":{"full":["https:\/\/goias.gov.br\/juceg\/wp-content\/uploads\/sites\/42\/2025\/10\/21.10-aniversario-Caldas-Novas-feed.jpg",1080,1350,false],"landscape":["https:\/\/goias.gov.br\/juceg\/wp-content\/uploads\/sites\/42\/2025\/10\/21.10-aniversario-Caldas-Novas-feed.jpg",1080,1350,false],"portraits":["https:\/\/goias.gov.br\/juceg\/wp-content\/uploads\/sites\/42\/2025\/10\/21.10-aniversario-Caldas-Novas-feed.jpg",1080,1350,false],"thumbnail":["https:\/\/goias.gov.br\/juceg\/wp-content\/uploads\/sites\/42\/2025\/10\/21.10-aniversario-Caldas-Novas-feed-150x150.jpg",150,150,true],"medium":["https:\/\/goias.gov.br\/juceg\/wp-content\/uploads\/sites\/42\/2025\/10\/21.10-aniversario-Caldas-Novas-feed-240x300.jpg",240,300,true],"large":["https:\/\/goias.gov.br\/juceg\/wp-content\/uploads\/sites\/42\/2025\/10\/21.10-aniversario-Caldas-Novas-feed-819x1024.jpg",819,1024,true],"1536x1536":["https:\/\/goias.gov.br\/juceg\/wp-content\/uploads\/sites\/42\/2025\/10\/21.10-aniversario-Caldas-Novas-feed.jpg",1080,1350,false],"2048x2048":["https:\/\/goias.gov.br\/juceg\/wp-content\/uploads\/sites\/42\/2025\/10\/21.10-aniversario-Caldas-Novas-feed.jpg",1080,1350,false]},"rttpg_author":{"display_name":"joaoacarvalho","author_link":"https:\/\/goias.gov.br\/juceg\/author\/joaoacarvalho\/"},"rttpg_comment":0,"rttpg_category":"<a href=\"https:\/\/goias.gov.br\/juceg\/categoria\/noticias\/\" rel=\"category tag\">Not\u00edcias<\/a>","rttpg_excerpt":"Caldas Novas aparece como o d\u00e9cimo munic\u00edpio goiano em n\u00famero de empresas ativas, com 21.198, de acordo com dados da Junta Comercial de Goi\u00e1s, relativos ao m\u00eas de setembro. A cidade completa 114 anos nesta ter\u00e7a-feira (21) e se consolida como um dos destinos mais procurados do pa\u00eds, movimentando a economia local e fortalecendo o&hellip;","_links":{"self":[{"href":"https:\/\/goias.gov.br\/juceg\/wp-json\/wp\/v2\/posts\/19741","targetHints":{"allow":["GET"]}}],"collection":[{"href":"https:\/\/goias.gov.br\/juceg\/wp-json\/wp\/v2\/posts"}],"about":[{"href":"https:\/\/goias.gov.br\/juceg\/wp-json\/wp\/v2\/types\/post"}],"author":[{"embeddable":true,"href":"https:\/\/goias.gov.br\/juceg\/wp-json\/wp\/v2\/users\/374"}],"replies":[{"embeddable":true,"href":"https:\/\/goias.gov.br\/juceg\/wp-json\/wp\/v2\/comments?post=19741"}],"version-history":[{"count":1,"href":"https:\/\/goias.gov.br\/juceg\/wp-json\/wp\/v2\/posts\/19741\/revisions"}],"predecessor-version":[{"id":19743,"href":"https:\/\/goias.gov.br\/juceg\/wp-json\/wp\/v2\/posts\/19741\/revisions\/19743"}],"wp:featuredmedia":[{"embeddable":true,"href":"https:\/\/goias.gov.br\/juceg\/wp-json\/wp\/v2\/media\/19742"}],"wp:attachment":[{"href":"https:\/\/goias.gov.br\/juceg\/wp-json\/wp\/v2\/media?parent=19741"}],"wp:term":[{"taxonomy":"category","embeddable":true,"href":"https:\/\/goias.gov.br\/juceg\/wp-json\/wp\/v2\/categories?post=19741"},{"taxonomy":"post_tag","embeddable":true,"href":"https:\/\/goias.gov.br\/juceg\/wp-json\/wp\/v2\/tags?post=19741"}],"curies":[{"name":"wp","href":"https:\/\/api.w.org\/{rel}","templated":true}]}}