

{"id":18511,"date":"2025-09-22T07:00:00","date_gmt":"2025-09-22T10:00:00","guid":{"rendered":"https:\/\/goias.gov.br\/juceg\/?p=18511"},"modified":"2025-09-17T16:16:02","modified_gmt":"2025-09-17T19:16:02","slug":"dia-do-contador","status":"publish","type":"post","link":"https:\/\/goias.gov.br\/juceg\/dia-do-contador\/","title":{"rendered":"Dia do contador"},"content":{"rendered":"\n<figure class=\"wp-block-image size-large\"><img fetchpriority=\"high\" decoding=\"async\" width=\"819\" height=\"1024\" src=\"https:\/\/goias.gov.br\/juceg\/wp-content\/uploads\/sites\/42\/2025\/09\/22.09-dia-do-contador-feed-819x1024.jpg\" alt=\"\" class=\"wp-image-18512\" srcset=\"https:\/\/goias.gov.br\/juceg\/wp-content\/uploads\/sites\/42\/2025\/09\/22.09-dia-do-contador-feed-819x1024.jpg 819w, https:\/\/goias.gov.br\/juceg\/wp-content\/uploads\/sites\/42\/2025\/09\/22.09-dia-do-contador-feed-240x300.jpg 240w, https:\/\/goias.gov.br\/juceg\/wp-content\/uploads\/sites\/42\/2025\/09\/22.09-dia-do-contador-feed-768x960.jpg 768w, https:\/\/goias.gov.br\/juceg\/wp-content\/uploads\/sites\/42\/2025\/09\/22.09-dia-do-contador-feed.jpg 1080w\" sizes=\"(max-width: 819px) 100vw, 819px\" \/><\/figure>\n\n\n\n<p>Hoje \u00e9 dia de reconhecer a import\u00e2ncia dos contadores e a sua contribui\u00e7\u00e3o para o desenvolvimento econ\u00f4mico e financeiro do pa\u00eds.<\/p>\n\n\n\n<p>No Brasil, o Dia do Contador \u00e9 comemorado nesta data porque, no mesmo dia, em 1945, o ent\u00e3o presidente Get\u00falio Vargas assinou o Decreto-Lei n.\u00ba 7.988, que criou no pa\u00eds o primeiro curso de ensino superior em Ci\u00eancias Cont\u00e1beis.<\/p>\n\n\n\n<p>Os contadores s\u00e3o profissionais que estudam e avaliam as atividades financeiras de empresas e indiv\u00edduos, ajudando a manter a sa\u00fade financeira de ambos. S\u00e3o parceiros estrat\u00e9gicos para o empreendedorismo e a gest\u00e3o financeira empresarial.<\/p>\n","protected":false},"excerpt":{"rendered":"<p>Hoje \u00e9 dia de reconhecer a import\u00e2ncia dos contadores e a sua contribui\u00e7\u00e3o para o desenvolvimento econ\u00f4mico e financeiro do pa\u00eds. No Brasil, o Dia do Contador \u00e9 comemorado nesta data porque, no mesmo dia, em 1945, o ent\u00e3o presidente Get\u00falio Vargas assinou o Decreto-Lei n.\u00ba 7.988, que criou no pa\u00eds o primeiro curso de [&hellip;]<\/p>\n","protected":false},"author":374,"featured_media":18512,"comment_status":"closed","ping_status":"open","sticky":false,"template":"","format":"standard","meta":{"footnotes":""},"categories":[3],"tags":[],"class_list":["post-18511","post","type-post","status-publish","format-standard","has-post-thumbnail","hentry","category-noticias"],"rttpg_featured_image_url":{"full":["https:\/\/goias.gov.br\/juceg\/wp-content\/uploads\/sites\/42\/2025\/09\/22.09-dia-do-contador-feed.jpg",1080,1350,false],"landscape":["https:\/\/goias.gov.br\/juceg\/wp-content\/uploads\/sites\/42\/2025\/09\/22.09-dia-do-contador-feed.jpg",1080,1350,false],"portraits":["https:\/\/goias.gov.br\/juceg\/wp-content\/uploads\/sites\/42\/2025\/09\/22.09-dia-do-contador-feed.jpg",1080,1350,false],"thumbnail":["https:\/\/goias.gov.br\/juceg\/wp-content\/uploads\/sites\/42\/2025\/09\/22.09-dia-do-contador-feed-150x150.jpg",150,150,true],"medium":["https:\/\/goias.gov.br\/juceg\/wp-content\/uploads\/sites\/42\/2025\/09\/22.09-dia-do-contador-feed-240x300.jpg",240,300,true],"large":["https:\/\/goias.gov.br\/juceg\/wp-content\/uploads\/sites\/42\/2025\/09\/22.09-dia-do-contador-feed-819x1024.jpg",819,1024,true],"1536x1536":["https:\/\/goias.gov.br\/juceg\/wp-content\/uploads\/sites\/42\/2025\/09\/22.09-dia-do-contador-feed.jpg",1080,1350,false],"2048x2048":["https:\/\/goias.gov.br\/juceg\/wp-content\/uploads\/sites\/42\/2025\/09\/22.09-dia-do-contador-feed.jpg",1080,1350,false]},"rttpg_author":{"display_name":"joaoacarvalho","author_link":"https:\/\/goias.gov.br\/juceg\/author\/joaoacarvalho\/"},"rttpg_comment":0,"rttpg_category":"<a href=\"https:\/\/goias.gov.br\/juceg\/categoria\/noticias\/\" rel=\"category tag\">Not\u00edcias<\/a>","rttpg_excerpt":"Hoje \u00e9 dia de reconhecer a import\u00e2ncia dos contadores e a sua contribui\u00e7\u00e3o para o desenvolvimento econ\u00f4mico e financeiro do pa\u00eds. No Brasil, o Dia do Contador \u00e9 comemorado nesta data porque, no mesmo dia, em 1945, o ent\u00e3o presidente Get\u00falio Vargas assinou o Decreto-Lei n.\u00ba 7.988, que criou no pa\u00eds o primeiro curso de&hellip;","_links":{"self":[{"href":"https:\/\/goias.gov.br\/juceg\/wp-json\/wp\/v2\/posts\/18511","targetHints":{"allow":["GET"]}}],"collection":[{"href":"https:\/\/goias.gov.br\/juceg\/wp-json\/wp\/v2\/posts"}],"about":[{"href":"https:\/\/goias.gov.br\/juceg\/wp-json\/wp\/v2\/types\/post"}],"author":[{"embeddable":true,"href":"https:\/\/goias.gov.br\/juceg\/wp-json\/wp\/v2\/users\/374"}],"replies":[{"embeddable":true,"href":"https:\/\/goias.gov.br\/juceg\/wp-json\/wp\/v2\/comments?post=18511"}],"version-history":[{"count":1,"href":"https:\/\/goias.gov.br\/juceg\/wp-json\/wp\/v2\/posts\/18511\/revisions"}],"predecessor-version":[{"id":18513,"href":"https:\/\/goias.gov.br\/juceg\/wp-json\/wp\/v2\/posts\/18511\/revisions\/18513"}],"wp:featuredmedia":[{"embeddable":true,"href":"https:\/\/goias.gov.br\/juceg\/wp-json\/wp\/v2\/media\/18512"}],"wp:attachment":[{"href":"https:\/\/goias.gov.br\/juceg\/wp-json\/wp\/v2\/media?parent=18511"}],"wp:term":[{"taxonomy":"category","embeddable":true,"href":"https:\/\/goias.gov.br\/juceg\/wp-json\/wp\/v2\/categories?post=18511"},{"taxonomy":"post_tag","embeddable":true,"href":"https:\/\/goias.gov.br\/juceg\/wp-json\/wp\/v2\/tags?post=18511"}],"curies":[{"name":"wp","href":"https:\/\/api.w.org\/{rel}","templated":true}]}}