

{"id":15209,"date":"2025-06-05T11:40:33","date_gmt":"2025-06-05T14:40:33","guid":{"rendered":"https:\/\/goias.gov.br\/juceg\/?p=15209"},"modified":"2025-06-05T11:41:24","modified_gmt":"2025-06-05T14:41:24","slug":"15209-2","status":"publish","type":"post","link":"https:\/\/goias.gov.br\/juceg\/15209-2\/","title":{"rendered":"Juceg marca presen\u00e7a em I Semin\u00e1rio e I Encontro Nacional de Registro Empresarial e Integra\u00e7\u00e3o"},"content":{"rendered":"\n<figure class=\"wp-block-image size-large\"><img fetchpriority=\"high\" decoding=\"async\" width=\"819\" height=\"1024\" src=\"https:\/\/goias.gov.br\/juceg\/wp-content\/uploads\/sites\/42\/2025\/06\/05.06-Juceg-marca-presenca-em-I-Seminario-e-I-Encontro-Nacional-de-Registro-Empresarial-e-Integracao-819x1024.jpg\" alt=\"\" class=\"wp-image-15210\" srcset=\"https:\/\/goias.gov.br\/juceg\/wp-content\/uploads\/sites\/42\/2025\/06\/05.06-Juceg-marca-presenca-em-I-Seminario-e-I-Encontro-Nacional-de-Registro-Empresarial-e-Integracao-819x1024.jpg 819w, https:\/\/goias.gov.br\/juceg\/wp-content\/uploads\/sites\/42\/2025\/06\/05.06-Juceg-marca-presenca-em-I-Seminario-e-I-Encontro-Nacional-de-Registro-Empresarial-e-Integracao-240x300.jpg 240w, https:\/\/goias.gov.br\/juceg\/wp-content\/uploads\/sites\/42\/2025\/06\/05.06-Juceg-marca-presenca-em-I-Seminario-e-I-Encontro-Nacional-de-Registro-Empresarial-e-Integracao-768x960.jpg 768w, https:\/\/goias.gov.br\/juceg\/wp-content\/uploads\/sites\/42\/2025\/06\/05.06-Juceg-marca-presenca-em-I-Seminario-e-I-Encontro-Nacional-de-Registro-Empresarial-e-Integracao.jpg 1080w\" sizes=\"(max-width: 819px) 100vw, 819px\" \/><\/figure>\n\n\n\n<p>A Junta Comercial do Estado de Goi\u00e1s (Juceg), representada pelo vice-presidente Francisco Lopes e pela gerente da Secretaria da Presid\u00eancia, Ana Paula Chaves; marca presen\u00e7a no I Semin\u00e1rio Nacional de Registro Empresarial e Integra\u00e7\u00e3o (SENAREI) e I Encontro Nacional de Registro Empresarial e Integra\u00e7\u00e3o (ENAREI), realizados em Bras\u00edlia, nos dias 4 e 5 de junho.<br><br>O evento \u00e9 promovido pelo Minist\u00e9rio do Empreendedorismo, da Microempresa e da Empresa de Pequeno Porte (MEMP), por meio da Secretaria Nacional de Microempresa e Empresa de Pequeno Porte (SMEPP) e do Departamento Nacional de Registro Empresarial e Integra\u00e7\u00e3o (DREI).<br><br>Com o tema &#8220;Fortalecendo os Pilares do Registro Empresarial no Brasil&#8221;, o ENAREI visa consolidar o Sistema Nacional de Registro Mercantil (SINREM) como instrumento essencial para a seguran\u00e7a jur\u00eddica e a efetividade dos atos empresariais. A programa\u00e7\u00e3o inclui palestras, pain\u00e9is e rodas de conversa sobre temas como a reforma do C\u00f3digo Civil, inova\u00e7\u00f5es tecnol\u00f3gicas no registro empresarial e a integra\u00e7\u00e3o entre os \u00f3rg\u00e3os envolvidos no processo de legaliza\u00e7\u00e3o de empresas.<\/p>\n\n\n\n<figure class=\"wp-block-image size-large\"><img decoding=\"async\" width=\"819\" height=\"1024\" src=\"https:\/\/goias.gov.br\/juceg\/wp-content\/uploads\/sites\/42\/2025\/06\/05.06-Juceg-marca-presenca-em-I-Seminario-e-I-Encontro-Nacional-de-Registro-Empresarial-e-Integracao-1-819x1024.png\" alt=\"\" class=\"wp-image-15211\" srcset=\"https:\/\/goias.gov.br\/juceg\/wp-content\/uploads\/sites\/42\/2025\/06\/05.06-Juceg-marca-presenca-em-I-Seminario-e-I-Encontro-Nacional-de-Registro-Empresarial-e-Integracao-1-819x1024.png 819w, https:\/\/goias.gov.br\/juceg\/wp-content\/uploads\/sites\/42\/2025\/06\/05.06-Juceg-marca-presenca-em-I-Seminario-e-I-Encontro-Nacional-de-Registro-Empresarial-e-Integracao-1-240x300.png 240w, https:\/\/goias.gov.br\/juceg\/wp-content\/uploads\/sites\/42\/2025\/06\/05.06-Juceg-marca-presenca-em-I-Seminario-e-I-Encontro-Nacional-de-Registro-Empresarial-e-Integracao-1-768x960.png 768w, https:\/\/goias.gov.br\/juceg\/wp-content\/uploads\/sites\/42\/2025\/06\/05.06-Juceg-marca-presenca-em-I-Seminario-e-I-Encontro-Nacional-de-Registro-Empresarial-e-Integracao-1.png 1080w\" sizes=\"(max-width: 819px) 100vw, 819px\" \/><\/figure>\n\n\n\n<p>Segundo Francisco Lopes, os debates e trocas de experi\u00eancias s\u00e3o fundamentais para o enfrentamento dos desafios contempor\u00e2neos enfrentados pelos \u00f3rg\u00e3os que comp\u00f5em o sistema, especialmente no que diz respeito \u00e0 integra\u00e7\u00e3o de informa\u00e7\u00f5es. \u201c\u00c9 importante buscar essa atualiza\u00e7\u00e3o e conhecer as inova\u00e7\u00f5es que podem melhorar os servi\u00e7os prestados pela Junta Comercial de Goi\u00e1s\u201d, ressalta ele.<br><br>Entre os destaques do evento est\u00e3o a palestra do Prof\u00ba. Marcelo Von Adamek, da USP, sobre a reforma do C\u00f3digo Civil e seu impacto no registro empresarial, e o curso certificado sobre a Instru\u00e7\u00e3o Normativa DREI n\u00ba 01\/2025, que aborda crit\u00e9rios para forma\u00e7\u00e3o e prote\u00e7\u00e3o do nome empresarial. Ocorrem ainda reuni\u00f5es com presidentes de Juntas Comerciais e representantes de entidades parceiras, como a Federa\u00e7\u00e3o Nacional das Juntas Comerciais (FENAJU) e o Conselho Federal de Contabilidade (CFC).<\/p>\n","protected":false},"excerpt":{"rendered":"<p>A Junta Comercial do Estado de Goi\u00e1s (Juceg), representada pelo vice-presidente Francisco Lopes e pela gerente da Secretaria da Presid\u00eancia, Ana Paula Chaves; marca presen\u00e7a no I Semin\u00e1rio Nacional de Registro Empresarial e Integra\u00e7\u00e3o (SENAREI) e I Encontro Nacional de Registro Empresarial e Integra\u00e7\u00e3o (ENAREI), realizados em Bras\u00edlia, nos dias 4 e 5 de junho. [&hellip;]<\/p>\n","protected":false},"author":374,"featured_media":15210,"comment_status":"closed","ping_status":"open","sticky":false,"template":"","format":"standard","meta":{"footnotes":""},"categories":[3],"tags":[],"class_list":["post-15209","post","type-post","status-publish","format-standard","has-post-thumbnail","hentry","category-noticias"],"rttpg_featured_image_url":{"full":["https:\/\/goias.gov.br\/juceg\/wp-content\/uploads\/sites\/42\/2025\/06\/05.06-Juceg-marca-presenca-em-I-Seminario-e-I-Encontro-Nacional-de-Registro-Empresarial-e-Integracao.jpg",1080,1350,false],"landscape":["https:\/\/goias.gov.br\/juceg\/wp-content\/uploads\/sites\/42\/2025\/06\/05.06-Juceg-marca-presenca-em-I-Seminario-e-I-Encontro-Nacional-de-Registro-Empresarial-e-Integracao.jpg",1080,1350,false],"portraits":["https:\/\/goias.gov.br\/juceg\/wp-content\/uploads\/sites\/42\/2025\/06\/05.06-Juceg-marca-presenca-em-I-Seminario-e-I-Encontro-Nacional-de-Registro-Empresarial-e-Integracao.jpg",1080,1350,false],"thumbnail":["https:\/\/goias.gov.br\/juceg\/wp-content\/uploads\/sites\/42\/2025\/06\/05.06-Juceg-marca-presenca-em-I-Seminario-e-I-Encontro-Nacional-de-Registro-Empresarial-e-Integracao-150x150.jpg",150,150,true],"medium":["https:\/\/goias.gov.br\/juceg\/wp-content\/uploads\/sites\/42\/2025\/06\/05.06-Juceg-marca-presenca-em-I-Seminario-e-I-Encontro-Nacional-de-Registro-Empresarial-e-Integracao-240x300.jpg",240,300,true],"large":["https:\/\/goias.gov.br\/juceg\/wp-content\/uploads\/sites\/42\/2025\/06\/05.06-Juceg-marca-presenca-em-I-Seminario-e-I-Encontro-Nacional-de-Registro-Empresarial-e-Integracao-819x1024.jpg",819,1024,true],"1536x1536":["https:\/\/goias.gov.br\/juceg\/wp-content\/uploads\/sites\/42\/2025\/06\/05.06-Juceg-marca-presenca-em-I-Seminario-e-I-Encontro-Nacional-de-Registro-Empresarial-e-Integracao.jpg",1080,1350,false],"2048x2048":["https:\/\/goias.gov.br\/juceg\/wp-content\/uploads\/sites\/42\/2025\/06\/05.06-Juceg-marca-presenca-em-I-Seminario-e-I-Encontro-Nacional-de-Registro-Empresarial-e-Integracao.jpg",1080,1350,false]},"rttpg_author":{"display_name":"joaoacarvalho","author_link":"https:\/\/goias.gov.br\/juceg\/author\/joaoacarvalho\/"},"rttpg_comment":0,"rttpg_category":"<a href=\"https:\/\/goias.gov.br\/juceg\/categoria\/noticias\/\" rel=\"category tag\">Not\u00edcias<\/a>","rttpg_excerpt":"A Junta Comercial do Estado de Goi\u00e1s (Juceg), representada pelo vice-presidente Francisco Lopes e pela gerente da Secretaria da Presid\u00eancia, Ana Paula Chaves; marca presen\u00e7a no I Semin\u00e1rio Nacional de Registro Empresarial e Integra\u00e7\u00e3o (SENAREI) e I Encontro Nacional de Registro Empresarial e Integra\u00e7\u00e3o (ENAREI), realizados em Bras\u00edlia, nos dias 4 e 5 de junho.&hellip;","_links":{"self":[{"href":"https:\/\/goias.gov.br\/juceg\/wp-json\/wp\/v2\/posts\/15209","targetHints":{"allow":["GET"]}}],"collection":[{"href":"https:\/\/goias.gov.br\/juceg\/wp-json\/wp\/v2\/posts"}],"about":[{"href":"https:\/\/goias.gov.br\/juceg\/wp-json\/wp\/v2\/types\/post"}],"author":[{"embeddable":true,"href":"https:\/\/goias.gov.br\/juceg\/wp-json\/wp\/v2\/users\/374"}],"replies":[{"embeddable":true,"href":"https:\/\/goias.gov.br\/juceg\/wp-json\/wp\/v2\/comments?post=15209"}],"version-history":[{"count":2,"href":"https:\/\/goias.gov.br\/juceg\/wp-json\/wp\/v2\/posts\/15209\/revisions"}],"predecessor-version":[{"id":15213,"href":"https:\/\/goias.gov.br\/juceg\/wp-json\/wp\/v2\/posts\/15209\/revisions\/15213"}],"wp:featuredmedia":[{"embeddable":true,"href":"https:\/\/goias.gov.br\/juceg\/wp-json\/wp\/v2\/media\/15210"}],"wp:attachment":[{"href":"https:\/\/goias.gov.br\/juceg\/wp-json\/wp\/v2\/media?parent=15209"}],"wp:term":[{"taxonomy":"category","embeddable":true,"href":"https:\/\/goias.gov.br\/juceg\/wp-json\/wp\/v2\/categories?post=15209"},{"taxonomy":"post_tag","embeddable":true,"href":"https:\/\/goias.gov.br\/juceg\/wp-json\/wp\/v2\/tags?post=15209"}],"curies":[{"name":"wp","href":"https:\/\/api.w.org\/{rel}","templated":true}]}}