

{"id":14774,"date":"2025-05-24T07:00:00","date_gmt":"2025-05-24T10:00:00","guid":{"rendered":"https:\/\/goias.gov.br\/juceg\/?p=14774"},"modified":"2025-05-23T16:18:18","modified_gmt":"2025-05-23T19:18:18","slug":"dia-de-nossa-senhora-auxiliadora","status":"publish","type":"post","link":"https:\/\/goias.gov.br\/juceg\/dia-de-nossa-senhora-auxiliadora\/","title":{"rendered":"Dia de Nossa Senhora Auxiliadora"},"content":{"rendered":"\n<figure class=\"wp-block-image size-large\"><img fetchpriority=\"high\" decoding=\"async\" width=\"819\" height=\"1024\" src=\"https:\/\/goias.gov.br\/juceg\/wp-content\/uploads\/sites\/42\/2025\/05\/23.05-padroeira-feed-819x1024.jpg\" alt=\"\" class=\"wp-image-14775\" srcset=\"https:\/\/goias.gov.br\/juceg\/wp-content\/uploads\/sites\/42\/2025\/05\/23.05-padroeira-feed-819x1024.jpg 819w, https:\/\/goias.gov.br\/juceg\/wp-content\/uploads\/sites\/42\/2025\/05\/23.05-padroeira-feed-240x300.jpg 240w, https:\/\/goias.gov.br\/juceg\/wp-content\/uploads\/sites\/42\/2025\/05\/23.05-padroeira-feed-768x960.jpg 768w, https:\/\/goias.gov.br\/juceg\/wp-content\/uploads\/sites\/42\/2025\/05\/23.05-padroeira-feed.jpg 1080w\" sizes=\"(max-width: 819px) 100vw, 819px\" \/><\/figure>\n\n\n\n<p>Em 5 de julho de 1942, uma imagem de Nossa Senhora Auxiliadora chegou a Goi\u00e2nia, vinda de S\u00e3o Paulo, por empr\u00e9stimo, para a missa campal do batismo inaugural da cidade. A primeira-dama do Estado \u00e0 \u00e9poca, Gercina Borges, era sua devota.<\/p>\n\n\n\n<p>A imagem cedida acabou ficando na capital goiana, onde foi constru\u00edda a Catedral Metropolitana. A imagem permanece no interior da igreja at\u00e9 os dias atuais. Anos mais tarde, a C\u00e2mara Municipal aprovou legisla\u00e7\u00e3o que concedia o t\u00edtulo de padroeira de Goi\u00e2nia \u00e0 Nossa Senhora Auxiliadora.<\/p>\n","protected":false},"excerpt":{"rendered":"<p>Em 5 de julho de 1942, uma imagem de Nossa Senhora Auxiliadora chegou a Goi\u00e2nia, vinda de S\u00e3o Paulo, por empr\u00e9stimo, para a missa campal do batismo inaugural da cidade. A primeira-dama do Estado \u00e0 \u00e9poca, Gercina Borges, era sua devota. A imagem cedida acabou ficando na capital goiana, onde foi constru\u00edda a Catedral Metropolitana. [&hellip;]<\/p>\n","protected":false},"author":374,"featured_media":14775,"comment_status":"closed","ping_status":"open","sticky":false,"template":"","format":"standard","meta":{"footnotes":""},"categories":[3],"tags":[],"class_list":["post-14774","post","type-post","status-publish","format-standard","has-post-thumbnail","hentry","category-noticias"],"rttpg_featured_image_url":{"full":["https:\/\/goias.gov.br\/juceg\/wp-content\/uploads\/sites\/42\/2025\/05\/23.05-padroeira-feed.jpg",1080,1350,false],"landscape":["https:\/\/goias.gov.br\/juceg\/wp-content\/uploads\/sites\/42\/2025\/05\/23.05-padroeira-feed.jpg",1080,1350,false],"portraits":["https:\/\/goias.gov.br\/juceg\/wp-content\/uploads\/sites\/42\/2025\/05\/23.05-padroeira-feed.jpg",1080,1350,false],"thumbnail":["https:\/\/goias.gov.br\/juceg\/wp-content\/uploads\/sites\/42\/2025\/05\/23.05-padroeira-feed-150x150.jpg",150,150,true],"medium":["https:\/\/goias.gov.br\/juceg\/wp-content\/uploads\/sites\/42\/2025\/05\/23.05-padroeira-feed-240x300.jpg",240,300,true],"large":["https:\/\/goias.gov.br\/juceg\/wp-content\/uploads\/sites\/42\/2025\/05\/23.05-padroeira-feed-819x1024.jpg",819,1024,true],"1536x1536":["https:\/\/goias.gov.br\/juceg\/wp-content\/uploads\/sites\/42\/2025\/05\/23.05-padroeira-feed.jpg",1080,1350,false],"2048x2048":["https:\/\/goias.gov.br\/juceg\/wp-content\/uploads\/sites\/42\/2025\/05\/23.05-padroeira-feed.jpg",1080,1350,false]},"rttpg_author":{"display_name":"joaoacarvalho","author_link":"https:\/\/goias.gov.br\/juceg\/author\/joaoacarvalho\/"},"rttpg_comment":0,"rttpg_category":"<a href=\"https:\/\/goias.gov.br\/juceg\/categoria\/noticias\/\" rel=\"category tag\">Not\u00edcias<\/a>","rttpg_excerpt":"Em 5 de julho de 1942, uma imagem de Nossa Senhora Auxiliadora chegou a Goi\u00e2nia, vinda de S\u00e3o Paulo, por empr\u00e9stimo, para a missa campal do batismo inaugural da cidade. A primeira-dama do Estado \u00e0 \u00e9poca, Gercina Borges, era sua devota. A imagem cedida acabou ficando na capital goiana, onde foi constru\u00edda a Catedral Metropolitana.&hellip;","_links":{"self":[{"href":"https:\/\/goias.gov.br\/juceg\/wp-json\/wp\/v2\/posts\/14774","targetHints":{"allow":["GET"]}}],"collection":[{"href":"https:\/\/goias.gov.br\/juceg\/wp-json\/wp\/v2\/posts"}],"about":[{"href":"https:\/\/goias.gov.br\/juceg\/wp-json\/wp\/v2\/types\/post"}],"author":[{"embeddable":true,"href":"https:\/\/goias.gov.br\/juceg\/wp-json\/wp\/v2\/users\/374"}],"replies":[{"embeddable":true,"href":"https:\/\/goias.gov.br\/juceg\/wp-json\/wp\/v2\/comments?post=14774"}],"version-history":[{"count":1,"href":"https:\/\/goias.gov.br\/juceg\/wp-json\/wp\/v2\/posts\/14774\/revisions"}],"predecessor-version":[{"id":14786,"href":"https:\/\/goias.gov.br\/juceg\/wp-json\/wp\/v2\/posts\/14774\/revisions\/14786"}],"wp:featuredmedia":[{"embeddable":true,"href":"https:\/\/goias.gov.br\/juceg\/wp-json\/wp\/v2\/media\/14775"}],"wp:attachment":[{"href":"https:\/\/goias.gov.br\/juceg\/wp-json\/wp\/v2\/media?parent=14774"}],"wp:term":[{"taxonomy":"category","embeddable":true,"href":"https:\/\/goias.gov.br\/juceg\/wp-json\/wp\/v2\/categories?post=14774"},{"taxonomy":"post_tag","embeddable":true,"href":"https:\/\/goias.gov.br\/juceg\/wp-json\/wp\/v2\/tags?post=14774"}],"curies":[{"name":"wp","href":"https:\/\/api.w.org\/{rel}","templated":true}]}}