

{"id":13106,"date":"2025-04-15T15:02:59","date_gmt":"2025-04-15T18:02:59","guid":{"rendered":"https:\/\/goias.gov.br\/juceg\/?p=13106"},"modified":"2025-04-15T15:02:59","modified_gmt":"2025-04-15T18:02:59","slug":"juceg-na-midia-4","status":"publish","type":"post","link":"https:\/\/goias.gov.br\/juceg\/juceg-na-midia-4\/","title":{"rendered":"Juceg na m\u00eddia!"},"content":{"rendered":"\n<figure class=\"wp-block-image size-large\"><img fetchpriority=\"high\" decoding=\"async\" width=\"819\" height=\"1024\" src=\"https:\/\/goias.gov.br\/juceg\/wp-content\/uploads\/sites\/42\/2025\/04\/15.04-Artigo-de-opiniao-cita-a-Juceg-e-o-bom-momento-da-economia-goiana-819x1024.jpg\" alt=\"\" class=\"wp-image-13105\" srcset=\"https:\/\/goias.gov.br\/juceg\/wp-content\/uploads\/sites\/42\/2025\/04\/15.04-Artigo-de-opiniao-cita-a-Juceg-e-o-bom-momento-da-economia-goiana-819x1024.jpg 819w, https:\/\/goias.gov.br\/juceg\/wp-content\/uploads\/sites\/42\/2025\/04\/15.04-Artigo-de-opiniao-cita-a-Juceg-e-o-bom-momento-da-economia-goiana-240x300.jpg 240w, https:\/\/goias.gov.br\/juceg\/wp-content\/uploads\/sites\/42\/2025\/04\/15.04-Artigo-de-opiniao-cita-a-Juceg-e-o-bom-momento-da-economia-goiana-768x960.jpg 768w, https:\/\/goias.gov.br\/juceg\/wp-content\/uploads\/sites\/42\/2025\/04\/15.04-Artigo-de-opiniao-cita-a-Juceg-e-o-bom-momento-da-economia-goiana.jpg 1080w\" sizes=\"(max-width: 819px) 100vw, 819px\" \/><\/figure>\n\n\n\n<p>A Juceg foi citada, em um artigo de opini\u00e3o, do advogado empresarial Eliseu Silveira, publicado na edi\u00e7\u00e3o de hoje do jornal O Popular.<\/p>\n\n\n\n<p>Em nome da Junta Comercial, agradecemos ao advogado pelo reconhecimento do trabalho que \u00e9 feito na Juceg.<\/p>\n","protected":false},"excerpt":{"rendered":"<p>A Juceg foi citada, em um artigo de opini\u00e3o, do advogado empresarial Eliseu Silveira, publicado na edi\u00e7\u00e3o de hoje do jornal O Popular. Em nome da Junta Comercial, agradecemos ao advogado pelo reconhecimento do trabalho que \u00e9 feito na Juceg.<\/p>\n","protected":false},"author":374,"featured_media":13105,"comment_status":"closed","ping_status":"open","sticky":false,"template":"","format":"standard","meta":{"footnotes":""},"categories":[3],"tags":[],"class_list":["post-13106","post","type-post","status-publish","format-standard","has-post-thumbnail","hentry","category-noticias"],"rttpg_featured_image_url":{"full":["https:\/\/goias.gov.br\/juceg\/wp-content\/uploads\/sites\/42\/2025\/04\/15.04-Artigo-de-opiniao-cita-a-Juceg-e-o-bom-momento-da-economia-goiana.jpg",1080,1350,false],"landscape":["https:\/\/goias.gov.br\/juceg\/wp-content\/uploads\/sites\/42\/2025\/04\/15.04-Artigo-de-opiniao-cita-a-Juceg-e-o-bom-momento-da-economia-goiana.jpg",1080,1350,false],"portraits":["https:\/\/goias.gov.br\/juceg\/wp-content\/uploads\/sites\/42\/2025\/04\/15.04-Artigo-de-opiniao-cita-a-Juceg-e-o-bom-momento-da-economia-goiana.jpg",1080,1350,false],"thumbnail":["https:\/\/goias.gov.br\/juceg\/wp-content\/uploads\/sites\/42\/2025\/04\/15.04-Artigo-de-opiniao-cita-a-Juceg-e-o-bom-momento-da-economia-goiana-150x150.jpg",150,150,true],"medium":["https:\/\/goias.gov.br\/juceg\/wp-content\/uploads\/sites\/42\/2025\/04\/15.04-Artigo-de-opiniao-cita-a-Juceg-e-o-bom-momento-da-economia-goiana-240x300.jpg",240,300,true],"large":["https:\/\/goias.gov.br\/juceg\/wp-content\/uploads\/sites\/42\/2025\/04\/15.04-Artigo-de-opiniao-cita-a-Juceg-e-o-bom-momento-da-economia-goiana-819x1024.jpg",819,1024,true],"1536x1536":["https:\/\/goias.gov.br\/juceg\/wp-content\/uploads\/sites\/42\/2025\/04\/15.04-Artigo-de-opiniao-cita-a-Juceg-e-o-bom-momento-da-economia-goiana.jpg",1080,1350,false],"2048x2048":["https:\/\/goias.gov.br\/juceg\/wp-content\/uploads\/sites\/42\/2025\/04\/15.04-Artigo-de-opiniao-cita-a-Juceg-e-o-bom-momento-da-economia-goiana.jpg",1080,1350,false]},"rttpg_author":{"display_name":"joaoacarvalho","author_link":"https:\/\/goias.gov.br\/juceg\/author\/joaoacarvalho\/"},"rttpg_comment":0,"rttpg_category":"<a href=\"https:\/\/goias.gov.br\/juceg\/categoria\/noticias\/\" rel=\"category tag\">Not\u00edcias<\/a>","rttpg_excerpt":"A Juceg foi citada, em um artigo de opini\u00e3o, do advogado empresarial Eliseu Silveira, publicado na edi\u00e7\u00e3o de hoje do jornal O Popular. Em nome da Junta Comercial, agradecemos ao advogado pelo reconhecimento do trabalho que \u00e9 feito na Juceg.","_links":{"self":[{"href":"https:\/\/goias.gov.br\/juceg\/wp-json\/wp\/v2\/posts\/13106","targetHints":{"allow":["GET"]}}],"collection":[{"href":"https:\/\/goias.gov.br\/juceg\/wp-json\/wp\/v2\/posts"}],"about":[{"href":"https:\/\/goias.gov.br\/juceg\/wp-json\/wp\/v2\/types\/post"}],"author":[{"embeddable":true,"href":"https:\/\/goias.gov.br\/juceg\/wp-json\/wp\/v2\/users\/374"}],"replies":[{"embeddable":true,"href":"https:\/\/goias.gov.br\/juceg\/wp-json\/wp\/v2\/comments?post=13106"}],"version-history":[{"count":1,"href":"https:\/\/goias.gov.br\/juceg\/wp-json\/wp\/v2\/posts\/13106\/revisions"}],"predecessor-version":[{"id":13107,"href":"https:\/\/goias.gov.br\/juceg\/wp-json\/wp\/v2\/posts\/13106\/revisions\/13107"}],"wp:featuredmedia":[{"embeddable":true,"href":"https:\/\/goias.gov.br\/juceg\/wp-json\/wp\/v2\/media\/13105"}],"wp:attachment":[{"href":"https:\/\/goias.gov.br\/juceg\/wp-json\/wp\/v2\/media?parent=13106"}],"wp:term":[{"taxonomy":"category","embeddable":true,"href":"https:\/\/goias.gov.br\/juceg\/wp-json\/wp\/v2\/categories?post=13106"},{"taxonomy":"post_tag","embeddable":true,"href":"https:\/\/goias.gov.br\/juceg\/wp-json\/wp\/v2\/tags?post=13106"}],"curies":[{"name":"wp","href":"https:\/\/api.w.org\/{rel}","templated":true}]}}