

{"id":11162,"date":"2025-03-12T16:08:37","date_gmt":"2025-03-12T19:08:37","guid":{"rendered":"https:\/\/goias.gov.br\/juceg\/?p=11162"},"modified":"2025-03-12T16:08:37","modified_gmt":"2025-03-12T19:08:37","slug":"ata-da-04a-sessao-plenaria-2025","status":"publish","type":"post","link":"https:\/\/goias.gov.br\/juceg\/ata-da-04a-sessao-plenaria-2025\/","title":{"rendered":"Ata da 04\u00aa Sess\u00e3o Plen\u00e1ria\/2025"},"content":{"rendered":"\n<p>Delibera sobre a concess\u00e3o de um prazo adicional de 30 dias para a isen\u00e7\u00e3o de taxa ao munic\u00edpio de S\u00e3o Lu\u00eds de Montes Belos.<\/p>\n\n\n\n<p>Veja abaixo:<\/p>\n\n\n\n<figure class=\"wp-block-image\"><a href=\"https:\/\/goias.gov.br\/juceg\/wp-content\/uploads\/sites\/42\/2025\/03\/SEI_71745623_Ata_004__1_.pdf\"><img decoding=\"async\" width=\"48\" height=\"48\" src=\"https:\/\/goias.gov.br\/juceg\/wp-content\/uploads\/sites\/42\/2024\/12\/pdf-1-ea2.png\" alt=\"\" class=\"wp-image-8389\"\/><\/a><\/figure>\n\n\n\n<p><\/p>\n","protected":false},"excerpt":{"rendered":"<p>Delibera sobre a concess\u00e3o de um prazo adicional de 30 dias para a isen\u00e7\u00e3o de taxa ao munic\u00edpio de S\u00e3o Lu\u00eds de Montes Belos. Veja abaixo:<\/p>\n","protected":false},"author":395,"featured_media":0,"comment_status":"closed","ping_status":"open","sticky":false,"template":"","format":"standard","meta":{"footnotes":""},"categories":[12],"tags":[],"class_list":["post-11162","post","type-post","status-publish","format-standard","hentry","category-resolucoes"],"rttpg_featured_image_url":null,"rttpg_author":{"display_name":"susanealmeida","author_link":"https:\/\/goias.gov.br\/juceg\/author\/susanealmeida\/"},"rttpg_comment":0,"rttpg_category":"<a href=\"https:\/\/goias.gov.br\/juceg\/categoria\/resolucoes\/\" rel=\"category tag\">Resolu\u00e7\u00f5es<\/a>","rttpg_excerpt":"Delibera sobre a concess\u00e3o de um prazo adicional de 30 dias para a isen\u00e7\u00e3o de taxa ao munic\u00edpio de S\u00e3o Lu\u00eds de Montes Belos. Veja abaixo:","_links":{"self":[{"href":"https:\/\/goias.gov.br\/juceg\/wp-json\/wp\/v2\/posts\/11162","targetHints":{"allow":["GET"]}}],"collection":[{"href":"https:\/\/goias.gov.br\/juceg\/wp-json\/wp\/v2\/posts"}],"about":[{"href":"https:\/\/goias.gov.br\/juceg\/wp-json\/wp\/v2\/types\/post"}],"author":[{"embeddable":true,"href":"https:\/\/goias.gov.br\/juceg\/wp-json\/wp\/v2\/users\/395"}],"replies":[{"embeddable":true,"href":"https:\/\/goias.gov.br\/juceg\/wp-json\/wp\/v2\/comments?post=11162"}],"version-history":[{"count":1,"href":"https:\/\/goias.gov.br\/juceg\/wp-json\/wp\/v2\/posts\/11162\/revisions"}],"predecessor-version":[{"id":11218,"href":"https:\/\/goias.gov.br\/juceg\/wp-json\/wp\/v2\/posts\/11162\/revisions\/11218"}],"wp:attachment":[{"href":"https:\/\/goias.gov.br\/juceg\/wp-json\/wp\/v2\/media?parent=11162"}],"wp:term":[{"taxonomy":"category","embeddable":true,"href":"https:\/\/goias.gov.br\/juceg\/wp-json\/wp\/v2\/categories?post=11162"},{"taxonomy":"post_tag","embeddable":true,"href":"https:\/\/goias.gov.br\/juceg\/wp-json\/wp\/v2\/tags?post=11162"}],"curies":[{"name":"wp","href":"https:\/\/api.w.org\/{rel}","templated":true}]}}